{"id":44008,"date":"2024-03-04T16:36:49","date_gmt":"2024-03-04T16:36:49","guid":{"rendered":"https:\/\/www.septinoticias.com.mx\/?p=44008"},"modified":"2024-03-04T17:37:19","modified_gmt":"2024-03-04T17:37:19","slug":"hoy-lunes-claudia-sheinbaum-visita-tula-de-allende-hidalgo","status":"publish","type":"post","link":"https:\/\/www.septinoticias.com.mx\/?p=44008","title":{"rendered":"Hoy Lunes, Claudia Sheinbaum Visita Tula de Allende, Hidalgo"},"content":{"rendered":"\t\t<div data-elementor-type=\"wp-post\" data-elementor-id=\"44008\" class=\"elementor elementor-44008\">\n\t\t\t\t\t\t\t\t\t<section class=\"elementor-section elementor-top-section elementor-element elementor-element-20bbcd3b elementor-section-boxed elementor-section-height-default elementor-section-height-default\" data-id=\"20bbcd3b\" data-element_type=\"section\">\n\t\t\t\t\t\t<div class=\"elementor-container elementor-column-gap-default\">\n\t\t\t\t\t<div class=\"elementor-column elementor-col-100 elementor-top-column elementor-element elementor-element-33be02ef\" data-id=\"33be02ef\" data-element_type=\"column\">\n\t\t\t<div class=\"elementor-widget-wrap elementor-element-populated\">\n\t\t\t\t\t\t\t\t<div class=\"elementor-element elementor-element-6c4a91f9 elementor-widget elementor-widget-text-editor\" data-id=\"6c4a91f9\" data-element_type=\"widget\" data-widget_type=\"text-editor.default\">\n\t\t\t\t<div class=\"elementor-widget-container\">\n\t\t\t<style>\/*! elementor - v3.10.1 - 17-01-2023 *\/\n.elementor-widget-text-editor.elementor-drop-cap-view-stacked .elementor-drop-cap{background-color:#818a91;color:#fff}.elementor-widget-text-editor.elementor-drop-cap-view-framed .elementor-drop-cap{color:#818a91;border:3px solid;background-color:transparent}.elementor-widget-text-editor:not(.elementor-drop-cap-view-default) .elementor-drop-cap{margin-top:8px}.elementor-widget-text-editor:not(.elementor-drop-cap-view-default) .elementor-drop-cap-letter{width:1em;height:1em}.elementor-widget-text-editor .elementor-drop-cap{float:left;text-align:center;line-height:1;font-size:50px}.elementor-widget-text-editor .elementor-drop-cap-letter{display:inline-block}<\/style>\t\t\t\t<p><strong>Pachuca, Hgo., 3 de marzo 2024.- <\/strong>La candidata presidencial de la coalici\u00f3n \u201cSigamos Haciendo Historia\u201d, Claudia Sheinbaum Pardo, ha confirmado su pr\u00f3xima visita a Tula de Allende, Hidalgo, al inicio de esta semana.<\/p><p>El evento est\u00e1 programado para este lunes 4 de marzo alrededor de las 16:00 horas, cuando la representante de Morena se congregar\u00e1 en la explanada frente a la presidencia municipal de Tula de Allende, para llevar a cabo un encuentro masivo con la comunidad.<\/p><p>Durante su estancia en Hidalgo, Sheinbaum compartir\u00e1 con los ciudadanos su visi\u00f3n y estrategia de gobierno. Se espera que aborde temas relevantes para el estado, como el proyecto del Tren Interurbano AIFA-Pachuca, la seguridad en la Zona Metropolitana y los programas sociales, entre otros aspectos de inter\u00e9s local.<\/p><p>Los seguidores de Morena en la regi\u00f3n tendr\u00e1n la oportunidad de conocer de primera mano las propuestas de la candidata presidencial, enfocadas en dar continuidad a la \u2018Transformaci\u00f3n\u2019 iniciada en el pa\u00eds.<\/p><p>Cabe destacar que esta visita marcar\u00e1 la sexta ocasi\u00f3n en la que Claudia Sheinbaum se acerca a Hidalgo, luego de las cinco visitas previas realizadas como precandidata, durante las cuales se reuni\u00f3 con la estructura de Morena en el estado.<\/p><p>as\u00ed como de combatir cualquier forma de discriminaci\u00f3n, racismo y clasismo, en caso de alcanzar la presidencia del pa\u00eds.<\/p>\t\t\t\t\t\t<\/div>\n\t\t\t\t<\/div>\n\t\t\t\t\t<\/div>\n\t\t<\/div>\n\t\t\t\t\t\t\t<\/div>\n\t\t<\/section>\n\t\t\t\t\t\t\t<\/div>\n\t\t","protected":false},"excerpt":{"rendered":"<p>Pachuca, Hgo., 3 de marzo 2024.- La candidata presidencial de la coalici\u00f3n \u201cSigamos Haciendo Historia\u201d, Claudia Sheinbaum Pardo, ha confirmado su pr\u00f3xima visita a Tula de Allende, Hidalgo, al inicio de esta semana. El evento est\u00e1 programado para este lunes 4 de marzo alrededor de las 16:00 horas, cuando la representante de Morena se congregar\u00e1 [&hellip;]<\/p>\n","protected":false},"author":1,"featured_media":44014,"comment_status":"closed","ping_status":"open","sticky":false,"template":"","format":"standard","meta":[],"categories":[9],"tags":[],"_links":{"self":[{"href":"https:\/\/www.septinoticias.com.mx\/index.php?rest_route=\/wp\/v2\/posts\/44008"}],"collection":[{"href":"https:\/\/www.septinoticias.com.mx\/index.php?rest_route=\/wp\/v2\/posts"}],"about":[{"href":"https:\/\/www.septinoticias.com.mx\/index.php?rest_route=\/wp\/v2\/types\/post"}],"author":[{"embeddable":true,"href":"https:\/\/www.septinoticias.com.mx\/index.php?rest_route=\/wp\/v2\/users\/1"}],"replies":[{"embeddable":true,"href":"https:\/\/www.septinoticias.com.mx\/index.php?rest_route=%2Fwp%2Fv2%2Fcomments&post=44008"}],"version-history":[{"count":10,"href":"https:\/\/www.septinoticias.com.mx\/index.php?rest_route=\/wp\/v2\/posts\/44008\/revisions"}],"predecessor-version":[{"id":44021,"href":"https:\/\/www.septinoticias.com.mx\/index.php?rest_route=\/wp\/v2\/posts\/44008\/revisions\/44021"}],"wp:featuredmedia":[{"embeddable":true,"href":"https:\/\/www.septinoticias.com.mx\/index.php?rest_route=\/wp\/v2\/media\/44014"}],"wp:attachment":[{"href":"https:\/\/www.septinoticias.com.mx\/index.php?rest_route=%2Fwp%2Fv2%2Fmedia&parent=44008"}],"wp:term":[{"taxonomy":"category","embeddable":true,"href":"https:\/\/www.septinoticias.com.mx\/index.php?rest_route=%2Fwp%2Fv2%2Fcategories&post=44008"},{"taxonomy":"post_tag","embeddable":true,"href":"https:\/\/www.septinoticias.com.mx\/index.php?rest_route=%2Fwp%2Fv2%2Ftags&post=44008"}],"curies":[{"name":"wp","href":"https:\/\/api.w.org\/{rel}","templated":true}]}}