{"id":43974,"date":"2024-03-04T16:24:41","date_gmt":"2024-03-04T16:24:41","guid":{"rendered":"https:\/\/www.septinoticias.com.mx\/?p=43974"},"modified":"2024-03-04T16:29:34","modified_gmt":"2024-03-04T16:29:34","slug":"ihe-firma-convenio-de-colaboracion-con-la-organizacion-de-estados-iberoamericanos-para-la-educacion-la-ciencia-y-la-cultura-oei","status":"publish","type":"post","link":"https:\/\/www.septinoticias.com.mx\/?p=43974","title":{"rendered":"IHE firma convenio de colaboraci\u00f3n con la Organizaci\u00f3n de Estados Iberoamericanos para la Educaci\u00f3n, la Ciencia y la Cultura (OEI)"},"content":{"rendered":"\t\t<div data-elementor-type=\"wp-post\" data-elementor-id=\"43974\" class=\"elementor elementor-43974\">\n\t\t\t\t\t\t\t\t\t<section class=\"elementor-section elementor-top-section elementor-element elementor-element-20bbcd3b elementor-section-boxed elementor-section-height-default elementor-section-height-default\" data-id=\"20bbcd3b\" data-element_type=\"section\">\n\t\t\t\t\t\t<div class=\"elementor-container elementor-column-gap-default\">\n\t\t\t\t\t<div class=\"elementor-column elementor-col-100 elementor-top-column elementor-element elementor-element-33be02ef\" data-id=\"33be02ef\" data-element_type=\"column\">\n\t\t\t<div class=\"elementor-widget-wrap elementor-element-populated\">\n\t\t\t\t\t\t\t\t<div class=\"elementor-element elementor-element-6c4a91f9 elementor-widget elementor-widget-text-editor\" data-id=\"6c4a91f9\" data-element_type=\"widget\" data-widget_type=\"text-editor.default\">\n\t\t\t\t<div class=\"elementor-widget-container\">\n\t\t\t<style>\/*! elementor - v3.10.1 - 17-01-2023 *\/\n.elementor-widget-text-editor.elementor-drop-cap-view-stacked .elementor-drop-cap{background-color:#818a91;color:#fff}.elementor-widget-text-editor.elementor-drop-cap-view-framed .elementor-drop-cap{color:#818a91;border:3px solid;background-color:transparent}.elementor-widget-text-editor:not(.elementor-drop-cap-view-default) .elementor-drop-cap{margin-top:8px}.elementor-widget-text-editor:not(.elementor-drop-cap-view-default) .elementor-drop-cap-letter{width:1em;height:1em}.elementor-widget-text-editor .elementor-drop-cap{float:left;text-align:center;line-height:1;font-size:50px}.elementor-widget-text-editor .elementor-drop-cap-letter{display:inline-block}<\/style>\t\t\t\t<p><strong>Pachuca, Hgo., 3 de marzo de 2024.-<\/strong>El Instituto Hidalguense de Educaci\u00f3n (IHE) firm\u00f3 un conveni<strong>o<\/strong> de colaboraci\u00f3n con la Organizaci\u00f3n de Estados Iberoamericanos para la Educaci\u00f3n, la Ciencia y la Cultura (OEI) con el objetivo de realizar acciones concretas para la mejora continua de la educaci\u00f3n socioemocional, adem\u00e1s de acordar el dise\u00f1o y desarrollo de una formaci\u00f3n en l\u00ednea dirigida a la comunidad educativa de Hidalgo en materia de metodolog\u00eda-aprendizaje.<\/p><p>En su mensaje, el titular de la Secretar\u00eda de Educaci\u00f3n P\u00fablica de Hidalgo (SEPH) indic\u00f3 que, a partir de la sinergia entre las instituciones como la OEI y la Comisi\u00f3n Nacional para la Mejora Continua de la Educaci\u00f3n (Mejoredu), se han plasmado objetivos y l\u00edneas de acci\u00f3n en los planes y programas de desarrollo y educaci\u00f3n, que no s\u00f3lo diagnostican las problem\u00e1ticas que enfrentan las y los estudiantes, sino que act\u00faan para resolver de manera favorable, progresiva y sostenible la situaci\u00f3n que enfrenta, en lo particular, cada una de las regiones del estado.<\/p><p>La representante permanente de la OEI en M\u00e9xico declar\u00f3 que la SEPH es una gran aliada con la que se comparte el sentido humanista y la prioridad que ha otorgado a la educaci\u00f3n socioemocional, al concebirla como el motor de cambio social y as\u00ed tambi\u00e9n a la comunidad educativa como agentes embajadores de la convivencia pac\u00edfica, la inclusi\u00f3n y el respeto de los derechos humanos y de la dignidad.<\/p><p>El Comisionado de la Junta Directiva de Mejoredu agreg\u00f3 que la tarea fundamental del sector educativo es que profesoras y profesores puedan tener herramientas para identificar los problemas socioemocionales en sus centros de trabajo.<\/p><p>Posteriormente, los presentes escucharon la conferencia \u201cEducaci\u00f3n Socioemocional aprendizaje desde una mirada sistem\u00e1tica\u201d, dictada por Emiliana Rodr\u00edguez Morales, Co-fundadora y directora de contenido de Made for Joy XR, Chair of M\u00e9xico para Global Dignity.<\/p>\t\t\t\t\t\t<\/div>\n\t\t\t\t<\/div>\n\t\t\t\t\t<\/div>\n\t\t<\/div>\n\t\t\t\t\t\t\t<\/div>\n\t\t<\/section>\n\t\t\t\t\t\t\t<\/div>\n\t\t","protected":false},"excerpt":{"rendered":"<p>Pachuca, Hgo., 3 de marzo de 2024.-El Instituto Hidalguense de Educaci\u00f3n (IHE) firm\u00f3 un convenio de colaboraci\u00f3n con la Organizaci\u00f3n de Estados Iberoamericanos para la Educaci\u00f3n, la Ciencia y la Cultura (OEI) con el objetivo de realizar acciones concretas para la mejora continua de la educaci\u00f3n socioemocional, adem\u00e1s de acordar el dise\u00f1o y desarrollo de [&hellip;]<\/p>\n","protected":false},"author":1,"featured_media":43976,"comment_status":"closed","ping_status":"open","sticky":false,"template":"","format":"standard","meta":[],"categories":[4],"tags":[],"_links":{"self":[{"href":"https:\/\/www.septinoticias.com.mx\/index.php?rest_route=\/wp\/v2\/posts\/43974"}],"collection":[{"href":"https:\/\/www.septinoticias.com.mx\/index.php?rest_route=\/wp\/v2\/posts"}],"about":[{"href":"https:\/\/www.septinoticias.com.mx\/index.php?rest_route=\/wp\/v2\/types\/post"}],"author":[{"embeddable":true,"href":"https:\/\/www.septinoticias.com.mx\/index.php?rest_route=\/wp\/v2\/users\/1"}],"replies":[{"embeddable":true,"href":"https:\/\/www.septinoticias.com.mx\/index.php?rest_route=%2Fwp%2Fv2%2Fcomments&post=43974"}],"version-history":[{"count":7,"href":"https:\/\/www.septinoticias.com.mx\/index.php?rest_route=\/wp\/v2\/posts\/43974\/revisions"}],"predecessor-version":[{"id":43982,"href":"https:\/\/www.septinoticias.com.mx\/index.php?rest_route=\/wp\/v2\/posts\/43974\/revisions\/43982"}],"wp:featuredmedia":[{"embeddable":true,"href":"https:\/\/www.septinoticias.com.mx\/index.php?rest_route=\/wp\/v2\/media\/43976"}],"wp:attachment":[{"href":"https:\/\/www.septinoticias.com.mx\/index.php?rest_route=%2Fwp%2Fv2%2Fmedia&parent=43974"}],"wp:term":[{"taxonomy":"category","embeddable":true,"href":"https:\/\/www.septinoticias.com.mx\/index.php?rest_route=%2Fwp%2Fv2%2Fcategories&post=43974"},{"taxonomy":"post_tag","embeddable":true,"href":"https:\/\/www.septinoticias.com.mx\/index.php?rest_route=%2Fwp%2Fv2%2Ftags&post=43974"}],"curies":[{"name":"wp","href":"https:\/\/api.w.org\/{rel}","templated":true}]}}