{"id":43957,"date":"2024-03-03T19:04:21","date_gmt":"2024-03-03T19:04:21","guid":{"rendered":"https:\/\/www.septinoticias.com.mx\/?p=43957"},"modified":"2024-03-03T19:06:41","modified_gmt":"2024-03-03T19:06:41","slug":"inicia-en-pachuca-el-primer-foro-nacional-de-la-situacion-economica-y-laboral-de-las-personas-con-discapacidad","status":"publish","type":"post","link":"https:\/\/www.septinoticias.com.mx\/?p=43957","title":{"rendered":"Inicia en Pachuca el Primer Foro Nacional de la Situaci\u00f3n Econ\u00f3mica y Laboral de las Personas con Discapacidad"},"content":{"rendered":"\t\t<div data-elementor-type=\"wp-post\" data-elementor-id=\"43957\" class=\"elementor elementor-43957\">\n\t\t\t\t\t\t\t\t\t<section class=\"elementor-section elementor-top-section elementor-element elementor-element-20bbcd3b elementor-section-boxed elementor-section-height-default elementor-section-height-default\" data-id=\"20bbcd3b\" data-element_type=\"section\">\n\t\t\t\t\t\t<div class=\"elementor-container elementor-column-gap-default\">\n\t\t\t\t\t<div class=\"elementor-column elementor-col-100 elementor-top-column elementor-element elementor-element-33be02ef\" data-id=\"33be02ef\" data-element_type=\"column\">\n\t\t\t<div class=\"elementor-widget-wrap elementor-element-populated\">\n\t\t\t\t\t\t\t\t<div class=\"elementor-element elementor-element-6c4a91f9 elementor-widget elementor-widget-text-editor\" data-id=\"6c4a91f9\" data-element_type=\"widget\" data-widget_type=\"text-editor.default\">\n\t\t\t\t<div class=\"elementor-widget-container\">\n\t\t\t<style>\/*! elementor - v3.10.1 - 17-01-2023 *\/\n.elementor-widget-text-editor.elementor-drop-cap-view-stacked .elementor-drop-cap{background-color:#818a91;color:#fff}.elementor-widget-text-editor.elementor-drop-cap-view-framed .elementor-drop-cap{color:#818a91;border:3px solid;background-color:transparent}.elementor-widget-text-editor:not(.elementor-drop-cap-view-default) .elementor-drop-cap{margin-top:8px}.elementor-widget-text-editor:not(.elementor-drop-cap-view-default) .elementor-drop-cap-letter{width:1em;height:1em}.elementor-widget-text-editor .elementor-drop-cap{float:left;text-align:center;line-height:1;font-size:50px}.elementor-widget-text-editor .elementor-drop-cap-letter{display:inline-block}<\/style>\t\t\t\t<p><strong>*El inter\u00e9s deriva del hecho de que el 53 por ciento de personas discapacitadas son mujeres, lo que representa a 2.5 millones de mexicanas, por lo que debe tenerse la empat\u00eda y la decisi\u00f3n pol\u00edtica para atenderlas: S\u00e1nchez Cordero<\/strong><\/p><p><strong>Pachuca, Hgo., 2 de marzo 2023.-<\/strong> Por encargo especial de la candidata a la presidencia de la Rep\u00fablica por el partido Morena, Claudia Sheinbaum, buscare dialogar con las mujeres, la sociedad, para planear y determinar los recursos para la pol\u00edtica p\u00fablica ellos con a diversos grupos, entre discapacidad, se\u00f1alo la senadora Olga S\u00e1nchez Cordero al arrancar en Pachuca el Primer Foro Nacional de la Situaci\u00f3n Econ\u00f3mica y Laboral de las Personas con Discapacidad<\/p><p>S\u00e1nchez Cordero explic\u00f3 que la finalidad de estos di\u00e1logos y propuestas es incluir a diversos grupos, entre ellos los de discapacidad en el Plan de Desarrollo Nacional 2024-2030.<\/p><p>Al respecto el inter\u00e9s deriva del hecho de que el 53 por ciento de personas discapacitadas son mujeres, lo que representa a 2.5 millones de mexicanas, por lo que debe tenerse la empat\u00eda y la decisi\u00f3n pol\u00edtica para atenderlas.<\/p><p>Destaco, adem\u00e1s, que \u201cLo m\u00e1s importante es escucharlas, pero tambi\u00e9n decirles que hay pol\u00edticas que hacen la diferencia con un trabajo digno y remunerado\u201d.<\/p><p>Para ello- dijo &#8211; debe ser prioritario para las empresas la contrataci\u00f3n de este sector de poblaci\u00f3n, \u201cuno de los temas m\u00e1s dif\u00edciles en el pa\u00eds y que a\u00fan est\u00e1 arraigado es la discriminaci\u00f3n de todo, razas, religi\u00f3n, g\u00e9nero, personas de la diversidad sexual, pueblos ind\u00edgenas, mujeres ind\u00edgenas, lo que debe resolverse a trav\u00e9s del di\u00e1logo para dar oportunidades a todos\u201d.<\/p><p>Por \u00faltimo, dijo que deben ejercerse los derechos a plenitud porque es uno de los grandes temas por lo que asegur\u00f3 que Claudia Sheinbaum ha roto cualquier tipo de paradigmas y discriminaci\u00f3n para llegar donde est\u00e1.<\/p>\t\t\t\t\t\t<\/div>\n\t\t\t\t<\/div>\n\t\t\t\t\t<\/div>\n\t\t<\/div>\n\t\t\t\t\t\t\t<\/div>\n\t\t<\/section>\n\t\t\t\t\t\t\t<\/div>\n\t\t","protected":false},"excerpt":{"rendered":"<p>*El inter\u00e9s deriva del hecho de que el 53 por ciento de personas discapacitadas son mujeres, lo que representa a 2.5 millones de mexicanas, por lo que debe tenerse la empat\u00eda y la decisi\u00f3n pol\u00edtica para atenderlas: S\u00e1nchez Cordero Pachuca, Hgo., 2 de marzo 2023.- Por encargo especial de la candidata a la presidencia de [&hellip;]<\/p>\n","protected":false},"author":1,"featured_media":43959,"comment_status":"closed","ping_status":"open","sticky":false,"template":"","format":"standard","meta":[],"categories":[9],"tags":[],"_links":{"self":[{"href":"https:\/\/www.septinoticias.com.mx\/index.php?rest_route=\/wp\/v2\/posts\/43957"}],"collection":[{"href":"https:\/\/www.septinoticias.com.mx\/index.php?rest_route=\/wp\/v2\/posts"}],"about":[{"href":"https:\/\/www.septinoticias.com.mx\/index.php?rest_route=\/wp\/v2\/types\/post"}],"author":[{"embeddable":true,"href":"https:\/\/www.septinoticias.com.mx\/index.php?rest_route=\/wp\/v2\/users\/1"}],"replies":[{"embeddable":true,"href":"https:\/\/www.septinoticias.com.mx\/index.php?rest_route=%2Fwp%2Fv2%2Fcomments&post=43957"}],"version-history":[{"count":4,"href":"https:\/\/www.septinoticias.com.mx\/index.php?rest_route=\/wp\/v2\/posts\/43957\/revisions"}],"predecessor-version":[{"id":43962,"href":"https:\/\/www.septinoticias.com.mx\/index.php?rest_route=\/wp\/v2\/posts\/43957\/revisions\/43962"}],"wp:featuredmedia":[{"embeddable":true,"href":"https:\/\/www.septinoticias.com.mx\/index.php?rest_route=\/wp\/v2\/media\/43959"}],"wp:attachment":[{"href":"https:\/\/www.septinoticias.com.mx\/index.php?rest_route=%2Fwp%2Fv2%2Fmedia&parent=43957"}],"wp:term":[{"taxonomy":"category","embeddable":true,"href":"https:\/\/www.septinoticias.com.mx\/index.php?rest_route=%2Fwp%2Fv2%2Fcategories&post=43957"},{"taxonomy":"post_tag","embeddable":true,"href":"https:\/\/www.septinoticias.com.mx\/index.php?rest_route=%2Fwp%2Fv2%2Ftags&post=43957"}],"curies":[{"name":"wp","href":"https:\/\/api.w.org\/{rel}","templated":true}]}}