{"id":43951,"date":"2024-03-03T19:03:08","date_gmt":"2024-03-03T19:03:08","guid":{"rendered":"https:\/\/www.septinoticias.com.mx\/?p=43951"},"modified":"2024-03-03T19:04:17","modified_gmt":"2024-03-03T19:04:17","slug":"celebraran-parrilla-fest-2024-este-fin-de-semana-en-mineral-de-la-reform","status":"publish","type":"post","link":"https:\/\/www.septinoticias.com.mx\/?p=43951","title":{"rendered":"Celebrar\u00e1n Parrilla Fest 2024 este fin de semana, en Mineral de la Reform"},"content":{"rendered":"\t\t<div data-elementor-type=\"wp-post\" data-elementor-id=\"43951\" class=\"elementor elementor-43951\">\n\t\t\t\t\t\t\t\t\t<section class=\"elementor-section elementor-top-section elementor-element elementor-element-20bbcd3b elementor-section-boxed elementor-section-height-default elementor-section-height-default\" data-id=\"20bbcd3b\" data-element_type=\"section\">\n\t\t\t\t\t\t<div class=\"elementor-container elementor-column-gap-default\">\n\t\t\t\t\t<div class=\"elementor-column elementor-col-100 elementor-top-column elementor-element elementor-element-33be02ef\" data-id=\"33be02ef\" data-element_type=\"column\">\n\t\t\t<div class=\"elementor-widget-wrap elementor-element-populated\">\n\t\t\t\t\t\t\t\t<div class=\"elementor-element elementor-element-6c4a91f9 elementor-widget elementor-widget-text-editor\" data-id=\"6c4a91f9\" data-element_type=\"widget\" data-widget_type=\"text-editor.default\">\n\t\t\t\t<div class=\"elementor-widget-container\">\n\t\t\t<style>\/*! elementor - v3.10.1 - 17-01-2023 *\/\n.elementor-widget-text-editor.elementor-drop-cap-view-stacked .elementor-drop-cap{background-color:#818a91;color:#fff}.elementor-widget-text-editor.elementor-drop-cap-view-framed .elementor-drop-cap{color:#818a91;border:3px solid;background-color:transparent}.elementor-widget-text-editor:not(.elementor-drop-cap-view-default) .elementor-drop-cap{margin-top:8px}.elementor-widget-text-editor:not(.elementor-drop-cap-view-default) .elementor-drop-cap-letter{width:1em;height:1em}.elementor-widget-text-editor .elementor-drop-cap{float:left;text-align:center;line-height:1;font-size:50px}.elementor-widget-text-editor .elementor-drop-cap-letter{display:inline-block}<\/style>\t\t\t\t<p><strong>-Se espera una afluencia de 7 mil personas Participar\u00e1n 12 parrilleros hidalguenses\u00a0 <\/strong><\/p><p><strong>Mineral de la Reforma, Hgo., 2 de marzo de 2024.-<\/strong>La XV edici\u00f3n del Parrilla Fest 2024 se realizar\u00e1 los d\u00edas 2 y 3 de marzo en la Plaza de la Justicia de Mineral de la Reforma, a partir de las 10:00 de la ma\u00f1ana y hasta las 22:00 horas.<\/p><p>Los organizadores del evento, Gabriel Perales y Gustavo Galicia, informaron que los visitantes se podr\u00e1n deleitar con las especialidades de 12 talentosos parrilleros hidalguenses y disfrutar el colorido del Pabell\u00f3n Artesanal con expositores del estado de Oaxaca.<\/p><p>Explicaron que el evento se realizar\u00e1 en un ambiente familiar, pues habr\u00e1 diversas actividades culturales y recreativas, como zona infantil, concursos, toro mec\u00e1nico, expositores de gastronom\u00eda, productos y servicios hidalguenses, espect\u00e1culos con banda de rock, artista vers\u00e1til y el Norte\u00f1o Banda Reyes de Hidalgo, exposici\u00f3n de cerveza artesanal, rodada nocturna con Aventureros Pachuca MC, entre otras sorpresas.<\/p><p>Perales detall\u00f3 que quienes acudan podr\u00e1n encontrar especialidades, entre las que destacan t\u00e9cnicas hidalguenses ancestrales de asado, agua chile de pica\u00f1a, trompo de pastor negro de jabal\u00ed, de \u201cTacon Madre\u201d, establecimiento que gan\u00f3 la semana pasada el premio a la mejor taquer\u00eda en la Ciudad de M\u00e9xico; adem\u00e1s, estar\u00e1 presente la Granja Lomas, con sus cortes finos de cordero.<\/p><p>En su intervenci\u00f3n, Galicia precis\u00f3 que estos eventos incentivan la derrama econ\u00f3mica para el municipio e incluso para la regi\u00f3n, \u201cpues se prev\u00e9 que la afluencia supere las 7 mil personas que tuvimos el a\u00f1o pasado\u201d.<\/p><p>Finalmente, los organizadores de Parrilla Fest 2024 expresaron que \u201cse trata de una red de comercio local que est\u00e1 trabajando por enriquecer la econom\u00eda circular del estado de Hidalgo\u201d, por lo que invitaron a disfrutar de las delicias culinarias que ofrecer\u00e1n.<\/p>\t\t\t\t\t\t<\/div>\n\t\t\t\t<\/div>\n\t\t\t\t\t<\/div>\n\t\t<\/div>\n\t\t\t\t\t\t\t<\/div>\n\t\t<\/section>\n\t\t\t\t\t\t\t<\/div>\n\t\t","protected":false},"excerpt":{"rendered":"<p>-Se espera una afluencia de 7 mil personas Participar\u00e1n 12 parrilleros hidalguenses\u00a0 Mineral de la Reforma, Hgo., 2 de marzo de 2024.-La XV edici\u00f3n del Parrilla Fest 2024 se realizar\u00e1 los d\u00edas 2 y 3 de marzo en la Plaza de la Justicia de Mineral de la Reforma, a partir de las 10:00 de la [&hellip;]<\/p>\n","protected":false},"author":1,"featured_media":43953,"comment_status":"closed","ping_status":"open","sticky":false,"template":"","format":"standard","meta":[],"categories":[9],"tags":[],"_links":{"self":[{"href":"https:\/\/www.septinoticias.com.mx\/index.php?rest_route=\/wp\/v2\/posts\/43951"}],"collection":[{"href":"https:\/\/www.septinoticias.com.mx\/index.php?rest_route=\/wp\/v2\/posts"}],"about":[{"href":"https:\/\/www.septinoticias.com.mx\/index.php?rest_route=\/wp\/v2\/types\/post"}],"author":[{"embeddable":true,"href":"https:\/\/www.septinoticias.com.mx\/index.php?rest_route=\/wp\/v2\/users\/1"}],"replies":[{"embeddable":true,"href":"https:\/\/www.septinoticias.com.mx\/index.php?rest_route=%2Fwp%2Fv2%2Fcomments&post=43951"}],"version-history":[{"count":4,"href":"https:\/\/www.septinoticias.com.mx\/index.php?rest_route=\/wp\/v2\/posts\/43951\/revisions"}],"predecessor-version":[{"id":43956,"href":"https:\/\/www.septinoticias.com.mx\/index.php?rest_route=\/wp\/v2\/posts\/43951\/revisions\/43956"}],"wp:featuredmedia":[{"embeddable":true,"href":"https:\/\/www.septinoticias.com.mx\/index.php?rest_route=\/wp\/v2\/media\/43953"}],"wp:attachment":[{"href":"https:\/\/www.septinoticias.com.mx\/index.php?rest_route=%2Fwp%2Fv2%2Fmedia&parent=43951"}],"wp:term":[{"taxonomy":"category","embeddable":true,"href":"https:\/\/www.septinoticias.com.mx\/index.php?rest_route=%2Fwp%2Fv2%2Fcategories&post=43951"},{"taxonomy":"post_tag","embeddable":true,"href":"https:\/\/www.septinoticias.com.mx\/index.php?rest_route=%2Fwp%2Fv2%2Ftags&post=43951"}],"curies":[{"name":"wp","href":"https:\/\/api.w.org\/{rel}","templated":true}]}}