{"id":43945,"date":"2024-03-03T19:00:00","date_gmt":"2024-03-03T19:00:00","guid":{"rendered":"https:\/\/www.septinoticias.com.mx\/?p=43945"},"modified":"2024-03-03T19:03:01","modified_gmt":"2024-03-03T19:03:01","slug":"presenta-claudia-sheinbaum-compromisos-para-ciudad-juarez-ante-empresarios-de-chihuahua","status":"publish","type":"post","link":"https:\/\/www.septinoticias.com.mx\/?p=43945","title":{"rendered":"Presenta Claudia Sheinbaum Compromisos para Ciudad Ju\u00e1rez ante Empresarios de Chihuahua"},"content":{"rendered":"\t\t<div data-elementor-type=\"wp-post\" data-elementor-id=\"43945\" class=\"elementor elementor-43945\">\n\t\t\t\t\t\t\t\t\t<section class=\"elementor-section elementor-top-section elementor-element elementor-element-20bbcd3b elementor-section-boxed elementor-section-height-default elementor-section-height-default\" data-id=\"20bbcd3b\" data-element_type=\"section\">\n\t\t\t\t\t\t<div class=\"elementor-container elementor-column-gap-default\">\n\t\t\t\t\t<div class=\"elementor-column elementor-col-100 elementor-top-column elementor-element elementor-element-33be02ef\" data-id=\"33be02ef\" data-element_type=\"column\">\n\t\t\t<div class=\"elementor-widget-wrap elementor-element-populated\">\n\t\t\t\t\t\t\t\t<div class=\"elementor-element elementor-element-6c4a91f9 elementor-widget elementor-widget-text-editor\" data-id=\"6c4a91f9\" data-element_type=\"widget\" data-widget_type=\"text-editor.default\">\n\t\t\t\t<div class=\"elementor-widget-container\">\n\t\t\t<style>\/*! elementor - v3.10.1 - 17-01-2023 *\/\n.elementor-widget-text-editor.elementor-drop-cap-view-stacked .elementor-drop-cap{background-color:#818a91;color:#fff}.elementor-widget-text-editor.elementor-drop-cap-view-framed .elementor-drop-cap{color:#818a91;border:3px solid;background-color:transparent}.elementor-widget-text-editor:not(.elementor-drop-cap-view-default) .elementor-drop-cap{margin-top:8px}.elementor-widget-text-editor:not(.elementor-drop-cap-view-default) .elementor-drop-cap-letter{width:1em;height:1em}.elementor-widget-text-editor .elementor-drop-cap{float:left;text-align:center;line-height:1;font-size:50px}.elementor-widget-text-editor .elementor-drop-cap-letter{display:inline-block}<\/style>\t\t\t\t<p><strong>-Ante los empresarios de todo lo largo y ancho de Chihuahua, Claudia Sheinbaum comparti\u00f3 su visi\u00f3n para el desarrollo nacional<\/strong><\/p><p><strong>Ciudad Ju\u00e1rez, Chihuahua, 2 de marzo de 2024.-<\/strong> Creaci\u00f3n de Centros de Educaci\u00f3n Inicial, la construcci\u00f3n de un Sistema de Transporte P\u00fablico con trolebuses el\u00e9ctricos, as\u00ed como implementar una Estrategia Nacional de Relocalizaci\u00f3n e Industrializaci\u00f3n del Pa\u00eds para garantizar el desarrollo en Ciudad Ju\u00e1rez, fue alguna de las propuestas que Claudia Sheinbaum Pardo, Candidata a la Presidencia de M\u00e9xico por la Coalici\u00f3n \u201cSigamos Haciendo Historia\u201d (Morena-PT-PVEM), explic\u00f3 ante empresarios de Chihuahua.<\/p><p>Durante una reuni\u00f3n con el sector empresarial, Sheinbaum Pardo se\u00f1al\u00f3 que su compromiso para esta ciudad fronteriza es invertir en proyectos espec\u00edficos que ayuden a mejorar la calidad, pero particularmente de ciertos sectores como las trabajadoras de la maquila, a quienes propone la creaci\u00f3n de centros para el desarrollo y cuidado de sus hijos.<\/p><p>\u2018\u2019Nuestra idea es apoyar en proyectos espec\u00edficos, porque es mejor apoyar en proyectos directos que solamente ampliar, porque finalmente el municipio es aut\u00f3nomo, entonces es mejor que sea en proyectos espec\u00edficos\u2019\u2019, asever\u00f3.<\/p><p>Claudia Sheinbaum puntualiz\u00f3 la necesidad de trabajar codo a codo con las y los empresarios locales, ya que asegur\u00f3 que no solo se trata de ocupar el presupuesto de la entidad para generar m\u00e1s y mejores oportunidades, sino que enfatiz\u00f3 que el objetivo es abrir espacios para que la inversi\u00f3n privada tambi\u00e9n sea clave para el desarrollo.<\/p><p>\u2018\u2019Pensar en el desarrollo integral del pa\u00eds no solamente en la inversi\u00f3n\u2019\u2019, destac\u00f3 al asegurar que en la siguiente etapa de la Cuarta Transformaci\u00f3n se incentivar\u00e1 la inversi\u00f3n privada a trav\u00e9s del uso estrat\u00e9gico de los recursos naturales del estado, que ayude a que las y los trabajadores puedan tener acceso a una vida digna con todos los derechos como la educaci\u00f3n, la vivienda, el salario digno y m\u00e1s.<\/p><p>Ante los empresarios, Claudia Sheinbaum tambi\u00e9n comparti\u00f3 los ejes que llevar\u00e1n a M\u00e9xico a ser un pa\u00eds m\u00e1s seguro, tales como la atenci\u00f3n a las causas, m\u00e1s y mejor polic\u00eda, coordinaci\u00f3n con el gobierno federal, inteligencia e innovaci\u00f3n, as\u00ed como la cero impunidad, los cuales ya demostraron ser eficaces durante su gesti\u00f3n como Jefa de Gobierno de la Ciudad de M\u00e9xico, donde logr\u00f3 reducir en un 58% los delitos de alto impacto.<\/p><p>\u2019\u2019Yo creo que, en nuestro pa\u00eds aparte de seguir ampliando las capacidades de atenci\u00f3n a las causas para que los j\u00f3venes nunca tengan que acercarse a una banda delictiva, sea por razones econ\u00f3micas o por razones de identidad, de toda esta cultura relacionada con el narco que ha orientado a los j\u00f3venes a vincularse a estas bandas delictivas como si fuera un futuro de vida, no solamente sacar a los j\u00f3venes de este ciclo, sino tambi\u00e9n seguir avanzando en la cero impunidad\u2019\u2019, agreg\u00f3.<\/p><p>Finalmente, Claudia Sheinbaum comparti\u00f3 sus \u00e9xitos en material digital para la capital del pa\u00eds con la creaci\u00f3n de la Agencia Digital de Innovaci\u00f3n P\u00fablica (ADIP), a trav\u00e9s de la cual se logr\u00f3 la reducci\u00f3n de 2 mil 500 a 500 tr\u00e1mites para personas f\u00edsicas y morales, lo cual destac\u00f3 como una clave para garantizar una mejor relaci\u00f3n con el ramo empresarial pero tambi\u00e9n como el punto de partida para lograr un gobierno m\u00e1s eficiente.<\/p>\t\t\t\t\t\t<\/div>\n\t\t\t\t<\/div>\n\t\t\t\t\t<\/div>\n\t\t<\/div>\n\t\t\t\t\t\t\t<\/div>\n\t\t<\/section>\n\t\t\t\t\t\t\t<\/div>\n\t\t","protected":false},"excerpt":{"rendered":"<p>-Ante los empresarios de todo lo largo y ancho de Chihuahua, Claudia Sheinbaum comparti\u00f3 su visi\u00f3n para el desarrollo nacional Ciudad Ju\u00e1rez, Chihuahua, 2 de marzo de 2024.- Creaci\u00f3n de Centros de Educaci\u00f3n Inicial, la construcci\u00f3n de un Sistema de Transporte P\u00fablico con trolebuses el\u00e9ctricos, as\u00ed como implementar una Estrategia Nacional de Relocalizaci\u00f3n e Industrializaci\u00f3n [&hellip;]<\/p>\n","protected":false},"author":1,"featured_media":43947,"comment_status":"closed","ping_status":"open","sticky":false,"template":"","format":"standard","meta":[],"categories":[9],"tags":[],"_links":{"self":[{"href":"https:\/\/www.septinoticias.com.mx\/index.php?rest_route=\/wp\/v2\/posts\/43945"}],"collection":[{"href":"https:\/\/www.septinoticias.com.mx\/index.php?rest_route=\/wp\/v2\/posts"}],"about":[{"href":"https:\/\/www.septinoticias.com.mx\/index.php?rest_route=\/wp\/v2\/types\/post"}],"author":[{"embeddable":true,"href":"https:\/\/www.septinoticias.com.mx\/index.php?rest_route=\/wp\/v2\/users\/1"}],"replies":[{"embeddable":true,"href":"https:\/\/www.septinoticias.com.mx\/index.php?rest_route=%2Fwp%2Fv2%2Fcomments&post=43945"}],"version-history":[{"count":4,"href":"https:\/\/www.septinoticias.com.mx\/index.php?rest_route=\/wp\/v2\/posts\/43945\/revisions"}],"predecessor-version":[{"id":43950,"href":"https:\/\/www.septinoticias.com.mx\/index.php?rest_route=\/wp\/v2\/posts\/43945\/revisions\/43950"}],"wp:featuredmedia":[{"embeddable":true,"href":"https:\/\/www.septinoticias.com.mx\/index.php?rest_route=\/wp\/v2\/media\/43947"}],"wp:attachment":[{"href":"https:\/\/www.septinoticias.com.mx\/index.php?rest_route=%2Fwp%2Fv2%2Fmedia&parent=43945"}],"wp:term":[{"taxonomy":"category","embeddable":true,"href":"https:\/\/www.septinoticias.com.mx\/index.php?rest_route=%2Fwp%2Fv2%2Fcategories&post=43945"},{"taxonomy":"post_tag","embeddable":true,"href":"https:\/\/www.septinoticias.com.mx\/index.php?rest_route=%2Fwp%2Fv2%2Ftags&post=43945"}],"curies":[{"name":"wp","href":"https:\/\/api.w.org\/{rel}","templated":true}]}}