{"id":43939,"date":"2024-03-03T18:57:43","date_gmt":"2024-03-03T18:57:43","guid":{"rendered":"https:\/\/www.septinoticias.com.mx\/?p=43939"},"modified":"2024-03-03T18:59:55","modified_gmt":"2024-03-03T18:59:55","slug":"presentan-oferta-educativa-de-nivel-medio-superior-y-superior-en-ixmiquilpan","status":"publish","type":"post","link":"https:\/\/www.septinoticias.com.mx\/?p=43939","title":{"rendered":"Presentan oferta educativa de nivel medio superior y superior en Ixmiquilpan"},"content":{"rendered":"\t\t<div data-elementor-type=\"wp-post\" data-elementor-id=\"43939\" class=\"elementor elementor-43939\">\n\t\t\t\t\t\t\t\t\t<section class=\"elementor-section elementor-top-section elementor-element elementor-element-20bbcd3b elementor-section-boxed elementor-section-height-default elementor-section-height-default\" data-id=\"20bbcd3b\" data-element_type=\"section\">\n\t\t\t\t\t\t<div class=\"elementor-container elementor-column-gap-default\">\n\t\t\t\t\t<div class=\"elementor-column elementor-col-100 elementor-top-column elementor-element elementor-element-33be02ef\" data-id=\"33be02ef\" data-element_type=\"column\">\n\t\t\t<div class=\"elementor-widget-wrap elementor-element-populated\">\n\t\t\t\t\t\t\t\t<div class=\"elementor-element elementor-element-6c4a91f9 elementor-widget elementor-widget-text-editor\" data-id=\"6c4a91f9\" data-element_type=\"widget\" data-widget_type=\"text-editor.default\">\n\t\t\t\t<div class=\"elementor-widget-container\">\n\t\t\t<style>\/*! elementor - v3.10.1 - 17-01-2023 *\/\n.elementor-widget-text-editor.elementor-drop-cap-view-stacked .elementor-drop-cap{background-color:#818a91;color:#fff}.elementor-widget-text-editor.elementor-drop-cap-view-framed .elementor-drop-cap{color:#818a91;border:3px solid;background-color:transparent}.elementor-widget-text-editor:not(.elementor-drop-cap-view-default) .elementor-drop-cap{margin-top:8px}.elementor-widget-text-editor:not(.elementor-drop-cap-view-default) .elementor-drop-cap-letter{width:1em;height:1em}.elementor-widget-text-editor .elementor-drop-cap{float:left;text-align:center;line-height:1;font-size:50px}.elementor-widget-text-editor .elementor-drop-cap-letter{display:inline-block}<\/style>\t\t\t\t<p><strong>Ixmiquilpan, Hgo., 2 de marzo 2024.-<\/strong>Frente a la Diana Cazadora, en el jard\u00edn principal del municipio de Ixmiquilpan, se realiz\u00f3 el evento \u201cS\u00e1bados de las Bellas Artes\u201d, espacio educativo-cultural que permite a las instituciones de nivel medio superior y superior de Hidalgo, acercarse a las juventudes de nuestra entidad para presentar los programas educativos con los que cuentan.<\/p><p>A trav\u00e9s de m\u00f3dulos colocados en la plaza p\u00fablica, quienes est\u00e9n interesados en continuar con sus estudios pueden entrevistarse con tutores de los diferentes planteles para encontrar la mejor opci\u00f3n acad\u00e9mica para su futuro.<\/p><p>De igual forma, en este espacio alumnas y alumnos de las universidades y bachilleratos llevan a cabo actividades culturales como son canto, baile, oratoria y m\u00fasica, as\u00ed amenizan el evento y demuestran lo aprendido en sus clases extracurriculares.<\/p><p>Las instituciones educativas que se presentaron en esta edici\u00f3n de \u201cS\u00e1bados de las Bellas Artes\u201d fueron la Universidad Tecnol\u00f3gica del Valle del Mezquital (UTVM), la Universidad Tecnol\u00f3gica Tula- Tepeji (UTTT), la Universidad Polit\u00e9cnica de la Energ\u00eda (UPE), la Universidad Polit\u00e9cnica de Francisco I. Madero (UPFM), COBAEH, ICATHI, CONALEP, CECYTEH, BEH, UNIDEH, ITSOEH y la Escuela de M\u00fasica del Estado.<\/p><p>\u00a0<\/p>\t\t\t\t\t\t<\/div>\n\t\t\t\t<\/div>\n\t\t\t\t\t<\/div>\n\t\t<\/div>\n\t\t\t\t\t\t\t<\/div>\n\t\t<\/section>\n\t\t\t\t<section class=\"elementor-section elementor-top-section elementor-element elementor-element-515702a elementor-section-boxed elementor-section-height-default elementor-section-height-default\" data-id=\"515702a\" data-element_type=\"section\">\n\t\t\t\t\t\t<div class=\"elementor-container elementor-column-gap-default\">\n\t\t\t\t\t<div class=\"elementor-column elementor-col-100 elementor-top-column elementor-element elementor-element-8dc5d52\" data-id=\"8dc5d52\" data-element_type=\"column\">\n\t\t\t<div class=\"elementor-widget-wrap elementor-element-populated\">\n\t\t\t\t\t\t\t\t<div class=\"elementor-element elementor-element-553920e elementor-aspect-ratio-169 elementor-widget elementor-widget-video\" data-id=\"553920e\" data-element_type=\"widget\" data-settings=\"{&quot;youtube_url&quot;:&quot;https:\\\/\\\/youtu.be\\\/iKUmvZnBrGw&quot;,&quot;video_type&quot;:&quot;youtube&quot;,&quot;controls&quot;:&quot;yes&quot;,&quot;aspect_ratio&quot;:&quot;169&quot;}\" data-widget_type=\"video.default\">\n\t\t\t\t<div class=\"elementor-widget-container\">\n\t\t\t<style>\/*! elementor - v3.10.1 - 17-01-2023 *\/\n.elementor-widget-video .elementor-widget-container{overflow:hidden;transform:translateZ(0)}.elementor-widget-video .elementor-open-inline .elementor-custom-embed-image-overlay{position:absolute;top:0;left:0;width:100%;height:100%;background-size:cover;background-position:50%}.elementor-widget-video .elementor-custom-embed-image-overlay{cursor:pointer;text-align:center}.elementor-widget-video .elementor-custom-embed-image-overlay:hover .elementor-custom-embed-play i{opacity:1}.elementor-widget-video .elementor-custom-embed-image-overlay img{display:block;width:100%}.elementor-widget-video .e-hosted-video .elementor-video{-o-object-fit:cover;object-fit:cover}.e-con-inner>.elementor-widget-video,.e-con>.elementor-widget-video{width:var(--container-widget-width);--flex-grow:var(--container-widget-flex-grow)}<\/style>\t\t<div class=\"elementor-wrapper elementor-fit-aspect-ratio elementor-open-inline\">\n\t\t\t<div class=\"elementor-video\"><\/div>\t\t<\/div>\n\t\t\t\t<\/div>\n\t\t\t\t<\/div>\n\t\t\t\t\t<\/div>\n\t\t<\/div>\n\t\t\t\t\t\t\t<\/div>\n\t\t<\/section>\n\t\t\t\t\t\t\t<\/div>\n\t\t","protected":false},"excerpt":{"rendered":"<p>Ixmiquilpan, Hgo., 2 de marzo 2024.-Frente a la Diana Cazadora, en el jard\u00edn principal del municipio de Ixmiquilpan, se realiz\u00f3 el evento \u201cS\u00e1bados de las Bellas Artes\u201d, espacio educativo-cultural que permite a las instituciones de nivel medio superior y superior de Hidalgo, acercarse a las juventudes de nuestra entidad para presentar los programas educativos con [&hellip;]<\/p>\n","protected":false},"author":1,"featured_media":43941,"comment_status":"closed","ping_status":"open","sticky":false,"template":"","format":"standard","meta":[],"categories":[4],"tags":[],"_links":{"self":[{"href":"https:\/\/www.septinoticias.com.mx\/index.php?rest_route=\/wp\/v2\/posts\/43939"}],"collection":[{"href":"https:\/\/www.septinoticias.com.mx\/index.php?rest_route=\/wp\/v2\/posts"}],"about":[{"href":"https:\/\/www.septinoticias.com.mx\/index.php?rest_route=\/wp\/v2\/types\/post"}],"author":[{"embeddable":true,"href":"https:\/\/www.septinoticias.com.mx\/index.php?rest_route=\/wp\/v2\/users\/1"}],"replies":[{"embeddable":true,"href":"https:\/\/www.septinoticias.com.mx\/index.php?rest_route=%2Fwp%2Fv2%2Fcomments&post=43939"}],"version-history":[{"count":4,"href":"https:\/\/www.septinoticias.com.mx\/index.php?rest_route=\/wp\/v2\/posts\/43939\/revisions"}],"predecessor-version":[{"id":43944,"href":"https:\/\/www.septinoticias.com.mx\/index.php?rest_route=\/wp\/v2\/posts\/43939\/revisions\/43944"}],"wp:featuredmedia":[{"embeddable":true,"href":"https:\/\/www.septinoticias.com.mx\/index.php?rest_route=\/wp\/v2\/media\/43941"}],"wp:attachment":[{"href":"https:\/\/www.septinoticias.com.mx\/index.php?rest_route=%2Fwp%2Fv2%2Fmedia&parent=43939"}],"wp:term":[{"taxonomy":"category","embeddable":true,"href":"https:\/\/www.septinoticias.com.mx\/index.php?rest_route=%2Fwp%2Fv2%2Fcategories&post=43939"},{"taxonomy":"post_tag","embeddable":true,"href":"https:\/\/www.septinoticias.com.mx\/index.php?rest_route=%2Fwp%2Fv2%2Ftags&post=43939"}],"curies":[{"name":"wp","href":"https:\/\/api.w.org\/{rel}","templated":true}]}}