{"id":43927,"date":"2024-03-03T18:48:13","date_gmt":"2024-03-03T18:48:13","guid":{"rendered":"https:\/\/www.septinoticias.com.mx\/?p=43927"},"modified":"2024-03-03T18:49:39","modified_gmt":"2024-03-03T18:49:39","slug":"muestra-gastronomica-de-santiago-de-anaya","status":"publish","type":"post","link":"https:\/\/www.septinoticias.com.mx\/?p=43927","title":{"rendered":"Muestra Gastron\u00f3mica de Santiago de Anaya"},"content":{"rendered":"\t\t<div data-elementor-type=\"wp-post\" data-elementor-id=\"43927\" class=\"elementor elementor-43927\">\n\t\t\t\t\t\t\t\t\t<section class=\"elementor-section elementor-top-section elementor-element elementor-element-20bbcd3b elementor-section-boxed elementor-section-height-default elementor-section-height-default\" data-id=\"20bbcd3b\" data-element_type=\"section\">\n\t\t\t\t\t\t<div class=\"elementor-container elementor-column-gap-default\">\n\t\t\t\t\t<div class=\"elementor-column elementor-col-100 elementor-top-column elementor-element elementor-element-33be02ef\" data-id=\"33be02ef\" data-element_type=\"column\">\n\t\t\t<div class=\"elementor-widget-wrap elementor-element-populated\">\n\t\t\t\t\t\t\t\t<div class=\"elementor-element elementor-element-6c4a91f9 elementor-widget elementor-widget-text-editor\" data-id=\"6c4a91f9\" data-element_type=\"widget\" data-widget_type=\"text-editor.default\">\n\t\t\t\t<div class=\"elementor-widget-container\">\n\t\t\t<style>\/*! elementor - v3.10.1 - 17-01-2023 *\/\n.elementor-widget-text-editor.elementor-drop-cap-view-stacked .elementor-drop-cap{background-color:#818a91;color:#fff}.elementor-widget-text-editor.elementor-drop-cap-view-framed .elementor-drop-cap{color:#818a91;border:3px solid;background-color:transparent}.elementor-widget-text-editor:not(.elementor-drop-cap-view-default) .elementor-drop-cap{margin-top:8px}.elementor-widget-text-editor:not(.elementor-drop-cap-view-default) .elementor-drop-cap-letter{width:1em;height:1em}.elementor-widget-text-editor .elementor-drop-cap{float:left;text-align:center;line-height:1;font-size:50px}.elementor-widget-text-editor .elementor-drop-cap-letter{display:inline-block}<\/style>\t\t\t\t<p><strong>Ciudad de M\u00e9xico, 2 de marzo de 2024.-<\/strong>Las cocineras tradicionales Ofelia Monroy Gachuz, Estela Anaya P\u00e9rez y Luisa Anaya P\u00e9rez invitaron a la ciudadan\u00eda, desde el Complejo Cultural Los Pinos, a la 43 Muestra Gastron\u00f3mica de Santiago de Anaya, la cual ser\u00e1 realizada el 6 y 7 de abril de 2024. Bajo su eslogan \u201cTodo lo que florece, se arrastra, camina, corre o vuela\u2026 \u00a1va pa\u2019 la cazuela\u201d, la Muestra Gastron\u00f3mica de Santiago de Anaya, actualmente, es el festival culinario m\u00e1s importante del pa\u00eds que, por su dimensi\u00f3n, significado y antig\u00fcedad, re\u00fane anualmente a m\u00e1s de mil 500 cocineras y cocineros que colocan en cada platillo su saz\u00f3n, ingredientes tradicionales y saberes ancestrales.<\/p>\t\t\t\t\t\t<\/div>\n\t\t\t\t<\/div>\n\t\t\t\t\t<\/div>\n\t\t<\/div>\n\t\t\t\t\t\t\t<\/div>\n\t\t<\/section>\n\t\t\t\t\t\t\t<\/div>\n\t\t","protected":false},"excerpt":{"rendered":"<p>Ciudad de M\u00e9xico, 2 de marzo de 2024.-Las cocineras tradicionales Ofelia Monroy Gachuz, Estela Anaya P\u00e9rez y Luisa Anaya P\u00e9rez invitaron a la ciudadan\u00eda, desde el Complejo Cultural Los Pinos, a la 43 Muestra Gastron\u00f3mica de Santiago de Anaya, la cual ser\u00e1 realizada el 6 y 7 de abril de 2024. Bajo su eslogan \u201cTodo [&hellip;]<\/p>\n","protected":false},"author":1,"featured_media":43929,"comment_status":"closed","ping_status":"open","sticky":false,"template":"","format":"standard","meta":[],"categories":[7],"tags":[],"_links":{"self":[{"href":"https:\/\/www.septinoticias.com.mx\/index.php?rest_route=\/wp\/v2\/posts\/43927"}],"collection":[{"href":"https:\/\/www.septinoticias.com.mx\/index.php?rest_route=\/wp\/v2\/posts"}],"about":[{"href":"https:\/\/www.septinoticias.com.mx\/index.php?rest_route=\/wp\/v2\/types\/post"}],"author":[{"embeddable":true,"href":"https:\/\/www.septinoticias.com.mx\/index.php?rest_route=\/wp\/v2\/users\/1"}],"replies":[{"embeddable":true,"href":"https:\/\/www.septinoticias.com.mx\/index.php?rest_route=%2Fwp%2Fv2%2Fcomments&post=43927"}],"version-history":[{"count":4,"href":"https:\/\/www.septinoticias.com.mx\/index.php?rest_route=\/wp\/v2\/posts\/43927\/revisions"}],"predecessor-version":[{"id":43932,"href":"https:\/\/www.septinoticias.com.mx\/index.php?rest_route=\/wp\/v2\/posts\/43927\/revisions\/43932"}],"wp:featuredmedia":[{"embeddable":true,"href":"https:\/\/www.septinoticias.com.mx\/index.php?rest_route=\/wp\/v2\/media\/43929"}],"wp:attachment":[{"href":"https:\/\/www.septinoticias.com.mx\/index.php?rest_route=%2Fwp%2Fv2%2Fmedia&parent=43927"}],"wp:term":[{"taxonomy":"category","embeddable":true,"href":"https:\/\/www.septinoticias.com.mx\/index.php?rest_route=%2Fwp%2Fv2%2Fcategories&post=43927"},{"taxonomy":"post_tag","embeddable":true,"href":"https:\/\/www.septinoticias.com.mx\/index.php?rest_route=%2Fwp%2Fv2%2Ftags&post=43927"}],"curies":[{"name":"wp","href":"https:\/\/api.w.org\/{rel}","templated":true}]}}