{"id":43892,"date":"2024-03-02T16:52:18","date_gmt":"2024-03-02T16:52:18","guid":{"rendered":"https:\/\/www.septinoticias.com.mx\/?p=43892"},"modified":"2024-03-02T16:54:29","modified_gmt":"2024-03-02T16:54:29","slug":"propone-xochitl-galvez-en-su-primer-dia-de-campana-crear-nueva-carcel-de-maxima-seguridad-pensiones-a-los-60-anos-y-duplicar-agentes-de-la-guardia-nacional","status":"publish","type":"post","link":"https:\/\/www.septinoticias.com.mx\/?p=43892","title":{"rendered":"Propone Xochitl G\u00e1lvez en su Primer D\u00eda de Campa\u00f1a Crear Nueva C\u00e1rcel de M\u00e1xima Seguridad, Pensiones a los 60 A\u00f1os y Duplicar Agentes de la Guardia Nacional"},"content":{"rendered":"\t\t<div data-elementor-type=\"wp-post\" data-elementor-id=\"43892\" class=\"elementor elementor-43892\">\n\t\t\t\t\t\t\t\t\t<section class=\"elementor-section elementor-top-section elementor-element elementor-element-20bbcd3b elementor-section-boxed elementor-section-height-default elementor-section-height-default\" data-id=\"20bbcd3b\" data-element_type=\"section\">\n\t\t\t\t\t\t<div class=\"elementor-container elementor-column-gap-default\">\n\t\t\t\t\t<div class=\"elementor-column elementor-col-100 elementor-top-column elementor-element elementor-element-33be02ef\" data-id=\"33be02ef\" data-element_type=\"column\">\n\t\t\t<div class=\"elementor-widget-wrap elementor-element-populated\">\n\t\t\t\t\t\t\t\t<div class=\"elementor-element elementor-element-6c4a91f9 elementor-widget elementor-widget-text-editor\" data-id=\"6c4a91f9\" data-element_type=\"widget\" data-widget_type=\"text-editor.default\">\n\t\t\t\t<div class=\"elementor-widget-container\">\n\t\t\t<style>\/*! elementor - v3.10.1 - 17-01-2023 *\/\n.elementor-widget-text-editor.elementor-drop-cap-view-stacked .elementor-drop-cap{background-color:#818a91;color:#fff}.elementor-widget-text-editor.elementor-drop-cap-view-framed .elementor-drop-cap{color:#818a91;border:3px solid;background-color:transparent}.elementor-widget-text-editor:not(.elementor-drop-cap-view-default) .elementor-drop-cap{margin-top:8px}.elementor-widget-text-editor:not(.elementor-drop-cap-view-default) .elementor-drop-cap-letter{width:1em;height:1em}.elementor-widget-text-editor .elementor-drop-cap{float:left;text-align:center;line-height:1;font-size:50px}.elementor-widget-text-editor .elementor-drop-cap-letter{display:inline-block}<\/style>\t\t\t\t<p><strong>Guanajuato, Gto. 1 de diciembre 2024.- <\/strong>En su primer d\u00eda de campa\u00f1a, la abanderada del Partido Acci\u00f3n Nacional, el Partido de la Revoluci\u00f3n Institucional y el Partido de la Revoluci\u00f3n Democr\u00e1tica Propuso la creaci\u00f3n de una nueva c\u00e1rcel de m\u00e1xima seguridad para encerrar a los responsables de cr\u00edmenes, como lo ha hecho el presidente de El Salvador, Nayim Bukele<\/p><p>\u00a0As\u00ed mismo, G\u00e1lvez Ruiz, firm\u00f3 con sangre su compromiso de\u00a0no eliminar los programas sociales\u00a0implementados por el gobierno del presidente Andr\u00e9s Manuel L\u00f3pez Obrador<\/p><p>Al hacerlo destac\u00f3: \u201cEstampo mi sangre, que es lo m\u00e1s valioso que tengo, de que no se van a quitar los programas sociales, es un pacto de sangre que voy a respetar\u201d.<\/p><p>En el primer d\u00eda de campa\u00f1a, la visit\u00f3 Guanajuato, estado m\u00e1s violento de M\u00e9xico. En Irapuato, prometi\u00f3 adem\u00e1s que no solamente mantendr\u00e1 las pensiones para adultos mayores, sino que bajar\u00e1 la edad m\u00ednima de los beneficiarios, de 65 a 60 a\u00f1os.<\/p><p>Luego se refiri\u00f3 a las dos masacres ocurridas en Guanajuato: la primera, en\u00a0Salvatierra, donde murieron 11 j\u00f3venes, y la segunda, en\u00a0Celaya, donde mataron a cinco estudiantes de medicina.<\/p><p>Por ello, Propuso la creaci\u00f3n de una nueva c\u00e1rcel de m\u00e1xima seguridad para encerrar a los responsables de ambos cr\u00edmenes, como lo ha hecho el presidente de El Salvador, Nayim Bukele.<\/p><p>Y reiter\u00f3: \u201cAh\u00ed vamos a mandar a aquellos que se atrevan a seguirle haciendo da\u00f1o a nuestros j\u00f3venes. Ah\u00ed deben estar los asesinos de lo j\u00f3venes de Salvatierra, los asesinos de los j\u00f3venes de Celaya\u201d.<\/p><p>Adem\u00e1s, anunci\u00f3 que duplicar\u00e1 el n\u00famero de agentes de la Guardia Nacional, y regresar los programas federales para el fortalecimiento de las corporaciones policiales locales.<\/p>\t\t\t\t\t\t<\/div>\n\t\t\t\t<\/div>\n\t\t\t\t\t<\/div>\n\t\t<\/div>\n\t\t\t\t\t\t\t<\/div>\n\t\t<\/section>\n\t\t\t\t\t\t\t<\/div>\n\t\t","protected":false},"excerpt":{"rendered":"<p>Guanajuato, Gto. 1 de diciembre 2024.- En su primer d\u00eda de campa\u00f1a, la abanderada del Partido Acci\u00f3n Nacional, el Partido de la Revoluci\u00f3n Institucional y el Partido de la Revoluci\u00f3n Democr\u00e1tica Propuso la creaci\u00f3n de una nueva c\u00e1rcel de m\u00e1xima seguridad para encerrar a los responsables de cr\u00edmenes, como lo ha hecho el presidente de [&hellip;]<\/p>\n","protected":false},"author":1,"featured_media":43894,"comment_status":"closed","ping_status":"open","sticky":false,"template":"","format":"standard","meta":[],"categories":[8],"tags":[],"_links":{"self":[{"href":"https:\/\/www.septinoticias.com.mx\/index.php?rest_route=\/wp\/v2\/posts\/43892"}],"collection":[{"href":"https:\/\/www.septinoticias.com.mx\/index.php?rest_route=\/wp\/v2\/posts"}],"about":[{"href":"https:\/\/www.septinoticias.com.mx\/index.php?rest_route=\/wp\/v2\/types\/post"}],"author":[{"embeddable":true,"href":"https:\/\/www.septinoticias.com.mx\/index.php?rest_route=\/wp\/v2\/users\/1"}],"replies":[{"embeddable":true,"href":"https:\/\/www.septinoticias.com.mx\/index.php?rest_route=%2Fwp%2Fv2%2Fcomments&post=43892"}],"version-history":[{"count":4,"href":"https:\/\/www.septinoticias.com.mx\/index.php?rest_route=\/wp\/v2\/posts\/43892\/revisions"}],"predecessor-version":[{"id":43897,"href":"https:\/\/www.septinoticias.com.mx\/index.php?rest_route=\/wp\/v2\/posts\/43892\/revisions\/43897"}],"wp:featuredmedia":[{"embeddable":true,"href":"https:\/\/www.septinoticias.com.mx\/index.php?rest_route=\/wp\/v2\/media\/43894"}],"wp:attachment":[{"href":"https:\/\/www.septinoticias.com.mx\/index.php?rest_route=%2Fwp%2Fv2%2Fmedia&parent=43892"}],"wp:term":[{"taxonomy":"category","embeddable":true,"href":"https:\/\/www.septinoticias.com.mx\/index.php?rest_route=%2Fwp%2Fv2%2Fcategories&post=43892"},{"taxonomy":"post_tag","embeddable":true,"href":"https:\/\/www.septinoticias.com.mx\/index.php?rest_route=%2Fwp%2Fv2%2Ftags&post=43892"}],"curies":[{"name":"wp","href":"https:\/\/api.w.org\/{rel}","templated":true}]}}