{"id":38099,"date":"2024-01-05T17:30:44","date_gmt":"2024-01-05T17:30:44","guid":{"rendered":"https:\/\/www.septinoticias.com.mx\/?p=38099"},"modified":"2024-01-05T17:31:54","modified_gmt":"2024-01-05T17:31:54","slug":"mas-de-20-carros-alegoricos-en-el-desfile-de-la-fiesta-de-reyes-magos-en-tulancingo","status":"publish","type":"post","link":"https:\/\/www.septinoticias.com.mx\/?p=38099","title":{"rendered":"M\u00e1s de 20 Carros Aleg\u00f3ricos en el Desfile de la Fiesta de Reyes Magos en Tulancingo"},"content":{"rendered":"\t\t<div data-elementor-type=\"wp-post\" data-elementor-id=\"38099\" class=\"elementor elementor-38099\">\n\t\t\t\t\t\t\t\t\t<section class=\"elementor-section elementor-top-section elementor-element elementor-element-20bbcd3b elementor-section-boxed elementor-section-height-default elementor-section-height-default\" data-id=\"20bbcd3b\" data-element_type=\"section\">\n\t\t\t\t\t\t<div class=\"elementor-container elementor-column-gap-default\">\n\t\t\t\t\t<div class=\"elementor-column elementor-col-100 elementor-top-column elementor-element elementor-element-33be02ef\" data-id=\"33be02ef\" data-element_type=\"column\">\n\t\t\t<div class=\"elementor-widget-wrap elementor-element-populated\">\n\t\t\t\t\t\t\t\t<div class=\"elementor-element elementor-element-6c4a91f9 elementor-widget elementor-widget-text-editor\" data-id=\"6c4a91f9\" data-element_type=\"widget\" data-widget_type=\"text-editor.default\">\n\t\t\t\t<div class=\"elementor-widget-container\">\n\t\t\t<style>\/*! elementor - v3.10.1 - 17-01-2023 *\/\n.elementor-widget-text-editor.elementor-drop-cap-view-stacked .elementor-drop-cap{background-color:#818a91;color:#fff}.elementor-widget-text-editor.elementor-drop-cap-view-framed .elementor-drop-cap{color:#818a91;border:3px solid;background-color:transparent}.elementor-widget-text-editor:not(.elementor-drop-cap-view-default) .elementor-drop-cap{margin-top:8px}.elementor-widget-text-editor:not(.elementor-drop-cap-view-default) .elementor-drop-cap-letter{width:1em;height:1em}.elementor-widget-text-editor .elementor-drop-cap{float:left;text-align:center;line-height:1;font-size:50px}.elementor-widget-text-editor .elementor-drop-cap-letter{display:inline-block}<\/style>\t\t\t\t<p><strong>*Este viernes 5 de enero a las 18 horas<\/strong><\/p><p><strong>Tulancingo, Hgo., 4 de enero de 2024.-<\/strong>Fantas\u00eda, magia e ilusi\u00f3n ser\u00e1n los ingredientes del Desfile de Fiesta de Reyes a realizarse este viernes, en Tulancingo, con la participaci\u00f3n de m\u00e1s de 20 carros aleg\u00f3ricos y muchas sorpresas m\u00e1s.<\/p><p>Con el esfuerzo conjunto de la sociedad civil, el gobierno municipal de Tulancingo y el sistema DIF, se anticip\u00f3 un evento muy emotivo, de mucha calidad y contenido para cerrar con broche de oro las festividades.<\/p><p>El desfile partir\u00e1, a las 18:00 horas, en la antigua estaci\u00f3n del Ferrocarril y se prev\u00e9 una gran afluencia ya que es un evento muy esperado, al ser una tradici\u00f3n \u00fanica y especial, que se busca que prevalezca, gracias a los representantes sociales.<\/p><p>El paso del contingente, tambi\u00e9n podr\u00e1 ser apreciado en otros puntos de la ruta como: Ju\u00e1rez, Bravo, L\u00e1zaro C\u00e1rdenas, circuito Bicentenario y se finalizar\u00e1 en la Estaci\u00f3n del Ferrocarril.<\/p><p>El desfile tendr\u00e1 una duraci\u00f3n estimada a una hora con 30 minutos y de acuerdo a la log\u00edstica, la conformaci\u00f3n del contingente ser\u00e1 desde las 16:00 horas en la calle 27 de septiembre.<\/p><p>Se pidi\u00f3 a los asistentes, considerar diversos factores como las condiciones clim\u00e1ticas, por ello es importante acudir bien abrigados y no acercarse a los carros aleg\u00f3ricos ni perder de vista a los ni\u00f1os durante su paso.<\/p><p>Sin duda el d\u00eda de Reyes es un festejo de ilusi\u00f3n desbordada, por ello es importante no subirse a equipamiento urbano pues podr\u00eda implicar riesgo de ca\u00eddas.<\/p><p>Como en todo evento masivo, se pidi\u00f3 respetar las indicaciones de la autoridad y se confirm\u00f3 que habr\u00e1 un operativo integral para la seguridad ciudadana.<\/p><p>Para los automovilistas se pidi\u00f3 su apoyo para movilizarse con anticipaci\u00f3n al inicio del desfile y as\u00ed evitar embotellamientos, liberando las calles por donde pasar\u00e1n los contingentes.<\/p><p>En los rubros de seguridad y protecci\u00f3n civil, habr\u00e1 despliegue de elementos y unidades para la vigilancia de la ciudad. Es de esta manera como, por primera vez, se realizar\u00e1 en el municipio un desfile que surge desde la sociedad civil organizada, con apoyo del municipio para llevar un momento de alegr\u00eda a los peque\u00f1os, quienes ya esperan con mucha ilusi\u00f3n la llegada de los Reyes Magos.<\/p>\t\t\t\t\t\t<\/div>\n\t\t\t\t<\/div>\n\t\t\t\t\t<\/div>\n\t\t<\/div>\n\t\t\t\t\t\t\t<\/div>\n\t\t<\/section>\n\t\t\t\t\t\t\t<\/div>\n\t\t","protected":false},"excerpt":{"rendered":"<p>*Este viernes 5 de enero a las 18 horas Tulancingo, Hgo., 4 de enero de 2024.-Fantas\u00eda, magia e ilusi\u00f3n ser\u00e1n los ingredientes del Desfile de Fiesta de Reyes a realizarse este viernes, en Tulancingo, con la participaci\u00f3n de m\u00e1s de 20 carros aleg\u00f3ricos y muchas sorpresas m\u00e1s. Con el esfuerzo conjunto de la sociedad civil, [&hellip;]<\/p>\n","protected":false},"author":1,"featured_media":38101,"comment_status":"closed","ping_status":"open","sticky":false,"template":"","format":"standard","meta":[],"categories":[7],"tags":[],"_links":{"self":[{"href":"https:\/\/www.septinoticias.com.mx\/index.php?rest_route=\/wp\/v2\/posts\/38099"}],"collection":[{"href":"https:\/\/www.septinoticias.com.mx\/index.php?rest_route=\/wp\/v2\/posts"}],"about":[{"href":"https:\/\/www.septinoticias.com.mx\/index.php?rest_route=\/wp\/v2\/types\/post"}],"author":[{"embeddable":true,"href":"https:\/\/www.septinoticias.com.mx\/index.php?rest_route=\/wp\/v2\/users\/1"}],"replies":[{"embeddable":true,"href":"https:\/\/www.septinoticias.com.mx\/index.php?rest_route=%2Fwp%2Fv2%2Fcomments&post=38099"}],"version-history":[{"count":4,"href":"https:\/\/www.septinoticias.com.mx\/index.php?rest_route=\/wp\/v2\/posts\/38099\/revisions"}],"predecessor-version":[{"id":38104,"href":"https:\/\/www.septinoticias.com.mx\/index.php?rest_route=\/wp\/v2\/posts\/38099\/revisions\/38104"}],"wp:featuredmedia":[{"embeddable":true,"href":"https:\/\/www.septinoticias.com.mx\/index.php?rest_route=\/wp\/v2\/media\/38101"}],"wp:attachment":[{"href":"https:\/\/www.septinoticias.com.mx\/index.php?rest_route=%2Fwp%2Fv2%2Fmedia&parent=38099"}],"wp:term":[{"taxonomy":"category","embeddable":true,"href":"https:\/\/www.septinoticias.com.mx\/index.php?rest_route=%2Fwp%2Fv2%2Fcategories&post=38099"},{"taxonomy":"post_tag","embeddable":true,"href":"https:\/\/www.septinoticias.com.mx\/index.php?rest_route=%2Fwp%2Fv2%2Ftags&post=38099"}],"curies":[{"name":"wp","href":"https:\/\/api.w.org\/{rel}","templated":true}]}}