{"id":37995,"date":"2024-01-04T17:44:20","date_gmt":"2024-01-04T17:44:20","guid":{"rendered":"https:\/\/www.septinoticias.com.mx\/?p=37995"},"modified":"2024-01-04T17:46:23","modified_gmt":"2024-01-04T17:46:23","slug":"subprocuraduria-poniente-obtiene-de-la-autoridad-judicial-auto-de-vinculacion-a-proceso-para-una-persona-investigada-por-secuestro-agravado","status":"publish","type":"post","link":"https:\/\/www.septinoticias.com.mx\/?p=37995","title":{"rendered":"Subprocuradur\u00eda Poniente Obtiene de la Autoridad Judicial Auto de Vinculaci\u00f3n a Proceso Para Una Persona Investigada Por Secuestro Agravado"},"content":{"rendered":"\t\t<div data-elementor-type=\"wp-post\" data-elementor-id=\"37995\" class=\"elementor elementor-37995\">\n\t\t\t\t\t\t\t\t\t<section class=\"elementor-section elementor-top-section elementor-element elementor-element-20bbcd3b elementor-section-boxed elementor-section-height-default elementor-section-height-default\" data-id=\"20bbcd3b\" data-element_type=\"section\">\n\t\t\t\t\t\t<div class=\"elementor-container elementor-column-gap-default\">\n\t\t\t\t\t<div class=\"elementor-column elementor-col-100 elementor-top-column elementor-element elementor-element-33be02ef\" data-id=\"33be02ef\" data-element_type=\"column\">\n\t\t\t<div class=\"elementor-widget-wrap elementor-element-populated\">\n\t\t\t\t\t\t\t\t<div class=\"elementor-element elementor-element-6c4a91f9 elementor-widget elementor-widget-text-editor\" data-id=\"6c4a91f9\" data-element_type=\"widget\" data-widget_type=\"text-editor.default\">\n\t\t\t\t<div class=\"elementor-widget-container\">\n\t\t\t<style>\/*! elementor - v3.10.1 - 17-01-2023 *\/\n.elementor-widget-text-editor.elementor-drop-cap-view-stacked .elementor-drop-cap{background-color:#818a91;color:#fff}.elementor-widget-text-editor.elementor-drop-cap-view-framed .elementor-drop-cap{color:#818a91;border:3px solid;background-color:transparent}.elementor-widget-text-editor:not(.elementor-drop-cap-view-default) .elementor-drop-cap{margin-top:8px}.elementor-widget-text-editor:not(.elementor-drop-cap-view-default) .elementor-drop-cap-letter{width:1em;height:1em}.elementor-widget-text-editor .elementor-drop-cap{float:left;text-align:center;line-height:1;font-size:50px}.elementor-widget-text-editor .elementor-drop-cap-letter{display:inline-block}<\/style>\t\t\t\t<p><strong>Pachuca, Hgo., 3 de enero de 2024.-<\/strong>Agentes del Ministerio P\u00fablico adscritos a la Subprocuradur\u00eda poniente, de la Procuradur\u00eda General de Justicia del Estado de Hidalgo (PGJEH), consiguieron que una jueza de control dictara el auto de vinculaci\u00f3n a proceso para una persona investigada por secuestro agravado, ocurrido en Tizayuca.<\/p><p>El pasado 23 de diciembre, la v\u00edctima fue privada de su libertad y llevada a un inmueble del fraccionamiento Rancho San Antonio, en el citado municipio, de donde fue rescatado por elementos de la polic\u00eda municipal.<\/p><p>En el lugar fue detenida una persona de iniciales E. R. R., quien mantuvo privada de su libertad a la v\u00edctima. Lo ocurrido fue denunciado ante la PGJEH, autoridad que inici\u00f3 la carpeta de investigaci\u00f3n correspondiente y se alleg\u00f3 de datos de prueba contra el probable.<\/p><p>En audiencia inicial, esta representaci\u00f3n social formul\u00f3 la imputaci\u00f3n contra E. R. R., y obtuvo el auto de vinculaci\u00f3n a proceso por hechos que ley sanciona como secuestro agravado.<\/p><p>Adem\u00e1s, dicha autoridad judicial, impuso para la persona imputada la medida cautelar de prisi\u00f3n preventiva y otorg\u00f3 un plazo de tres meses para el cierre de la investigaci\u00f3n complementaria.<\/p>\t\t\t\t\t\t<\/div>\n\t\t\t\t<\/div>\n\t\t\t\t\t<\/div>\n\t\t<\/div>\n\t\t\t\t\t\t\t<\/div>\n\t\t<\/section>\n\t\t\t\t\t\t\t<\/div>\n\t\t","protected":false},"excerpt":{"rendered":"<p>Pachuca, Hgo., 3 de enero de 2024.-Agentes del Ministerio P\u00fablico adscritos a la Subprocuradur\u00eda poniente, de la Procuradur\u00eda General de Justicia del Estado de Hidalgo (PGJEH), consiguieron que una jueza de control dictara el auto de vinculaci\u00f3n a proceso para una persona investigada por secuestro agravado, ocurrido en Tizayuca. El pasado 23 de diciembre, la [&hellip;]<\/p>\n","protected":false},"author":1,"featured_media":38001,"comment_status":"closed","ping_status":"open","sticky":false,"template":"","format":"standard","meta":[],"categories":[29],"tags":[],"_links":{"self":[{"href":"https:\/\/www.septinoticias.com.mx\/index.php?rest_route=\/wp\/v2\/posts\/37995"}],"collection":[{"href":"https:\/\/www.septinoticias.com.mx\/index.php?rest_route=\/wp\/v2\/posts"}],"about":[{"href":"https:\/\/www.septinoticias.com.mx\/index.php?rest_route=\/wp\/v2\/types\/post"}],"author":[{"embeddable":true,"href":"https:\/\/www.septinoticias.com.mx\/index.php?rest_route=\/wp\/v2\/users\/1"}],"replies":[{"embeddable":true,"href":"https:\/\/www.septinoticias.com.mx\/index.php?rest_route=%2Fwp%2Fv2%2Fcomments&post=37995"}],"version-history":[{"count":7,"href":"https:\/\/www.septinoticias.com.mx\/index.php?rest_route=\/wp\/v2\/posts\/37995\/revisions"}],"predecessor-version":[{"id":38004,"href":"https:\/\/www.septinoticias.com.mx\/index.php?rest_route=\/wp\/v2\/posts\/37995\/revisions\/38004"}],"wp:featuredmedia":[{"embeddable":true,"href":"https:\/\/www.septinoticias.com.mx\/index.php?rest_route=\/wp\/v2\/media\/38001"}],"wp:attachment":[{"href":"https:\/\/www.septinoticias.com.mx\/index.php?rest_route=%2Fwp%2Fv2%2Fmedia&parent=37995"}],"wp:term":[{"taxonomy":"category","embeddable":true,"href":"https:\/\/www.septinoticias.com.mx\/index.php?rest_route=%2Fwp%2Fv2%2Fcategories&post=37995"},{"taxonomy":"post_tag","embeddable":true,"href":"https:\/\/www.septinoticias.com.mx\/index.php?rest_route=%2Fwp%2Fv2%2Ftags&post=37995"}],"curies":[{"name":"wp","href":"https:\/\/api.w.org\/{rel}","templated":true}]}}