{"id":37967,"date":"2024-01-03T17:27:59","date_gmt":"2024-01-03T17:27:59","guid":{"rendered":"https:\/\/www.septinoticias.com.mx\/?p=37967"},"modified":"2024-01-03T17:29:57","modified_gmt":"2024-01-03T17:29:57","slug":"2024-inicia-con-aumentos-a-pensiones-de-bienestar-anuncia-ariadna-montiel","status":"publish","type":"post","link":"https:\/\/www.septinoticias.com.mx\/?p=37967","title":{"rendered":"2024 Inicia Con Aumentos a Pensiones de Bienestar, Anuncia Ariadna Montiel"},"content":{"rendered":"\t\t<div data-elementor-type=\"wp-post\" data-elementor-id=\"37967\" class=\"elementor elementor-37967\">\n\t\t\t\t\t\t\t\t\t<section class=\"elementor-section elementor-top-section elementor-element elementor-element-20bbcd3b elementor-section-boxed elementor-section-height-default elementor-section-height-default\" data-id=\"20bbcd3b\" data-element_type=\"section\">\n\t\t\t\t\t\t<div class=\"elementor-container elementor-column-gap-default\">\n\t\t\t\t\t<div class=\"elementor-column elementor-col-100 elementor-top-column elementor-element elementor-element-33be02ef\" data-id=\"33be02ef\" data-element_type=\"column\">\n\t\t\t<div class=\"elementor-widget-wrap elementor-element-populated\">\n\t\t\t\t\t\t\t\t<div class=\"elementor-element elementor-element-6c4a91f9 elementor-widget elementor-widget-text-editor\" data-id=\"6c4a91f9\" data-element_type=\"widget\" data-widget_type=\"text-editor.default\">\n\t\t\t\t<div class=\"elementor-widget-container\">\n\t\t\t<style>\/*! elementor - v3.10.1 - 17-01-2023 *\/\n.elementor-widget-text-editor.elementor-drop-cap-view-stacked .elementor-drop-cap{background-color:#818a91;color:#fff}.elementor-widget-text-editor.elementor-drop-cap-view-framed .elementor-drop-cap{color:#818a91;border:3px solid;background-color:transparent}.elementor-widget-text-editor:not(.elementor-drop-cap-view-default) .elementor-drop-cap{margin-top:8px}.elementor-widget-text-editor:not(.elementor-drop-cap-view-default) .elementor-drop-cap-letter{width:1em;height:1em}.elementor-widget-text-editor .elementor-drop-cap{float:left;text-align:center;line-height:1;font-size:50px}.elementor-widget-text-editor .elementor-drop-cap-letter{display:inline-block}<\/style>\t\t\t\t<p><strong>*Del 3 al 26 de enero se dispersa la pensi\u00f3n para adultos mayores; aumenta a seis mil pesos bimestrales; y para personas con discapacidad, tres mil 100 pesos<\/strong><\/p><p><strong>*Informan el calendario de pago de pensiones y programas de Bienestar para el primer bimestre del a\u00f1o<\/strong><\/p><p><strong>*Creci\u00f3 417% el monto de la Pensi\u00f3n para el Bienestar de las Personas Adultas Mayores en esta administraci\u00f3n<\/strong><\/p><p><strong>Ciudad de M\u00e9xico. 2 de enero 2024.-<\/strong> La secretaria de Bienestar, Ariadna Montiel Reyes, dio a conocer que 2024 inicia con el aumento de las Pensiones de Bienestar, y del 3 al 26 de enero se realiza la dispersi\u00f3n de recursos del bimestre enero-febrero, con lo cual se cumple el compromiso hecho por el presidente Andr\u00e9s Manuel L\u00f3pez Obrador en marzo de 2021 de aumentar sustancialmente el monto que reciben los derechohabientes.<\/p><p>En el bimestre enero-febrero, que iniciar\u00e1 su pago el d\u00eda de ma\u00f1ana, vamos a entregar esta pensi\u00f3n, este derecho a 12 millones 101 mil adultos mayores. La inversi\u00f3n social anual para 2024 que se nos ha asignado es de 465 mil 48 millones de pesos, dio a conocer Ariadna Montiel Reyes, Secretaria Del Bienestar, durante la conferencia matutina del Presidente Andr\u00e9s Manuel L\u00f3pez Obrador<\/p><p>Para 2024 se habr\u00e1 multiplicado por cinco veces el monto de esta pensi\u00f3n que se entrega bimestralmente a las y los adultos mayores.<\/p><p>La inversi\u00f3n que se ha hecho de los dos \u00faltimos sexenios anteriores al del presidente L\u00f3pez Obrador: 67 mil 859 millones de pesos en el sexenio del presidente Calder\u00f3n, 211 mil 886 millones de pesos en el sexenio del presidente Pe\u00f1a Nieto y en el sexenio del presidente L\u00f3pez Obrador un bill\u00f3n 440 mil 109 millones de pesos.<\/p><p>Destac\u00f3 que se ha podido realizar esta inversi\u00f3n gracias a la pol\u00edtica de austeridad y de combate a la corrupci\u00f3n, y aqu\u00ed el d\u00eda de hoy presentamos loa avances<\/p><p>Durante la conferencia de prensa matutina que encabez\u00f3 el presidente L\u00f3pez Obrador, desde Villahermosa, Tabasco, la secretaria Montiel Reyes se\u00f1al\u00f3 que la Pensi\u00f3n para el Bienestar de las Personas Adultas Mayores aumenta 25 por ciento, por lo que este a\u00f1o los derechohabientes reciben seis mil pesos bimestrales, con lo cual se concreta el aumento de 417 por ciento en esta administraci\u00f3n.<\/p><p>Record\u00f3 que, en el actual sexenio, de 2019 a 2024 se invierten un bill\u00f3n 440 mil millones 109 mil pesos en la pensi\u00f3n, a diferencia del periodo 2007-2012, en el que se invirtieron 67 mil 859 millones de pesos, o de 2013 a 2018, 211 mil 886 millones.<\/p><p>\u201cSe ha cumplido el compromiso del aumento del 25 por ciento anual a partir del 2021\u201d, precis\u00f3 al explicar que el monto de la pensi\u00f3n ha ido incrementando, con lo que se cumple el mandato del art\u00edculo 4\u00b0 constitucional respecto a que todos los a\u00f1os las Pensiones de Bienestar deben aumentar el monto.<\/p><p>Por otra parte, inform\u00f3 que los derechohabientes de la Pensi\u00f3n para el Bienestar de las Personas con Discapacidad aumentan de dos mil 950 pesos a tres mil 100 pesos bimestrales, lo que beneficia a un mill\u00f3n 482 mil 451 derechohabientes, para lo cual se cuenta en 2024, con presupuesto de 27 mil 860 millones de pesos; la inversi\u00f3n social anual de 2019 a 2024 es de 111 mil 396 millones de pesos.<\/p><p>22 estados cuentan con la universalidad de la pensi\u00f3n, gracias al convenio firmado entre el gobierno federal y los gobiernos estatales, que aportan cada uno 50 por ciento de la inversi\u00f3n para que personas con discapacidad de 30 a 64 a\u00f1os accedan a ella.<\/p><p>Ariadna Montiel a\u00f1adi\u00f3 que, para brindar mejor atenci\u00f3n, el dep\u00f3sito bancario se realiza de acuerdo con la letra del primer apellido del derechohabiente, bajo el siguiente calendario:<\/p><table><tbody><tr><td width=\"212\"><p><strong>Apellido que inicia con:<\/strong><\/p><\/td><td width=\"211\"><p><strong>D\u00eda<\/strong><\/p><\/td><td width=\"241\"><p><strong>Enero<\/strong><\/p><\/td><\/tr><tr><td width=\"212\"><p><strong>A<\/strong><\/p><\/td><td width=\"211\"><p><strong>Mi\u00e9rcoles<\/strong><\/p><\/td><td width=\"241\"><p><strong>3<\/strong><\/p><\/td><\/tr><tr><td width=\"212\"><p><strong>B<\/strong><\/p><\/td><td width=\"211\"><p><strong>Jueves<\/strong><\/p><\/td><td width=\"241\"><p><strong>4<\/strong><\/p><\/td><\/tr><tr><td width=\"212\"><p><strong>C<\/strong><\/p><\/td><td width=\"211\"><p><strong>Viernes<\/strong><\/p><\/td><td width=\"241\"><p><strong>5<\/strong><\/p><\/td><\/tr><tr><td width=\"212\"><p><strong>C<\/strong><\/p><\/td><td width=\"211\"><p><strong>Lunes<\/strong><\/p><\/td><td width=\"241\"><p><strong>8<\/strong><\/p><\/td><\/tr><tr><td width=\"212\"><p><strong>D, E, F<\/strong><\/p><\/td><td width=\"211\"><p><strong>Martes<\/strong><\/p><\/td><td width=\"241\"><p><strong>9<\/strong><\/p><\/td><\/tr><tr><td width=\"212\"><p><strong>G<\/strong><\/p><\/td><td width=\"211\"><p><strong>Mi\u00e9rcoles<\/strong><\/p><\/td><td width=\"241\"><p><strong>10<\/strong><\/p><\/td><\/tr><tr><td width=\"212\"><p><strong>G<\/strong><\/p><\/td><td width=\"211\"><p><strong>Jueves<\/strong><\/p><\/td><td width=\"241\"><p><strong>11<\/strong><\/p><\/td><\/tr><tr><td width=\"212\"><p><strong>H, I, J, K<\/strong><\/p><\/td><td width=\"211\"><p><strong>Viernes<\/strong><\/p><\/td><td width=\"241\"><p><strong>12<\/strong><\/p><\/td><\/tr><tr><td width=\"212\"><p><strong>L<\/strong><\/p><\/td><td width=\"211\"><p><strong>Lunes<\/strong><\/p><\/td><td width=\"241\"><p><strong>15<\/strong><\/p><\/td><\/tr><tr><td width=\"212\"><p><strong>M<\/strong><\/p><\/td><td width=\"211\"><p><strong>Martes<\/strong><\/p><\/td><td width=\"241\"><p><strong>16<\/strong><\/p><\/td><\/tr><tr><td width=\"212\"><p><strong>M<\/strong><\/p><\/td><td width=\"211\"><p><strong>Mi\u00e9rcoles<\/strong><\/p><\/td><td width=\"241\"><p><strong>17<\/strong><\/p><\/td><\/tr><tr><td width=\"212\"><p><strong>N, \u00d1, O<\/strong><\/p><\/td><td width=\"211\"><p><strong>Jueves<\/strong><\/p><\/td><td width=\"241\"><p><strong>18<\/strong><\/p><\/td><\/tr><tr><td width=\"212\"><p><strong>P, Q<\/strong><\/p><\/td><td width=\"211\"><p><strong>Viernes<\/strong><\/p><\/td><td width=\"241\"><p><strong>19<\/strong><\/p><\/td><\/tr><tr><td width=\"212\"><p><strong>R<\/strong><\/p><\/td><td width=\"211\"><p><strong>Lunes<\/strong><\/p><\/td><td width=\"241\"><p><strong>22<\/strong><\/p><\/td><\/tr><tr><td width=\"212\"><p><strong>R<\/strong><\/p><\/td><td width=\"211\"><p><strong>Martes<\/strong><\/p><\/td><td width=\"241\"><p><strong>23<\/strong><\/p><\/td><\/tr><tr><td width=\"212\"><p><strong>S<\/strong><\/p><\/td><td width=\"211\"><p><strong>Mi\u00e9rcoles<\/strong><\/p><\/td><td width=\"241\"><p><strong>24<\/strong><\/p><\/td><\/tr><tr><td width=\"212\"><p><strong>T, U<\/strong><\/p><\/td><td width=\"211\"><p><strong>Jueves<\/strong><\/p><\/td><td width=\"241\"><p><strong>25<\/strong><\/p><\/td><\/tr><tr><td width=\"212\"><p><strong>V, W, X, Y, Z<\/strong><\/p><\/td><td width=\"211\"><p><strong>Viernes<\/strong><\/p><\/td><td width=\"241\"><p><strong>26<\/strong><\/p><\/td><\/tr><\/tbody><\/table><p><strong>\u00a0<\/strong><\/p><p><strong>Para resolver cualquier duda, est\u00e1 disponible la p\u00e1gina oficial de la Secretar\u00eda de Bienestar:\u00a0<\/strong><a href=\"https:\/\/gob.mx\/bienestar\"><strong>gob.mx\/bienestar<\/strong><\/a><strong>\u00a0o la L\u00ednea de Bienestar 800-639-42-64<\/strong><\/p>\t\t\t\t\t\t<\/div>\n\t\t\t\t<\/div>\n\t\t\t\t\t<\/div>\n\t\t<\/div>\n\t\t\t\t\t\t\t<\/div>\n\t\t<\/section>\n\t\t\t\t\t\t\t<\/div>\n\t\t","protected":false},"excerpt":{"rendered":"<p>*Del 3 al 26 de enero se dispersa la pensi\u00f3n para adultos mayores; aumenta a seis mil pesos bimestrales; y para personas con discapacidad, tres mil 100 pesos *Informan el calendario de pago de pensiones y programas de Bienestar para el primer bimestre del a\u00f1o *Creci\u00f3 417% el monto de la Pensi\u00f3n para el Bienestar [&hellip;]<\/p>\n","protected":false},"author":1,"featured_media":37969,"comment_status":"closed","ping_status":"open","sticky":false,"template":"","format":"standard","meta":[],"categories":[9],"tags":[],"_links":{"self":[{"href":"https:\/\/www.septinoticias.com.mx\/index.php?rest_route=\/wp\/v2\/posts\/37967"}],"collection":[{"href":"https:\/\/www.septinoticias.com.mx\/index.php?rest_route=\/wp\/v2\/posts"}],"about":[{"href":"https:\/\/www.septinoticias.com.mx\/index.php?rest_route=\/wp\/v2\/types\/post"}],"author":[{"embeddable":true,"href":"https:\/\/www.septinoticias.com.mx\/index.php?rest_route=\/wp\/v2\/users\/1"}],"replies":[{"embeddable":true,"href":"https:\/\/www.septinoticias.com.mx\/index.php?rest_route=%2Fwp%2Fv2%2Fcomments&post=37967"}],"version-history":[{"count":5,"href":"https:\/\/www.septinoticias.com.mx\/index.php?rest_route=\/wp\/v2\/posts\/37967\/revisions"}],"predecessor-version":[{"id":37982,"href":"https:\/\/www.septinoticias.com.mx\/index.php?rest_route=\/wp\/v2\/posts\/37967\/revisions\/37982"}],"wp:featuredmedia":[{"embeddable":true,"href":"https:\/\/www.septinoticias.com.mx\/index.php?rest_route=\/wp\/v2\/media\/37969"}],"wp:attachment":[{"href":"https:\/\/www.septinoticias.com.mx\/index.php?rest_route=%2Fwp%2Fv2%2Fmedia&parent=37967"}],"wp:term":[{"taxonomy":"category","embeddable":true,"href":"https:\/\/www.septinoticias.com.mx\/index.php?rest_route=%2Fwp%2Fv2%2Fcategories&post=37967"},{"taxonomy":"post_tag","embeddable":true,"href":"https:\/\/www.septinoticias.com.mx\/index.php?rest_route=%2Fwp%2Fv2%2Ftags&post=37967"}],"curies":[{"name":"wp","href":"https:\/\/api.w.org\/{rel}","templated":true}]}}