{"id":37960,"date":"2024-01-03T17:22:19","date_gmt":"2024-01-03T17:22:19","guid":{"rendered":"https:\/\/www.septinoticias.com.mx\/?p=37960"},"modified":"2024-01-03T17:23:11","modified_gmt":"2024-01-03T17:23:11","slug":"el-arte-seguira-inundando-los-espacios-publicos-alejandro-velazquez","status":"publish","type":"post","link":"https:\/\/www.septinoticias.com.mx\/?p=37960","title":{"rendered":"El Arte Seguir\u00e1 Inundando Los Espacios P\u00fablicos: Alejandro Vel\u00e1zquez"},"content":{"rendered":"\t\t<div data-elementor-type=\"wp-post\" data-elementor-id=\"37960\" class=\"elementor elementor-37960\">\n\t\t\t\t\t\t\t\t\t<section class=\"elementor-section elementor-top-section elementor-element elementor-element-20bbcd3b elementor-section-boxed elementor-section-height-default elementor-section-height-default\" data-id=\"20bbcd3b\" data-element_type=\"section\">\n\t\t\t\t\t\t<div class=\"elementor-container elementor-column-gap-default\">\n\t\t\t\t\t<div class=\"elementor-column elementor-col-100 elementor-top-column elementor-element elementor-element-33be02ef\" data-id=\"33be02ef\" data-element_type=\"column\">\n\t\t\t<div class=\"elementor-widget-wrap elementor-element-populated\">\n\t\t\t\t\t\t\t\t<div class=\"elementor-element elementor-element-6c4a91f9 elementor-widget elementor-widget-text-editor\" data-id=\"6c4a91f9\" data-element_type=\"widget\" data-widget_type=\"text-editor.default\">\n\t\t\t\t<div class=\"elementor-widget-container\">\n\t\t\t<style>\/*! elementor - v3.10.1 - 17-01-2023 *\/\n.elementor-widget-text-editor.elementor-drop-cap-view-stacked .elementor-drop-cap{background-color:#818a91;color:#fff}.elementor-widget-text-editor.elementor-drop-cap-view-framed .elementor-drop-cap{color:#818a91;border:3px solid;background-color:transparent}.elementor-widget-text-editor:not(.elementor-drop-cap-view-default) .elementor-drop-cap{margin-top:8px}.elementor-widget-text-editor:not(.elementor-drop-cap-view-default) .elementor-drop-cap-letter{width:1em;height:1em}.elementor-widget-text-editor .elementor-drop-cap{float:left;text-align:center;line-height:1;font-size:50px}.elementor-widget-text-editor .elementor-drop-cap-letter{display:inline-block}<\/style>\t\t\t\t<p><strong>*En 2024 se seguir\u00e1 impulsando la recuperaci\u00f3n de espacios, a trav\u00e9s de las y los artistas hidalguenses que decidan participar en muestras culturales<\/strong><\/p><p><strong>Pachuca, Hgo., 2 de enero de 2024.-<\/strong>El secretario del Despacho del Gobernador, Alejandro Vel\u00e1zquez, destac\u00f3 que uno de los principales objetivos de la actual administraci\u00f3n es recuperar los espacios p\u00fablicos y el patrimonio que le pertenecen a las y los hidalguenses, por lo que destac\u00f3 el inter\u00e9s que la ciudadan\u00eda ha mostrado al visitar la exposici\u00f3n gr\u00e1fica ubicada en la sede del Ejecutivo estatal.<\/p><p>\u201cDesde el inicio de su sexenio, el gobernador Julio Menchaca Salazar nos instruy\u00f3 a generar los mecanismos necesarios para recuperar los espacios que le pertenecen al pueblo, y estas exposiciones son un gran reconocimiento que les hace el gobierno del estado a las y los artistas, las y los creadores que tienen esta disposici\u00f3n de compartir su obra con la poblaci\u00f3n que viene a Palacio de Gobierno\u201d, indic\u00f3 el servidor p\u00fablico.<\/p><p>Bajo este tenor, adelant\u00f3 que debido a la buena respuesta por parte de las y los artistas, as\u00ed como de quien visita esta exposici\u00f3n, se mantienen los trabajos de colaboraci\u00f3n intersecretarial para seguir llevando estos ejercicios a otras sedes gubernamentales, como una muestra de que nunca m\u00e1s se volver\u00e1n a callar las voces de quienes deciden expresarse a trav\u00e9s de las artes.<\/p><p>\u201cLa intenci\u00f3n es generar convocatorias para murales, festivales en la Plaza Ju\u00e1rez, entre otras actividades que se est\u00e1n coordinando con la Secretar\u00eda de Cultura y su programa sectorial\u201d, manifest\u00f3 Vel\u00e1zquez Mendoza al refrendar el compromiso del Gobierno de Hidalgo para impulsar el talento local y generar v\u00ednculos directos y sin intermediarios entre la comunidad art\u00edstica con personas interesadas en adquirir su obra.<\/p><p>El titular del Despacho a\u00f1adi\u00f3 que actualmente se encuentra abierta a p\u00fablico \u201cK\u00e9nosis, intervenci\u00f3n gr\u00e1fica 1.2\u201d, la cual podr\u00e1 ser visitada una vez concluido el periodo vacacional decembrino de las y los bur\u00f3cratas, es decir a partir del pr\u00f3ximo 8 de enero de 2024 en un horario de 9 de la ma\u00f1ana a 6 de la tarde de manera completamente gratuita.<\/p>\t\t\t\t\t\t<\/div>\n\t\t\t\t<\/div>\n\t\t\t\t\t<\/div>\n\t\t<\/div>\n\t\t\t\t\t\t\t<\/div>\n\t\t<\/section>\n\t\t\t\t\t\t\t<\/div>\n\t\t","protected":false},"excerpt":{"rendered":"<p>*En 2024 se seguir\u00e1 impulsando la recuperaci\u00f3n de espacios, a trav\u00e9s de las y los artistas hidalguenses que decidan participar en muestras culturales Pachuca, Hgo., 2 de enero de 2024.-El secretario del Despacho del Gobernador, Alejandro Vel\u00e1zquez, destac\u00f3 que uno de los principales objetivos de la actual administraci\u00f3n es recuperar los espacios p\u00fablicos y el [&hellip;]<\/p>\n","protected":false},"author":1,"featured_media":37962,"comment_status":"closed","ping_status":"open","sticky":false,"template":"","format":"standard","meta":[],"categories":[9],"tags":[],"_links":{"self":[{"href":"https:\/\/www.septinoticias.com.mx\/index.php?rest_route=\/wp\/v2\/posts\/37960"}],"collection":[{"href":"https:\/\/www.septinoticias.com.mx\/index.php?rest_route=\/wp\/v2\/posts"}],"about":[{"href":"https:\/\/www.septinoticias.com.mx\/index.php?rest_route=\/wp\/v2\/types\/post"}],"author":[{"embeddable":true,"href":"https:\/\/www.septinoticias.com.mx\/index.php?rest_route=\/wp\/v2\/users\/1"}],"replies":[{"embeddable":true,"href":"https:\/\/www.septinoticias.com.mx\/index.php?rest_route=%2Fwp%2Fv2%2Fcomments&post=37960"}],"version-history":[{"count":4,"href":"https:\/\/www.septinoticias.com.mx\/index.php?rest_route=\/wp\/v2\/posts\/37960\/revisions"}],"predecessor-version":[{"id":37965,"href":"https:\/\/www.septinoticias.com.mx\/index.php?rest_route=\/wp\/v2\/posts\/37960\/revisions\/37965"}],"wp:featuredmedia":[{"embeddable":true,"href":"https:\/\/www.septinoticias.com.mx\/index.php?rest_route=\/wp\/v2\/media\/37962"}],"wp:attachment":[{"href":"https:\/\/www.septinoticias.com.mx\/index.php?rest_route=%2Fwp%2Fv2%2Fmedia&parent=37960"}],"wp:term":[{"taxonomy":"category","embeddable":true,"href":"https:\/\/www.septinoticias.com.mx\/index.php?rest_route=%2Fwp%2Fv2%2Fcategories&post=37960"},{"taxonomy":"post_tag","embeddable":true,"href":"https:\/\/www.septinoticias.com.mx\/index.php?rest_route=%2Fwp%2Fv2%2Ftags&post=37960"}],"curies":[{"name":"wp","href":"https:\/\/api.w.org\/{rel}","templated":true}]}}