{"id":37918,"date":"2024-01-03T17:03:45","date_gmt":"2024-01-03T17:03:45","guid":{"rendered":"https:\/\/www.septinoticias.com.mx\/?p=37918"},"modified":"2024-01-03T17:04:38","modified_gmt":"2024-01-03T17:04:38","slug":"62-estudiantes-y-docentes-de-la-upt-realizaron-movilidad-internacional-en-diferentes-paises","status":"publish","type":"post","link":"https:\/\/www.septinoticias.com.mx\/?p=37918","title":{"rendered":"62 Estudiantes y Docentes de la UPT Realizaron Movilidad Internacional en Diferentes Pa\u00edses"},"content":{"rendered":"\t\t<div data-elementor-type=\"wp-post\" data-elementor-id=\"37918\" class=\"elementor elementor-37918\">\n\t\t\t\t\t\t\t\t\t<section class=\"elementor-section elementor-top-section elementor-element elementor-element-20bbcd3b elementor-section-boxed elementor-section-height-default elementor-section-height-default\" data-id=\"20bbcd3b\" data-element_type=\"section\">\n\t\t\t\t\t\t<div class=\"elementor-container elementor-column-gap-default\">\n\t\t\t\t\t<div class=\"elementor-column elementor-col-100 elementor-top-column elementor-element elementor-element-33be02ef\" data-id=\"33be02ef\" data-element_type=\"column\">\n\t\t\t<div class=\"elementor-widget-wrap elementor-element-populated\">\n\t\t\t\t\t\t\t\t<div class=\"elementor-element elementor-element-6c4a91f9 elementor-widget elementor-widget-text-editor\" data-id=\"6c4a91f9\" data-element_type=\"widget\" data-widget_type=\"text-editor.default\">\n\t\t\t\t<div class=\"elementor-widget-container\">\n\t\t\t<style>\/*! elementor - v3.10.1 - 17-01-2023 *\/\n.elementor-widget-text-editor.elementor-drop-cap-view-stacked .elementor-drop-cap{background-color:#818a91;color:#fff}.elementor-widget-text-editor.elementor-drop-cap-view-framed .elementor-drop-cap{color:#818a91;border:3px solid;background-color:transparent}.elementor-widget-text-editor:not(.elementor-drop-cap-view-default) .elementor-drop-cap{margin-top:8px}.elementor-widget-text-editor:not(.elementor-drop-cap-view-default) .elementor-drop-cap-letter{width:1em;height:1em}.elementor-widget-text-editor .elementor-drop-cap{float:left;text-align:center;line-height:1;font-size:50px}.elementor-widget-text-editor .elementor-drop-cap-letter{display:inline-block}<\/style>\t\t\t\t<p><strong>Tulancingo, Hgo., 2 de enero de 2023.-<\/strong>El Rector de la Universidad Polit\u00e9cnica de Tulancingo (UPT), Felipe Olimpo Dur\u00e1n Rocha, inform\u00f3 qu\u00e9 gracias al apoyo por parte del Gobierno Federal y Estatal, se ha logrado en los \u00faltimos diez meses la movilidad de 62 integrantes de esta comunidad universitaria, tanto estudiantes como docentes; lo cual les permite fortalecer sus competencias profesionales y vivir una experiencia enriquecedora que ampli\u00f3 su visi\u00f3n, puso a prueba sus conocimientos y capacidad de adaptaci\u00f3n.\u00a0<\/p><p>\u201cLo anterior, refrenda mi compromiso con la formaci\u00f3n acad\u00e9mica de estudiantes y la mejora del servicio educativo del cuerpo docente de esta gran y noble instituci\u00f3n, al otorgar herramientas necesarias, de esta manera se realiz\u00f3 la movilidad internacional en escuelas de: Estados Unidos, Canad\u00e1 y Colombia\u201d, puntualiz\u00f3 Dur\u00e1n Rocha.<\/p><p>Por citar algunos casos, se encuentran de la Licenciatura en Negocios Internacionales (LNI), Sebasti\u00e1n Anaya Garc\u00eda cursar\u00e1 el 5to cuatrimestre, en la Instituci\u00f3n Universitaria de Colegios de Colombia UNICOC; de la Ingenier\u00eda en Sistemas Computacionales (ISC), Yuseivy Barrera Santos y Juan \u00c1ngel Chimal G\u00f3mez, ingresar\u00e1n a 8vo cuatrimestre a la Universidad Sim\u00f3n Bol\u00edvar en Colombia; es importante mencionar que el periodo de movilidad para ellos, ser\u00e1 a partir de este mes y concluir\u00e1 en junio.<\/p><p>Gracias a los convenios de colaboraci\u00f3n con la Secretar\u00eda de Relaciones Exteriores, estudiantes realizan sus pr\u00e1cticas profesionales en Consulados de M\u00e9xico en otros pa\u00edses, de enero a abril; tal es el caso de Ana Rub\u00ed M\u00e1rquez S\u00e1nchez y Maricruz Alvarado \u00c1nimas de LNI, quienes viajar\u00e1n a Phoenix, Arizona y San Jos\u00e9, California en Estados Unidos; Toronto, Canad\u00e1 recibir\u00e1 a los estudiantes de ISC, Jennifer Stephanie Huayatla Avenda\u00f1o y Bryan Jaciel Lechuga Hern\u00e1ndez, de igual forma V\u00edctor Manuel Mu\u00f1oz T\u00e9llez viajar\u00e1 a Montreal para continuar con su formaci\u00f3n.<\/p><p>Finalmente, el Rector de la UPT, invit\u00f3 a nuevas generaciones de esta casa de estudios a acercarse la Direcci\u00f3n de Vinculaci\u00f3n y Extensi\u00f3n de esta casa de estudios, para conocer las universidades con las cuales se tiene convenio y as\u00ed puedan concluir sus estudios en otra escuela en el territorio mexicano u otro pa\u00eds.<\/p>\t\t\t\t\t\t<\/div>\n\t\t\t\t<\/div>\n\t\t\t\t\t<\/div>\n\t\t<\/div>\n\t\t\t\t\t\t\t<\/div>\n\t\t<\/section>\n\t\t\t\t\t\t\t<\/div>\n\t\t","protected":false},"excerpt":{"rendered":"<p>Tulancingo, Hgo., 2 de enero de 2023.-El Rector de la Universidad Polit\u00e9cnica de Tulancingo (UPT), Felipe Olimpo Dur\u00e1n Rocha, inform\u00f3 qu\u00e9 gracias al apoyo por parte del Gobierno Federal y Estatal, se ha logrado en los \u00faltimos diez meses la movilidad de 62 integrantes de esta comunidad universitaria, tanto estudiantes como docentes; lo cual les [&hellip;]<\/p>\n","protected":false},"author":1,"featured_media":37920,"comment_status":"closed","ping_status":"open","sticky":false,"template":"","format":"standard","meta":[],"categories":[4],"tags":[],"_links":{"self":[{"href":"https:\/\/www.septinoticias.com.mx\/index.php?rest_route=\/wp\/v2\/posts\/37918"}],"collection":[{"href":"https:\/\/www.septinoticias.com.mx\/index.php?rest_route=\/wp\/v2\/posts"}],"about":[{"href":"https:\/\/www.septinoticias.com.mx\/index.php?rest_route=\/wp\/v2\/types\/post"}],"author":[{"embeddable":true,"href":"https:\/\/www.septinoticias.com.mx\/index.php?rest_route=\/wp\/v2\/users\/1"}],"replies":[{"embeddable":true,"href":"https:\/\/www.septinoticias.com.mx\/index.php?rest_route=%2Fwp%2Fv2%2Fcomments&post=37918"}],"version-history":[{"count":4,"href":"https:\/\/www.septinoticias.com.mx\/index.php?rest_route=\/wp\/v2\/posts\/37918\/revisions"}],"predecessor-version":[{"id":37923,"href":"https:\/\/www.septinoticias.com.mx\/index.php?rest_route=\/wp\/v2\/posts\/37918\/revisions\/37923"}],"wp:featuredmedia":[{"embeddable":true,"href":"https:\/\/www.septinoticias.com.mx\/index.php?rest_route=\/wp\/v2\/media\/37920"}],"wp:attachment":[{"href":"https:\/\/www.septinoticias.com.mx\/index.php?rest_route=%2Fwp%2Fv2%2Fmedia&parent=37918"}],"wp:term":[{"taxonomy":"category","embeddable":true,"href":"https:\/\/www.septinoticias.com.mx\/index.php?rest_route=%2Fwp%2Fv2%2Fcategories&post=37918"},{"taxonomy":"post_tag","embeddable":true,"href":"https:\/\/www.septinoticias.com.mx\/index.php?rest_route=%2Fwp%2Fv2%2Ftags&post=37918"}],"curies":[{"name":"wp","href":"https:\/\/api.w.org\/{rel}","templated":true}]}}