{"id":37888,"date":"2024-01-03T16:55:41","date_gmt":"2024-01-03T16:55:41","guid":{"rendered":"https:\/\/www.septinoticias.com.mx\/?p=37888"},"modified":"2024-01-03T16:57:27","modified_gmt":"2024-01-03T16:57:27","slug":"mediante-apelacion-la-pgjeh-consigue-sentencia-de-56-anos-de-prision-para-responsable-de-desaparicion-cometida-por-particulares-ocurrida-en-el-bar-jalisco-no-te-rajes","status":"publish","type":"post","link":"https:\/\/www.septinoticias.com.mx\/?p=37888","title":{"rendered":"Mediante Apelaci\u00f3n, la PGJEH Consigue Sentencia de 56 A\u00f1os de Prisi\u00f3n Para Responsable de Desaparici\u00f3n Cometida Por Particulares, Ocurrida En El Bar \u201cJalisco No Te Rajes\u201d"},"content":{"rendered":"\t\t<div data-elementor-type=\"wp-post\" data-elementor-id=\"37888\" class=\"elementor elementor-37888\">\n\t\t\t\t\t\t\t\t\t<section class=\"elementor-section elementor-top-section elementor-element elementor-element-20bbcd3b elementor-section-boxed elementor-section-height-default elementor-section-height-default\" data-id=\"20bbcd3b\" data-element_type=\"section\">\n\t\t\t\t\t\t<div class=\"elementor-container elementor-column-gap-default\">\n\t\t\t\t\t<div class=\"elementor-column elementor-col-100 elementor-top-column elementor-element elementor-element-33be02ef\" data-id=\"33be02ef\" data-element_type=\"column\">\n\t\t\t<div class=\"elementor-widget-wrap elementor-element-populated\">\n\t\t\t\t\t\t\t\t<div class=\"elementor-element elementor-element-6c4a91f9 elementor-widget elementor-widget-text-editor\" data-id=\"6c4a91f9\" data-element_type=\"widget\" data-widget_type=\"text-editor.default\">\n\t\t\t\t<div class=\"elementor-widget-container\">\n\t\t\t<style>\/*! elementor - v3.10.1 - 17-01-2023 *\/\n.elementor-widget-text-editor.elementor-drop-cap-view-stacked .elementor-drop-cap{background-color:#818a91;color:#fff}.elementor-widget-text-editor.elementor-drop-cap-view-framed .elementor-drop-cap{color:#818a91;border:3px solid;background-color:transparent}.elementor-widget-text-editor:not(.elementor-drop-cap-view-default) .elementor-drop-cap{margin-top:8px}.elementor-widget-text-editor:not(.elementor-drop-cap-view-default) .elementor-drop-cap-letter{width:1em;height:1em}.elementor-widget-text-editor .elementor-drop-cap{float:left;text-align:center;line-height:1;font-size:50px}.elementor-widget-text-editor .elementor-drop-cap-letter{display:inline-block}<\/style>\t\t\t\t<p><strong>Pachuca, Hgo., 2 de enero de 2024.-<\/strong>La Subprocuradur\u00eda de Delitos de G\u00e9nero Desaparici\u00f3n de Personas e Impacto Social, de la Procuradur\u00eda General de Justicia del Estado de Hidalgo (PGJEH), apel\u00f3 una sentencia de 37 a\u00f1os de prisi\u00f3n para una persona responsable de desaparici\u00f3n cometida por particulares y como resultado de dicho medio de impugnaci\u00f3n, la autoridad judicial impuso una nueva sentencia, de 56 a\u00f1os y tres meses de prisi\u00f3n.<\/p><p>En febrero de 2022, la v\u00edctima fue vista por \u00faltima vez en el estacionamiento del bar \u201cJalisco no te rajes\u201d, ubicado en Pachuca de Soto.<\/p><p>Ante la denuncia por desaparici\u00f3n de la v\u00edctima, agentes del Ministerio P\u00fablico encargados de dirigir la investigaci\u00f3n, se allegaron de datos de prueba y se determin\u00f3 la identidad de quien en ese momento era el probable responsable, quien responde a las iniciales A. G. Z.<\/p><p>Con base en las indagatorias, esta representaci\u00f3n social solicit\u00f3 la orden de aprehensi\u00f3n, misma que fue concedida por un juez de control y ejecutada por agentes de la Divisi\u00f3n de Investigaci\u00f3n adscritos a la Subprocuradur\u00eda de Delitos de G\u00e9nero Desaparici\u00f3n de Personas e Impacto Social.<\/p><p>Durante la audiencia inicial el Ministerio P\u00fablico formul\u00f3 la imputaci\u00f3n y obtuvo vinculaci\u00f3n a proceso para A. G. Z., una vez agotadas todas las etapas del proceso penal, un tribunal de enjuiciamiento dict\u00f3 fallo condenatorio y en audiencia de individualizaci\u00f3n de sanciones, al responsable de la conducta delictiva le fue impuesta una sentencia de 37 a\u00f1os y seis meses de prisi\u00f3n, una multa econ\u00f3mica y el pago por concepto de la reparaci\u00f3n del da\u00f1o.<\/p><p>Sin embargo, esta representaci\u00f3n social inconforme de la sentencia emitida por el tribunal de enjuiciamiento contra el responsable del delito, interpuso un recurso de apelaci\u00f3n sobre la sentencia emitida el pasado 18 de agosto.<\/p><p>La autoridad judicial resolvi\u00f3 modificar dicha sentencia y conden\u00f3 a A. G. Z., a 56 a\u00f1os y tres meses de prisi\u00f3n por su responsabilidad en el delito de desaparici\u00f3n cometida por particulares, adem\u00e1s se impuso una multa econ\u00f3mica y el pago por concepto de la reparaci\u00f3n del da\u00f1o.<\/p>\t\t\t\t\t\t<\/div>\n\t\t\t\t<\/div>\n\t\t\t\t\t<\/div>\n\t\t<\/div>\n\t\t\t\t\t\t\t<\/div>\n\t\t<\/section>\n\t\t\t\t\t\t\t<\/div>\n\t\t","protected":false},"excerpt":{"rendered":"<p>Pachuca, Hgo., 2 de enero de 2024.-La Subprocuradur\u00eda de Delitos de G\u00e9nero Desaparici\u00f3n de Personas e Impacto Social, de la Procuradur\u00eda General de Justicia del Estado de Hidalgo (PGJEH), apel\u00f3 una sentencia de 37 a\u00f1os de prisi\u00f3n para una persona responsable de desaparici\u00f3n cometida por particulares y como resultado de dicho medio de impugnaci\u00f3n, la [&hellip;]<\/p>\n","protected":false},"author":1,"featured_media":37890,"comment_status":"closed","ping_status":"open","sticky":false,"template":"","format":"standard","meta":[],"categories":[29],"tags":[],"_links":{"self":[{"href":"https:\/\/www.septinoticias.com.mx\/index.php?rest_route=\/wp\/v2\/posts\/37888"}],"collection":[{"href":"https:\/\/www.septinoticias.com.mx\/index.php?rest_route=\/wp\/v2\/posts"}],"about":[{"href":"https:\/\/www.septinoticias.com.mx\/index.php?rest_route=\/wp\/v2\/types\/post"}],"author":[{"embeddable":true,"href":"https:\/\/www.septinoticias.com.mx\/index.php?rest_route=\/wp\/v2\/users\/1"}],"replies":[{"embeddable":true,"href":"https:\/\/www.septinoticias.com.mx\/index.php?rest_route=%2Fwp%2Fv2%2Fcomments&post=37888"}],"version-history":[{"count":4,"href":"https:\/\/www.septinoticias.com.mx\/index.php?rest_route=\/wp\/v2\/posts\/37888\/revisions"}],"predecessor-version":[{"id":37893,"href":"https:\/\/www.septinoticias.com.mx\/index.php?rest_route=\/wp\/v2\/posts\/37888\/revisions\/37893"}],"wp:featuredmedia":[{"embeddable":true,"href":"https:\/\/www.septinoticias.com.mx\/index.php?rest_route=\/wp\/v2\/media\/37890"}],"wp:attachment":[{"href":"https:\/\/www.septinoticias.com.mx\/index.php?rest_route=%2Fwp%2Fv2%2Fmedia&parent=37888"}],"wp:term":[{"taxonomy":"category","embeddable":true,"href":"https:\/\/www.septinoticias.com.mx\/index.php?rest_route=%2Fwp%2Fv2%2Fcategories&post=37888"},{"taxonomy":"post_tag","embeddable":true,"href":"https:\/\/www.septinoticias.com.mx\/index.php?rest_route=%2Fwp%2Fv2%2Ftags&post=37888"}],"curies":[{"name":"wp","href":"https:\/\/api.w.org\/{rel}","templated":true}]}}