{"id":37801,"date":"2024-01-02T16:55:08","date_gmt":"2024-01-02T16:55:08","guid":{"rendered":"https:\/\/www.septinoticias.com.mx\/?p=37801"},"modified":"2024-01-02T16:55:49","modified_gmt":"2024-01-02T16:55:49","slug":"docentes-de-la-upt-reciben-capacitacion","status":"publish","type":"post","link":"https:\/\/www.septinoticias.com.mx\/?p=37801","title":{"rendered":"Docentes de la UPT Reciben Capacitaci\u00f3n"},"content":{"rendered":"\t\t<div data-elementor-type=\"wp-post\" data-elementor-id=\"37801\" class=\"elementor elementor-37801\">\n\t\t\t\t\t\t\t\t\t<section class=\"elementor-section elementor-top-section elementor-element elementor-element-20bbcd3b elementor-section-boxed elementor-section-height-default elementor-section-height-default\" data-id=\"20bbcd3b\" data-element_type=\"section\">\n\t\t\t\t\t\t<div class=\"elementor-container elementor-column-gap-default\">\n\t\t\t\t\t<div class=\"elementor-column elementor-col-100 elementor-top-column elementor-element elementor-element-33be02ef\" data-id=\"33be02ef\" data-element_type=\"column\">\n\t\t\t<div class=\"elementor-widget-wrap elementor-element-populated\">\n\t\t\t\t\t\t\t\t<div class=\"elementor-element elementor-element-6c4a91f9 elementor-widget elementor-widget-text-editor\" data-id=\"6c4a91f9\" data-element_type=\"widget\" data-widget_type=\"text-editor.default\">\n\t\t\t\t<div class=\"elementor-widget-container\">\n\t\t\t<style>\/*! elementor - v3.10.1 - 17-01-2023 *\/\n.elementor-widget-text-editor.elementor-drop-cap-view-stacked .elementor-drop-cap{background-color:#818a91;color:#fff}.elementor-widget-text-editor.elementor-drop-cap-view-framed .elementor-drop-cap{color:#818a91;border:3px solid;background-color:transparent}.elementor-widget-text-editor:not(.elementor-drop-cap-view-default) .elementor-drop-cap{margin-top:8px}.elementor-widget-text-editor:not(.elementor-drop-cap-view-default) .elementor-drop-cap-letter{width:1em;height:1em}.elementor-widget-text-editor .elementor-drop-cap{float:left;text-align:center;line-height:1;font-size:50px}.elementor-widget-text-editor .elementor-drop-cap-letter{display:inline-block}<\/style>\t\t\t\t<p><strong>Tulancingo, Hgo. a 30 de diciembre de 2023.-<\/strong>Como resultado de los trabajos de vinculaci\u00f3n con instituciones de educaci\u00f3n media superior y como parte del fortalecimiento en la educaci\u00f3n impartida en la Universidad Polit\u00e9cnica de Tulancingo (UPT), se llev\u00f3 a cabo el taller \u201cEl Papel del Tutor en la Educaci\u00f3n Superior\u201d, el cual tuvo duraci\u00f3n de 30 horas, de las cuales 21 fueron de manera presencial y nueve de forma virtual; \u00e9ste, fue impartido por Mar\u00eda In\u00e9s M\u00e9ndez Temis, quien es facilitadora por parte del Colegio Nacional de Educaci\u00f3n Profesional T\u00e9cnica (CONALEP) Hidalgo.<\/p><p>Por lo anterior, el Rector de la UPT, Felipe Olimpo Dur\u00e1n Rocha, entreg\u00f3 reconocimientos a los docentes participantes en el taller, destacando la importancia de los tutores en la formaci\u00f3n profesional, debido a la orientaci\u00f3n acad\u00e9mica que brindan, adem\u00e1s de coadyuvar al desarrollo de habilidades y el fomento al aprendizaje en los estudiantes; de igual forma, impactan en la disminuci\u00f3n de la deserci\u00f3n escolar y lograr que los j\u00f3venes contin\u00faen y culminen su carrera profesional, de manera satisfactoria.<\/p><p>Tambi\u00e9n agradeci\u00f3 a los docentes, quienes adem\u00e1s de realizar las actividades acad\u00e9micas frente a grupo, desarrollan el trabajo como tutores, permitiendo que tanto su orientaci\u00f3n y apoyo contribuyan significativamente al \u00e9xito estudiantil y al bienestar general de los j\u00f3venes durante su formaci\u00f3n universitaria; asimismo, comparti\u00f3 que es la primera vez que esta casa de estudios, lleva a cabo dicha capacitaci\u00f3n dirigida a catedr\u00e1ticos, en la cual se abordaron temas como la motivaci\u00f3n, consejer\u00eda y rezago educativo, entre otros.<\/p><p>El evento cont\u00f3 con la presencia del Director General del CONALEP Hidalgo, Abel Rojo Mu\u00f1oz quien, al hacer uso de la voz, reconoci\u00f3 que \u00e9sta es una tarea invaluable para el pa\u00eds, el estado y la regi\u00f3n; puntualiz\u00f3 que la educaci\u00f3n es una variable importante en la superaci\u00f3n personal de los individuos, adem\u00e1s de otorgar mediante los tutores, las herramientas para cumplir los objetivos de formaci\u00f3n y equidad social.<\/p><p>Dur\u00e1n Rocha, mencion\u00f3 que los tutores son parte fundamental para identificar incidentes y necesidades de los alumnos, en el aspecto acad\u00e9mico, personal y emocional, \u201crefrendo mi compromiso para capacitar a nuestros docentes y continuar con la formaci\u00f3n de mejores profesionistas\u201d, finalmente agradeci\u00f3 la asistencia y entusiasmo demostrado por parte de los catedr\u00e1ticos, al asistir a este taller y los exhort\u00f3 a continuar prepar\u00e1ndose en diferentes rubros educativos.<\/p>\t\t\t\t\t\t<\/div>\n\t\t\t\t<\/div>\n\t\t\t\t\t<\/div>\n\t\t<\/div>\n\t\t\t\t\t\t\t<\/div>\n\t\t<\/section>\n\t\t\t\t\t\t\t<\/div>\n\t\t","protected":false},"excerpt":{"rendered":"<p>Tulancingo, Hgo. a 30 de diciembre de 2023.-Como resultado de los trabajos de vinculaci\u00f3n con instituciones de educaci\u00f3n media superior y como parte del fortalecimiento en la educaci\u00f3n impartida en la Universidad Polit\u00e9cnica de Tulancingo (UPT), se llev\u00f3 a cabo el taller \u201cEl Papel del Tutor en la Educaci\u00f3n Superior\u201d, el cual tuvo duraci\u00f3n de [&hellip;]<\/p>\n","protected":false},"author":1,"featured_media":37803,"comment_status":"closed","ping_status":"open","sticky":false,"template":"","format":"standard","meta":[],"categories":[4],"tags":[],"_links":{"self":[{"href":"https:\/\/www.septinoticias.com.mx\/index.php?rest_route=\/wp\/v2\/posts\/37801"}],"collection":[{"href":"https:\/\/www.septinoticias.com.mx\/index.php?rest_route=\/wp\/v2\/posts"}],"about":[{"href":"https:\/\/www.septinoticias.com.mx\/index.php?rest_route=\/wp\/v2\/types\/post"}],"author":[{"embeddable":true,"href":"https:\/\/www.septinoticias.com.mx\/index.php?rest_route=\/wp\/v2\/users\/1"}],"replies":[{"embeddable":true,"href":"https:\/\/www.septinoticias.com.mx\/index.php?rest_route=%2Fwp%2Fv2%2Fcomments&post=37801"}],"version-history":[{"count":4,"href":"https:\/\/www.septinoticias.com.mx\/index.php?rest_route=\/wp\/v2\/posts\/37801\/revisions"}],"predecessor-version":[{"id":37806,"href":"https:\/\/www.septinoticias.com.mx\/index.php?rest_route=\/wp\/v2\/posts\/37801\/revisions\/37806"}],"wp:featuredmedia":[{"embeddable":true,"href":"https:\/\/www.septinoticias.com.mx\/index.php?rest_route=\/wp\/v2\/media\/37803"}],"wp:attachment":[{"href":"https:\/\/www.septinoticias.com.mx\/index.php?rest_route=%2Fwp%2Fv2%2Fmedia&parent=37801"}],"wp:term":[{"taxonomy":"category","embeddable":true,"href":"https:\/\/www.septinoticias.com.mx\/index.php?rest_route=%2Fwp%2Fv2%2Fcategories&post=37801"},{"taxonomy":"post_tag","embeddable":true,"href":"https:\/\/www.septinoticias.com.mx\/index.php?rest_route=%2Fwp%2Fv2%2Ftags&post=37801"}],"curies":[{"name":"wp","href":"https:\/\/api.w.org\/{rel}","templated":true}]}}