{"id":37771,"date":"2024-01-02T16:44:16","date_gmt":"2024-01-02T16:44:16","guid":{"rendered":"https:\/\/www.septinoticias.com.mx\/?p=37771"},"modified":"2024-01-02T16:45:19","modified_gmt":"2024-01-02T16:45:19","slug":"tania-alessi-marin-de-mexicana-universal-y-agente-del-ministerio-publico-adscrito-a-la-pgjeh-fallecio-en-accidente-automovilistico","status":"publish","type":"post","link":"https:\/\/www.septinoticias.com.mx\/?p=37771","title":{"rendered":"Tania Alessi Mar\u00edn de Mexicana Universal y Agente del Ministerio P\u00fablico Adscrito a la PGJEH Falleci\u00f3 en Accidente Automovil\u00edstico"},"content":{"rendered":"\t\t<div data-elementor-type=\"wp-post\" data-elementor-id=\"37771\" class=\"elementor elementor-37771\">\n\t\t\t\t\t\t\t\t\t<section class=\"elementor-section elementor-top-section elementor-element elementor-element-20bbcd3b elementor-section-boxed elementor-section-height-default elementor-section-height-default\" data-id=\"20bbcd3b\" data-element_type=\"section\">\n\t\t\t\t\t\t<div class=\"elementor-container elementor-column-gap-default\">\n\t\t\t\t\t<div class=\"elementor-column elementor-col-100 elementor-top-column elementor-element elementor-element-33be02ef\" data-id=\"33be02ef\" data-element_type=\"column\">\n\t\t\t<div class=\"elementor-widget-wrap elementor-element-populated\">\n\t\t\t\t\t\t\t\t<div class=\"elementor-element elementor-element-6c4a91f9 elementor-widget elementor-widget-text-editor\" data-id=\"6c4a91f9\" data-element_type=\"widget\" data-widget_type=\"text-editor.default\">\n\t\t\t\t<div class=\"elementor-widget-container\">\n\t\t\t<style>\/*! elementor - v3.10.1 - 17-01-2023 *\/\n.elementor-widget-text-editor.elementor-drop-cap-view-stacked .elementor-drop-cap{background-color:#818a91;color:#fff}.elementor-widget-text-editor.elementor-drop-cap-view-framed .elementor-drop-cap{color:#818a91;border:3px solid;background-color:transparent}.elementor-widget-text-editor:not(.elementor-drop-cap-view-default) .elementor-drop-cap{margin-top:8px}.elementor-widget-text-editor:not(.elementor-drop-cap-view-default) .elementor-drop-cap-letter{width:1em;height:1em}.elementor-widget-text-editor .elementor-drop-cap{float:left;text-align:center;line-height:1;font-size:50px}.elementor-widget-text-editor .elementor-drop-cap-letter{display:inline-block}<\/style>\t\t\t\t<p><strong>Pachuca, Hgo., 1 de enero 2024.- <\/strong>Conforme al informe de la polic\u00eda la modelo Tania Alessi Mar\u00edn circulaba en la carretera M\u00e9xico-Pachuca en un autom\u00f3vil cuando perdi\u00f3 el control del coche, se impact\u00f3 a un costado de la carretera y volc\u00f3<\/p><p>El percance ocurri\u00f3 el pasado viernes 29 de diciembre en la carretera M\u00e9xico-Pachuca, a la altura de la colonia Matilde, donde la conductora de un veh\u00edculo perdi\u00f3 el control, volcando aparatosamente.<\/p><p>En el interior del autom\u00f3vil Chevrolet color Azul perdi\u00f3 la vida una mujer de 27 a\u00f1os de edad, identificada como Tania Alessi Mar\u00edn, quien era modelo y agente ministerial.<\/p><p>Tania Alessi Mar\u00edn, mujer de 27 a\u00f1os\u00a0era originaria de Pachuca, Hidalgo, estudi\u00f3 la licenciatura en Derecho y se desempe\u00f1\u00f3 como agente ministerial.<\/p><p>Tania Alessi quer\u00eda dedicarse al modelaje y en la \u00faltima edici\u00f3n del concurso Mexicana Universal particip\u00f3 representado al estado, en el certamen obtuvo el cuarto lugar a nivel estatal.<\/p><p>Adem\u00e1s, participo en concursos de belleza porque ten\u00eda la meta de trabajar para ayudar a su comunidad y\u00a0generar un cambio en la sociedad.<\/p><p>En su participaci\u00f3n manifest\u00f3 en sus redes sociales \u201cMe apasiona mi trabajo, ya que puedo escuchar a las personas y ser instrumento de ayuda y agente de cambio, cocinar, manejar, todo lo relacionado con la moda\u201d,<\/p><p>Tania buscaba trabajar en favor de campa\u00f1as contra el c\u00e1ncer de mama, tambi\u00e9n quer\u00eda ayudar a personas con discapacidad.<\/p><p>Visit\u00f3 un centro del Telet\u00f3n en donde se le vio conviviendo con las familias de los ni\u00f1os que reciben terapia.\u00a0<\/p>\t\t\t\t\t\t<\/div>\n\t\t\t\t<\/div>\n\t\t\t\t\t<\/div>\n\t\t<\/div>\n\t\t\t\t\t\t\t<\/div>\n\t\t<\/section>\n\t\t\t\t\t\t\t<\/div>\n\t\t","protected":false},"excerpt":{"rendered":"<p>Pachuca, Hgo., 1 de enero 2024.- Conforme al informe de la polic\u00eda la modelo Tania Alessi Mar\u00edn circulaba en la carretera M\u00e9xico-Pachuca en un autom\u00f3vil cuando perdi\u00f3 el control del coche, se impact\u00f3 a un costado de la carretera y volc\u00f3 El percance ocurri\u00f3 el pasado viernes 29 de diciembre en la carretera M\u00e9xico-Pachuca, a [&hellip;]<\/p>\n","protected":false},"author":1,"featured_media":37773,"comment_status":"closed","ping_status":"open","sticky":false,"template":"","format":"standard","meta":[],"categories":[29],"tags":[],"_links":{"self":[{"href":"https:\/\/www.septinoticias.com.mx\/index.php?rest_route=\/wp\/v2\/posts\/37771"}],"collection":[{"href":"https:\/\/www.septinoticias.com.mx\/index.php?rest_route=\/wp\/v2\/posts"}],"about":[{"href":"https:\/\/www.septinoticias.com.mx\/index.php?rest_route=\/wp\/v2\/types\/post"}],"author":[{"embeddable":true,"href":"https:\/\/www.septinoticias.com.mx\/index.php?rest_route=\/wp\/v2\/users\/1"}],"replies":[{"embeddable":true,"href":"https:\/\/www.septinoticias.com.mx\/index.php?rest_route=%2Fwp%2Fv2%2Fcomments&post=37771"}],"version-history":[{"count":4,"href":"https:\/\/www.septinoticias.com.mx\/index.php?rest_route=\/wp\/v2\/posts\/37771\/revisions"}],"predecessor-version":[{"id":37776,"href":"https:\/\/www.septinoticias.com.mx\/index.php?rest_route=\/wp\/v2\/posts\/37771\/revisions\/37776"}],"wp:featuredmedia":[{"embeddable":true,"href":"https:\/\/www.septinoticias.com.mx\/index.php?rest_route=\/wp\/v2\/media\/37773"}],"wp:attachment":[{"href":"https:\/\/www.septinoticias.com.mx\/index.php?rest_route=%2Fwp%2Fv2%2Fmedia&parent=37771"}],"wp:term":[{"taxonomy":"category","embeddable":true,"href":"https:\/\/www.septinoticias.com.mx\/index.php?rest_route=%2Fwp%2Fv2%2Fcategories&post=37771"},{"taxonomy":"post_tag","embeddable":true,"href":"https:\/\/www.septinoticias.com.mx\/index.php?rest_route=%2Fwp%2Fv2%2Ftags&post=37771"}],"curies":[{"name":"wp","href":"https:\/\/api.w.org\/{rel}","templated":true}]}}