{"id":37745,"date":"2023-12-31T17:04:54","date_gmt":"2023-12-31T17:04:54","guid":{"rendered":"https:\/\/www.septinoticias.com.mx\/?p=37745"},"modified":"2023-12-31T17:11:59","modified_gmt":"2023-12-31T17:11:59","slug":"invertiran-200-millones-en-el-rescate-del-reloj-monumental-y-la-plaza-independencia","status":"publish","type":"post","link":"https:\/\/www.septinoticias.com.mx\/?p=37745","title":{"rendered":"Invertir\u00e1n 200 Millones en el Rescate del Reloj Monumental y la Plaza Independencia"},"content":{"rendered":"\t\t<div data-elementor-type=\"wp-post\" data-elementor-id=\"37745\" class=\"elementor elementor-37745\">\n\t\t\t\t\t\t\t\t\t<section class=\"elementor-section elementor-top-section elementor-element elementor-element-20bbcd3b elementor-section-boxed elementor-section-height-default elementor-section-height-default\" data-id=\"20bbcd3b\" data-element_type=\"section\">\n\t\t\t\t\t\t<div class=\"elementor-container elementor-column-gap-default\">\n\t\t\t\t\t<div class=\"elementor-column elementor-col-100 elementor-top-column elementor-element elementor-element-33be02ef\" data-id=\"33be02ef\" data-element_type=\"column\">\n\t\t\t<div class=\"elementor-widget-wrap elementor-element-populated\">\n\t\t\t\t\t\t\t\t<div class=\"elementor-element elementor-element-6c4a91f9 elementor-widget elementor-widget-text-editor\" data-id=\"6c4a91f9\" data-element_type=\"widget\" data-widget_type=\"text-editor.default\">\n\t\t\t\t<div class=\"elementor-widget-container\">\n\t\t\t<style>\/*! elementor - v3.10.1 - 17-01-2023 *\/\n.elementor-widget-text-editor.elementor-drop-cap-view-stacked .elementor-drop-cap{background-color:#818a91;color:#fff}.elementor-widget-text-editor.elementor-drop-cap-view-framed .elementor-drop-cap{color:#818a91;border:3px solid;background-color:transparent}.elementor-widget-text-editor:not(.elementor-drop-cap-view-default) .elementor-drop-cap{margin-top:8px}.elementor-widget-text-editor:not(.elementor-drop-cap-view-default) .elementor-drop-cap-letter{width:1em;height:1em}.elementor-widget-text-editor .elementor-drop-cap{float:left;text-align:center;line-height:1;font-size:50px}.elementor-widget-text-editor .elementor-drop-cap-letter{display:inline-block}<\/style>\t\t\t\t<p><strong>*La gesti\u00f3n del gobernador Julio Menchaca dio resultados encontr\u00f3 el apoyo del presidente L\u00f3pez Obrador\u00a0 <\/strong><\/p><p><strong>Pachuca, Hgo., 30 de diciembre 20p23.-<\/strong>Como resultado de la gesti\u00f3n del Gobernador, Julio Menchaca Salazar se\u00f1al\u00f3 del recurso que se requiere para intervenir el Reloj Monumental, as\u00ed como la Plaza Independencia de 200 millones de pesos, proyecto que present\u00f3 al presidente Andr\u00e9s Manuel L\u00f3pez Obrador,\u00a0 el 10 de enero de 2024 se iniciar\u00e1 el levantamiento de estudio y proyecto de la remodelaci\u00f3n de la Plaza Independencia en Pachuca, dio a conocer la Secretar\u00eda de Infraestructura P\u00fablica y Desarrollo Urbano Sostenible (SIPDUS) dio tras la aprobaci\u00f3n \u00a0del fallo de la licitaci\u00f3n.<\/p><p>As\u00ed, a trav\u00e9s del oficio con N\u00famero EO-SIPDUS-N486-2023, se inform\u00f3 que esta licitaci\u00f3n la obtuvo Christopher Magloire Ortiz Vidal, quien present\u00f3 la mejor propuesta para la remodelaci\u00f3n y firmar\u00e1 un contrato por 8 millones 220 mil 255 pesos con 54 centavos con IVA incluido.<\/p><p>Quien obtuvo el contrato, estar\u00e1 obligado a realizar el proyecto en 51 d\u00edas naturales a partir del inicio de este, el cual est\u00e1 programado que inicie el 10 de enero y deber\u00e1 concluir el 29 de febrero de 2024.<\/p><p>Dentro del proyecto se deber\u00e1 establecer los dise\u00f1os conceptuales, preliminar, b\u00e1sico y para la edificaci\u00f3n.<\/p><p>Los trabajos para la remodelaci\u00f3n de la Plaza Independencia consisten en el dise\u00f1o estructural, el\u00e9ctrico y de iluminaci\u00f3n, as\u00ed como el hidrosanitario, de instalaciones especiales, arquitect\u00f3nico y paisaj\u00edstico, adem\u00e1s de equipamiento urbano para una superficie aproximada de 8 mil 228 mil metros cuadrados.<\/p>\t\t\t\t\t\t<\/div>\n\t\t\t\t<\/div>\n\t\t\t\t\t<\/div>\n\t\t<\/div>\n\t\t\t\t\t\t\t<\/div>\n\t\t<\/section>\n\t\t\t\t\t\t\t<\/div>\n\t\t","protected":false},"excerpt":{"rendered":"<p>*La gesti\u00f3n del gobernador Julio Menchaca dio resultados encontr\u00f3 el apoyo del presidente L\u00f3pez Obrador\u00a0 Pachuca, Hgo., 30 de diciembre 20p23.-Como resultado de la gesti\u00f3n del Gobernador, Julio Menchaca Salazar se\u00f1al\u00f3 del recurso que se requiere para intervenir el Reloj Monumental, as\u00ed como la Plaza Independencia de 200 millones de pesos, proyecto que present\u00f3 al [&hellip;]<\/p>\n","protected":false},"author":1,"featured_media":37747,"comment_status":"closed","ping_status":"open","sticky":false,"template":"","format":"standard","meta":[],"categories":[9],"tags":[],"_links":{"self":[{"href":"https:\/\/www.septinoticias.com.mx\/index.php?rest_route=\/wp\/v2\/posts\/37745"}],"collection":[{"href":"https:\/\/www.septinoticias.com.mx\/index.php?rest_route=\/wp\/v2\/posts"}],"about":[{"href":"https:\/\/www.septinoticias.com.mx\/index.php?rest_route=\/wp\/v2\/types\/post"}],"author":[{"embeddable":true,"href":"https:\/\/www.septinoticias.com.mx\/index.php?rest_route=\/wp\/v2\/users\/1"}],"replies":[{"embeddable":true,"href":"https:\/\/www.septinoticias.com.mx\/index.php?rest_route=%2Fwp%2Fv2%2Fcomments&post=37745"}],"version-history":[{"count":4,"href":"https:\/\/www.septinoticias.com.mx\/index.php?rest_route=\/wp\/v2\/posts\/37745\/revisions"}],"predecessor-version":[{"id":37750,"href":"https:\/\/www.septinoticias.com.mx\/index.php?rest_route=\/wp\/v2\/posts\/37745\/revisions\/37750"}],"wp:featuredmedia":[{"embeddable":true,"href":"https:\/\/www.septinoticias.com.mx\/index.php?rest_route=\/wp\/v2\/media\/37747"}],"wp:attachment":[{"href":"https:\/\/www.septinoticias.com.mx\/index.php?rest_route=%2Fwp%2Fv2%2Fmedia&parent=37745"}],"wp:term":[{"taxonomy":"category","embeddable":true,"href":"https:\/\/www.septinoticias.com.mx\/index.php?rest_route=%2Fwp%2Fv2%2Fcategories&post=37745"},{"taxonomy":"post_tag","embeddable":true,"href":"https:\/\/www.septinoticias.com.mx\/index.php?rest_route=%2Fwp%2Fv2%2Ftags&post=37745"}],"curies":[{"name":"wp","href":"https:\/\/api.w.org\/{rel}","templated":true}]}}