{"id":36437,"date":"2023-12-18T19:22:28","date_gmt":"2023-12-18T19:22:28","guid":{"rendered":"https:\/\/www.septinoticias.com.mx\/?p=36437"},"modified":"2023-12-18T19:25:16","modified_gmt":"2023-12-18T19:25:16","slug":"centro-de-atencion-infantil-cai-bomberos-celebro-fiestas-navidenas-en-la-casa-de-los-adolecentes","status":"publish","type":"post","link":"https:\/\/www.septinoticias.com.mx\/?p=36437","title":{"rendered":"Centro de Atenci\u00f3n Infantil (CAI) Bomberos Celebr\u00f3 Fiestas Navide\u00f1as en la Casa de los Adolescentes"},"content":{"rendered":"\t\t<div data-elementor-type=\"wp-post\" data-elementor-id=\"36437\" class=\"elementor elementor-36437\">\n\t\t\t\t\t\t\t\t\t<section class=\"elementor-section elementor-top-section elementor-element elementor-element-20bbcd3b elementor-section-boxed elementor-section-height-default elementor-section-height-default\" data-id=\"20bbcd3b\" data-element_type=\"section\">\n\t\t\t\t\t\t<div class=\"elementor-container elementor-column-gap-default\">\n\t\t\t\t\t<div class=\"elementor-column elementor-col-100 elementor-top-column elementor-element elementor-element-33be02ef\" data-id=\"33be02ef\" data-element_type=\"column\">\n\t\t\t<div class=\"elementor-widget-wrap elementor-element-populated\">\n\t\t\t\t\t\t\t\t<div class=\"elementor-element elementor-element-6c4a91f9 elementor-widget elementor-widget-text-editor\" data-id=\"6c4a91f9\" data-element_type=\"widget\" data-widget_type=\"text-editor.default\">\n\t\t\t\t<div class=\"elementor-widget-container\">\n\t\t\t<style>\/*! elementor - v3.10.1 - 17-01-2023 *\/\n.elementor-widget-text-editor.elementor-drop-cap-view-stacked .elementor-drop-cap{background-color:#818a91;color:#fff}.elementor-widget-text-editor.elementor-drop-cap-view-framed .elementor-drop-cap{color:#818a91;border:3px solid;background-color:transparent}.elementor-widget-text-editor:not(.elementor-drop-cap-view-default) .elementor-drop-cap{margin-top:8px}.elementor-widget-text-editor:not(.elementor-drop-cap-view-default) .elementor-drop-cap-letter{width:1em;height:1em}.elementor-widget-text-editor .elementor-drop-cap{float:left;text-align:center;line-height:1;font-size:50px}.elementor-widget-text-editor .elementor-drop-cap-letter{display:inline-block}<\/style>\t\t\t\t<p><strong>Pachuca, Hgo., 16 de diciembre 2023.- <\/strong>La comunidad estudiantil del Centro de Atenci\u00f3n Infantil (CAI) Bomberos, ubicado en la Ciudad de Pachuca, celebr\u00f3 con un maravilloso espect\u00e1culo las fiestas navide\u00f1as en el auditorio de Casa de las y los Adolescentes.<\/p><p>En esta actividad familiar, Edda Vite, presidenta honoraria del Patronato del <a href=\"https:\/\/www.facebook.com\/hashtag\/difh?__eep__=6&amp;__cft__%5b0%5d=AZVjM-xHb4wg8xCT00Hhf-NEXpSme6rIPQfLp5SSCgLiTeEAZ-_lOP9TSiLQT_LWKsZhilRq3xZeW_QXN-KznMCgKvZ7plUneqInnlzJXWRuyglihTWSj8Q9XQ1u3f1tKbFUAryVTpkf145fNTmc1FTa&amp;__tn__=*NK-R\">#DIFH<\/a>; <a href=\"https:\/\/www.facebook.com\/profile.php?id=100087285996981&amp;__cft__%5b0%5d=AZVjM-xHb4wg8xCT00Hhf-NEXpSme6rIPQfLp5SSCgLiTeEAZ-_lOP9TSiLQT_LWKsZhilRq3xZeW_QXN-KznMCgKvZ7plUneqInnlzJXWRuyglihTWSj8Q9XQ1u3f1tKbFUAryVTpkf145fNTmc1FTa&amp;__tn__=-%5dK-R\">Javier Rodr\u00edguez Sagah\u00f3n<\/a> , titular del Sistema y Dulce P\u00e9rez, directora de Asistencia Social alentaron a las y los ni\u00f1os a expresar su emoci\u00f3n en esta temporada y con ellos disfrutaron de las interpretaciones de &#8220;Jingle Bells&#8221;, &#8220;la F\u00e1brica de Santa&#8221;, &#8220;Llegaron los Reyes Magos&#8221; y &#8220;Navidad Rock&#8221;.<\/p>\t\t\t\t\t\t<\/div>\n\t\t\t\t<\/div>\n\t\t\t\t\t<\/div>\n\t\t<\/div>\n\t\t\t\t\t\t\t<\/div>\n\t\t<\/section>\n\t\t\t\t\t\t\t<\/div>\n\t\t","protected":false},"excerpt":{"rendered":"<p>Pachuca, Hgo., 16 de diciembre 2023.- La comunidad estudiantil del Centro de Atenci\u00f3n Infantil (CAI) Bomberos, ubicado en la Ciudad de Pachuca, celebr\u00f3 con un maravilloso espect\u00e1culo las fiestas navide\u00f1as en el auditorio de Casa de las y los Adolescentes. En esta actividad familiar, Edda Vite, presidenta honoraria del Patronato del #DIFH; Javier Rodr\u00edguez Sagah\u00f3n [&hellip;]<\/p>\n","protected":false},"author":1,"featured_media":36439,"comment_status":"closed","ping_status":"open","sticky":false,"template":"","format":"standard","meta":[],"categories":[9],"tags":[],"_links":{"self":[{"href":"https:\/\/www.septinoticias.com.mx\/index.php?rest_route=\/wp\/v2\/posts\/36437"}],"collection":[{"href":"https:\/\/www.septinoticias.com.mx\/index.php?rest_route=\/wp\/v2\/posts"}],"about":[{"href":"https:\/\/www.septinoticias.com.mx\/index.php?rest_route=\/wp\/v2\/types\/post"}],"author":[{"embeddable":true,"href":"https:\/\/www.septinoticias.com.mx\/index.php?rest_route=\/wp\/v2\/users\/1"}],"replies":[{"embeddable":true,"href":"https:\/\/www.septinoticias.com.mx\/index.php?rest_route=%2Fwp%2Fv2%2Fcomments&post=36437"}],"version-history":[{"count":5,"href":"https:\/\/www.septinoticias.com.mx\/index.php?rest_route=\/wp\/v2\/posts\/36437\/revisions"}],"predecessor-version":[{"id":36449,"href":"https:\/\/www.septinoticias.com.mx\/index.php?rest_route=\/wp\/v2\/posts\/36437\/revisions\/36449"}],"wp:featuredmedia":[{"embeddable":true,"href":"https:\/\/www.septinoticias.com.mx\/index.php?rest_route=\/wp\/v2\/media\/36439"}],"wp:attachment":[{"href":"https:\/\/www.septinoticias.com.mx\/index.php?rest_route=%2Fwp%2Fv2%2Fmedia&parent=36437"}],"wp:term":[{"taxonomy":"category","embeddable":true,"href":"https:\/\/www.septinoticias.com.mx\/index.php?rest_route=%2Fwp%2Fv2%2Fcategories&post=36437"},{"taxonomy":"post_tag","embeddable":true,"href":"https:\/\/www.septinoticias.com.mx\/index.php?rest_route=%2Fwp%2Fv2%2Ftags&post=36437"}],"curies":[{"name":"wp","href":"https:\/\/api.w.org\/{rel}","templated":true}]}}