{"id":36431,"date":"2023-12-18T19:20:21","date_gmt":"2023-12-18T19:20:21","guid":{"rendered":"https:\/\/www.septinoticias.com.mx\/?p=36431"},"modified":"2023-12-18T19:22:23","modified_gmt":"2023-12-18T19:22:23","slug":"sebiso-acompanamiento-a-caravana-migrante","status":"publish","type":"post","link":"https:\/\/www.septinoticias.com.mx\/?p=36431","title":{"rendered":"Sebiso Acompa\u00f1amiento a Caravana Migrante"},"content":{"rendered":"\t\t<div data-elementor-type=\"wp-post\" data-elementor-id=\"36431\" class=\"elementor elementor-36431\">\n\t\t\t\t\t\t\t\t\t<section class=\"elementor-section elementor-top-section elementor-element elementor-element-20bbcd3b elementor-section-boxed elementor-section-height-default elementor-section-height-default\" data-id=\"20bbcd3b\" data-element_type=\"section\">\n\t\t\t\t\t\t<div class=\"elementor-container elementor-column-gap-default\">\n\t\t\t\t\t<div class=\"elementor-column elementor-col-100 elementor-top-column elementor-element elementor-element-33be02ef\" data-id=\"33be02ef\" data-element_type=\"column\">\n\t\t\t<div class=\"elementor-widget-wrap elementor-element-populated\">\n\t\t\t\t\t\t\t\t<div class=\"elementor-element elementor-element-6c4a91f9 elementor-widget elementor-widget-text-editor\" data-id=\"6c4a91f9\" data-element_type=\"widget\" data-widget_type=\"text-editor.default\">\n\t\t\t\t<div class=\"elementor-widget-container\">\n\t\t\t<style>\/*! elementor - v3.10.1 - 17-01-2023 *\/\n.elementor-widget-text-editor.elementor-drop-cap-view-stacked .elementor-drop-cap{background-color:#818a91;color:#fff}.elementor-widget-text-editor.elementor-drop-cap-view-framed .elementor-drop-cap{color:#818a91;border:3px solid;background-color:transparent}.elementor-widget-text-editor:not(.elementor-drop-cap-view-default) .elementor-drop-cap{margin-top:8px}.elementor-widget-text-editor:not(.elementor-drop-cap-view-default) .elementor-drop-cap-letter{width:1em;height:1em}.elementor-widget-text-editor .elementor-drop-cap{float:left;text-align:center;line-height:1;font-size:50px}.elementor-widget-text-editor .elementor-drop-cap-letter{display:inline-block}<\/style>\t\t\t\t<ul><li><strong>Por segunda ocasi\u00f3n participan gobierno del estado en esta iniciativa migrante<\/strong><\/li><\/ul><p>La Secretar\u00eda de Bienestar e Inclusi\u00f3n Social en coordinaci\u00f3n con organismos de seguridad y protecci\u00f3n civil nacional, estatal y municipal, as\u00ed como agrupaciones de migrantes que trabajan en la uni\u00f3n americana, comenzar\u00e1n una Caravana Internacional de vuelta a M\u00e9xico este 19 de diciembre con el objetivo de que las y los migrantes hidalguenses que viajan desde los Estados Unidos de Norteam\u00e9rica llegaran a sus hogares de manera segura.<\/p><p>La Caravana se denomina \u201cDel orden y la legalidad\u201d, y comenzar\u00e1 a reunirse este lunes 18 de diciembre en La Arena Energy de Laredo, Texas, para partir rumbo a M\u00e9xico el martes 19. Esta es una de las expediciones m\u00e1s grandes de mexicanos que regresa a territorio nacional. Siendo Nuevo Le\u00f3n, San Lu\u00eds Potos\u00ed, Quer\u00e9taro, Hidalgo, Guanajuato, Durango, Jalisco, Veracruz, Puebla, Ciudad de M\u00e9xico, Estado de M\u00e9xico, Puebla y Guerrero, quienes m\u00e1s paisanos aportan a \u00e9ste.\u00a0\u00a0<\/p><p>En el acompa\u00f1amiento participar\u00e1n la polic\u00eda estatal, protecci\u00f3n civil, Cruz Roja, Instituto Nacional de Migraci\u00f3n, Guardia Nacional, \u00c1ngeles Verdes, Secretar\u00eda de Gobierno de Hidalgo y la Secretar\u00eda de Bienestar e Inclusi\u00f3n Social.<\/p><p>El director general de Atenci\u00f3n a Migrantes, coment\u00f3 que esta ser\u00e1 la segunda ocasi\u00f3n que el gobierno del estado de Hidalgo acompa\u00f1e estas acciones, reforzando las acciones como las que organiza la Asociaci\u00f3n Migrantes Unidos en Caravana A.C.<\/p><p>Asimismo, se\u00f1al\u00f3 que la instrucci\u00f3n de la Secretaria de Bienestar e Inclusi\u00f3n Social, Simey Olvera Bautista, es estar al pendiente de estas personas y de sus familias, coordinar acciones con las agrupaciones de migrantes hidalguenses en los Estados Unidos de Norteam\u00e9rica para lograr el estado de Bienestar por el cual trabajan los gobiernos de la Cuarta Transformaci\u00f3n.<\/p><p>En la Caravana realizada en el 2022, seg\u00fan datos aportados por organizadores, 2 mil 380 veh\u00edculos, con personas pertenecientes a 26 estados de la Rep\u00fablica regresaron a casa en este ejercicio.<\/p>\t\t\t\t\t\t<\/div>\n\t\t\t\t<\/div>\n\t\t\t\t\t<\/div>\n\t\t<\/div>\n\t\t\t\t\t\t\t<\/div>\n\t\t<\/section>\n\t\t\t\t\t\t\t<\/div>\n\t\t","protected":false},"excerpt":{"rendered":"<p>Por segunda ocasi\u00f3n participan gobierno del estado en esta iniciativa migrante La Secretar\u00eda de Bienestar e Inclusi\u00f3n Social en coordinaci\u00f3n con organismos de seguridad y protecci\u00f3n civil nacional, estatal y municipal, as\u00ed como agrupaciones de migrantes que trabajan en la uni\u00f3n americana, comenzar\u00e1n una Caravana Internacional de vuelta a M\u00e9xico este 19 de diciembre con [&hellip;]<\/p>\n","protected":false},"author":1,"featured_media":36433,"comment_status":"closed","ping_status":"open","sticky":false,"template":"","format":"standard","meta":[],"categories":[9],"tags":[],"_links":{"self":[{"href":"https:\/\/www.septinoticias.com.mx\/index.php?rest_route=\/wp\/v2\/posts\/36431"}],"collection":[{"href":"https:\/\/www.septinoticias.com.mx\/index.php?rest_route=\/wp\/v2\/posts"}],"about":[{"href":"https:\/\/www.septinoticias.com.mx\/index.php?rest_route=\/wp\/v2\/types\/post"}],"author":[{"embeddable":true,"href":"https:\/\/www.septinoticias.com.mx\/index.php?rest_route=\/wp\/v2\/users\/1"}],"replies":[{"embeddable":true,"href":"https:\/\/www.septinoticias.com.mx\/index.php?rest_route=%2Fwp%2Fv2%2Fcomments&post=36431"}],"version-history":[{"count":4,"href":"https:\/\/www.septinoticias.com.mx\/index.php?rest_route=\/wp\/v2\/posts\/36431\/revisions"}],"predecessor-version":[{"id":36436,"href":"https:\/\/www.septinoticias.com.mx\/index.php?rest_route=\/wp\/v2\/posts\/36431\/revisions\/36436"}],"wp:featuredmedia":[{"embeddable":true,"href":"https:\/\/www.septinoticias.com.mx\/index.php?rest_route=\/wp\/v2\/media\/36433"}],"wp:attachment":[{"href":"https:\/\/www.septinoticias.com.mx\/index.php?rest_route=%2Fwp%2Fv2%2Fmedia&parent=36431"}],"wp:term":[{"taxonomy":"category","embeddable":true,"href":"https:\/\/www.septinoticias.com.mx\/index.php?rest_route=%2Fwp%2Fv2%2Fcategories&post=36431"},{"taxonomy":"post_tag","embeddable":true,"href":"https:\/\/www.septinoticias.com.mx\/index.php?rest_route=%2Fwp%2Fv2%2Ftags&post=36431"}],"curies":[{"name":"wp","href":"https:\/\/api.w.org\/{rel}","templated":true}]}}