{"id":36292,"date":"2023-12-16T17:22:12","date_gmt":"2023-12-16T17:22:12","guid":{"rendered":"https:\/\/www.septinoticias.com.mx\/?p=36292"},"modified":"2023-12-16T17:31:07","modified_gmt":"2023-12-16T17:31:07","slug":"jorge-rodea-periodista-hidalguense-recibio-reconocimiento-a-su-trayectoria-de-mas-de-60-anos-en-el-periodismo-en-mexico-e-hidalgo","status":"publish","type":"post","link":"https:\/\/www.septinoticias.com.mx\/?p=36292","title":{"rendered":"Jorge Rodea, Periodista Hidalguense Recibi\u00f3 Reconocimiento a su Trayectoria de m\u00e1s de 60 A\u00f1os en el Periodismo en M\u00e9xico e Hidalgo"},"content":{"rendered":"\t\t<div data-elementor-type=\"wp-post\" data-elementor-id=\"36292\" class=\"elementor elementor-36292\">\n\t\t\t\t\t\t\t\t\t<section class=\"elementor-section elementor-top-section elementor-element elementor-element-20bbcd3b elementor-section-boxed elementor-section-height-default elementor-section-height-default\" data-id=\"20bbcd3b\" data-element_type=\"section\">\n\t\t\t\t\t\t<div class=\"elementor-container elementor-column-gap-default\">\n\t\t\t\t\t<div class=\"elementor-column elementor-col-100 elementor-top-column elementor-element elementor-element-33be02ef\" data-id=\"33be02ef\" data-element_type=\"column\">\n\t\t\t<div class=\"elementor-widget-wrap elementor-element-populated\">\n\t\t\t\t\t\t\t\t<div class=\"elementor-element elementor-element-6c4a91f9 elementor-widget elementor-widget-text-editor\" data-id=\"6c4a91f9\" data-element_type=\"widget\" data-widget_type=\"text-editor.default\">\n\t\t\t\t<div class=\"elementor-widget-container\">\n\t\t\t<style>\/*! elementor - v3.10.1 - 17-01-2023 *\/\n.elementor-widget-text-editor.elementor-drop-cap-view-stacked .elementor-drop-cap{background-color:#818a91;color:#fff}.elementor-widget-text-editor.elementor-drop-cap-view-framed .elementor-drop-cap{color:#818a91;border:3px solid;background-color:transparent}.elementor-widget-text-editor:not(.elementor-drop-cap-view-default) .elementor-drop-cap{margin-top:8px}.elementor-widget-text-editor:not(.elementor-drop-cap-view-default) .elementor-drop-cap-letter{width:1em;height:1em}.elementor-widget-text-editor .elementor-drop-cap{float:left;text-align:center;line-height:1;font-size:50px}.elementor-widget-text-editor .elementor-drop-cap-letter{display:inline-block}<\/style>\t\t\t\t<p><strong>Pachuca, Hgo., 16 de diciembre 2023.- <\/strong>Jorge Rodea Director y fundador del semanario \u201cLa Tuza Metiche\u201d con una trayectoria de m\u00e1s de 60 a\u00f1os en la actividad period\u00edstica nacional que inicio su trayectoria profesional al ser fundador del Diario Ovaciones, recibi\u00f3 el reconocimiento a su trayectoria de Parte de su pares los comunicadores del Estado de Hidalgo.<\/p><p>Fue el periodista Martin Hern\u00e1ndez, Director del Diario Digital News en Hidalgo, quien convoco a todos los directores de medios impresos y digitales de la entidad para que de manera conjunta suscribi\u00e9ramos un reconocimiento a la trayectoria period\u00edstica de Jorge Rodea quien lo recibi\u00f3 personalmente acompa\u00f1ado de sus hijos.<\/p>\t\t\t\t\t\t<\/div>\n\t\t\t\t<\/div>\n\t\t\t\t\t<\/div>\n\t\t<\/div>\n\t\t\t\t\t\t\t<\/div>\n\t\t<\/section>\n\t\t\t\t\t\t\t<\/div>\n\t\t","protected":false},"excerpt":{"rendered":"<p>Pachuca, Hgo., 16 de diciembre 2023.- Jorge Rodea Director y fundador del semanario \u201cLa Tuza Metiche\u201d con una trayectoria de m\u00e1s de 60 a\u00f1os en la actividad period\u00edstica nacional que inicio su trayectoria profesional al ser fundador del Diario Ovaciones, recibi\u00f3 el reconocimiento a su trayectoria de Parte de su pares los comunicadores del Estado [&hellip;]<\/p>\n","protected":false},"author":1,"featured_media":36294,"comment_status":"closed","ping_status":"open","sticky":false,"template":"","format":"standard","meta":[],"categories":[8],"tags":[],"_links":{"self":[{"href":"https:\/\/www.septinoticias.com.mx\/index.php?rest_route=\/wp\/v2\/posts\/36292"}],"collection":[{"href":"https:\/\/www.septinoticias.com.mx\/index.php?rest_route=\/wp\/v2\/posts"}],"about":[{"href":"https:\/\/www.septinoticias.com.mx\/index.php?rest_route=\/wp\/v2\/types\/post"}],"author":[{"embeddable":true,"href":"https:\/\/www.septinoticias.com.mx\/index.php?rest_route=\/wp\/v2\/users\/1"}],"replies":[{"embeddable":true,"href":"https:\/\/www.septinoticias.com.mx\/index.php?rest_route=%2Fwp%2Fv2%2Fcomments&post=36292"}],"version-history":[{"count":4,"href":"https:\/\/www.septinoticias.com.mx\/index.php?rest_route=\/wp\/v2\/posts\/36292\/revisions"}],"predecessor-version":[{"id":36297,"href":"https:\/\/www.septinoticias.com.mx\/index.php?rest_route=\/wp\/v2\/posts\/36292\/revisions\/36297"}],"wp:featuredmedia":[{"embeddable":true,"href":"https:\/\/www.septinoticias.com.mx\/index.php?rest_route=\/wp\/v2\/media\/36294"}],"wp:attachment":[{"href":"https:\/\/www.septinoticias.com.mx\/index.php?rest_route=%2Fwp%2Fv2%2Fmedia&parent=36292"}],"wp:term":[{"taxonomy":"category","embeddable":true,"href":"https:\/\/www.septinoticias.com.mx\/index.php?rest_route=%2Fwp%2Fv2%2Fcategories&post=36292"},{"taxonomy":"post_tag","embeddable":true,"href":"https:\/\/www.septinoticias.com.mx\/index.php?rest_route=%2Fwp%2Fv2%2Ftags&post=36292"}],"curies":[{"name":"wp","href":"https:\/\/api.w.org\/{rel}","templated":true}]}}