{"id":36262,"date":"2023-12-16T17:06:00","date_gmt":"2023-12-16T17:06:00","guid":{"rendered":"https:\/\/www.septinoticias.com.mx\/?p=36262"},"modified":"2023-12-16T17:06:42","modified_gmt":"2023-12-16T17:06:42","slug":"tomo-protesta-el-comite-ciudadano-de-la-comision-de-busqueda-de-personas-de-hidalgo","status":"publish","type":"post","link":"https:\/\/www.septinoticias.com.mx\/?p=36262","title":{"rendered":"Tom\u00f3 Protesta el Comit\u00e9 Ciudadano de la Comisi\u00f3n de B\u00fasqueda de Personas de Hidalgo"},"content":{"rendered":"\t\t<div data-elementor-type=\"wp-post\" data-elementor-id=\"36262\" class=\"elementor elementor-36262\">\n\t\t\t\t\t\t\t\t\t<section class=\"elementor-section elementor-top-section elementor-element elementor-element-20bbcd3b elementor-section-boxed elementor-section-height-default elementor-section-height-default\" data-id=\"20bbcd3b\" data-element_type=\"section\">\n\t\t\t\t\t\t<div class=\"elementor-container elementor-column-gap-default\">\n\t\t\t\t\t<div class=\"elementor-column elementor-col-100 elementor-top-column elementor-element elementor-element-33be02ef\" data-id=\"33be02ef\" data-element_type=\"column\">\n\t\t\t<div class=\"elementor-widget-wrap elementor-element-populated\">\n\t\t\t\t\t\t\t\t<div class=\"elementor-element elementor-element-6c4a91f9 elementor-widget elementor-widget-text-editor\" data-id=\"6c4a91f9\" data-element_type=\"widget\" data-widget_type=\"text-editor.default\">\n\t\t\t\t<div class=\"elementor-widget-container\">\n\t\t\t<style>\/*! elementor - v3.10.1 - 17-01-2023 *\/\n.elementor-widget-text-editor.elementor-drop-cap-view-stacked .elementor-drop-cap{background-color:#818a91;color:#fff}.elementor-widget-text-editor.elementor-drop-cap-view-framed .elementor-drop-cap{color:#818a91;border:3px solid;background-color:transparent}.elementor-widget-text-editor:not(.elementor-drop-cap-view-default) .elementor-drop-cap{margin-top:8px}.elementor-widget-text-editor:not(.elementor-drop-cap-view-default) .elementor-drop-cap-letter{width:1em;height:1em}.elementor-widget-text-editor .elementor-drop-cap{float:left;text-align:center;line-height:1;font-size:50px}.elementor-widget-text-editor .elementor-drop-cap-letter{display:inline-block}<\/style>\t\t\t\t<p><strong>Los integrantes de este organismo ciudadano no recibir\u00e1n ninguna remuneraci\u00f3n por las actividades que realicen.<\/strong><\/p><p><strong>Pachuca, Hgo., 15 de diciembre 2023.- <\/strong>Tras dos convocatorias sin respuesta, finalmente este jueves qued\u00f3 integrado el\u00a0Comit\u00e9 Ciudadano de la Comisi\u00f3n de B\u00fasqueda de Personas de Hidalgo, cuyo objetivo es contribuir en el proceso de b\u00fasqueda de desaparecidos y personas no localizadas en la entidad.<\/p><p>Con 20 votos a favor, cero abstenciones y cero en contra, el Congreso local aval\u00f3 a\u00a0Margarita Medina Santander, M\u00f3nica Ramos Z\u00fa\u00f1iga, Mercedes Paula Salazar Hern\u00e1ndez, Ayli Rodr\u00edguez Barrag\u00e1n, Erick Iv\u00e1n S\u00e1nchez Rico, Jonathan Tamez Flores y Mar\u00eda Isabel Pe\u00f1a Mendoza\u00a0como sus miembros.<\/p><p>Los designados rindieron protesta ante el pleno de la\u00a0LXV Legislatura,\u00a0ya que el nombramiento surte efectos una vez realizado este acto. Es importante destacar que los integrantes de este organismo no recibir\u00e1n ninguna remuneraci\u00f3n por las actividades que realicen.<\/p><p>Jos\u00e9 No\u00e9 Hern\u00e1ndez Bravo, presidente de la\u00a0Comisi\u00f3n de Gobernaci\u00f3n\u00a0y encargado de dar seguimiento a este tema, mencion\u00f3 que les plantearon la posibilidad de percibir un sueldo; sin embargo, ellos mismos consideraron que no deben tenerlo porque se pierde el sentido social del Comit\u00e9.<\/p><p>Sobre la tardanza para integrar el ente, explic\u00f3 que batallaron con un integrante:\u00a0\u201clogramos que se integrara, es muy importante que est\u00e9 completo para que sea impar, son siete, debe haber una mayor\u00eda y una minor\u00eda\u201d.<\/p><p>Este organismo ciudadano se integra por tres familiares de personas desaparecidas, dos integrantes vinculados con organizaciones de la sociedad civil y dos especialistas en la materia;\u00a0cada uno desempe\u00f1ar\u00e1 el encargo por tres a\u00f1os.<\/p>\t\t\t\t\t\t<\/div>\n\t\t\t\t<\/div>\n\t\t\t\t\t<\/div>\n\t\t<\/div>\n\t\t\t\t\t\t\t<\/div>\n\t\t<\/section>\n\t\t\t\t\t\t\t<\/div>\n\t\t","protected":false},"excerpt":{"rendered":"<p>Los integrantes de este organismo ciudadano no recibir\u00e1n ninguna remuneraci\u00f3n por las actividades que realicen. Pachuca, Hgo., 15 de diciembre 2023.- Tras dos convocatorias sin respuesta, finalmente este jueves qued\u00f3 integrado el\u00a0Comit\u00e9 Ciudadano de la Comisi\u00f3n de B\u00fasqueda de Personas de Hidalgo, cuyo objetivo es contribuir en el proceso de b\u00fasqueda de desaparecidos y personas [&hellip;]<\/p>\n","protected":false},"author":1,"featured_media":36264,"comment_status":"closed","ping_status":"open","sticky":false,"template":"","format":"standard","meta":[],"categories":[9],"tags":[],"_links":{"self":[{"href":"https:\/\/www.septinoticias.com.mx\/index.php?rest_route=\/wp\/v2\/posts\/36262"}],"collection":[{"href":"https:\/\/www.septinoticias.com.mx\/index.php?rest_route=\/wp\/v2\/posts"}],"about":[{"href":"https:\/\/www.septinoticias.com.mx\/index.php?rest_route=\/wp\/v2\/types\/post"}],"author":[{"embeddable":true,"href":"https:\/\/www.septinoticias.com.mx\/index.php?rest_route=\/wp\/v2\/users\/1"}],"replies":[{"embeddable":true,"href":"https:\/\/www.septinoticias.com.mx\/index.php?rest_route=%2Fwp%2Fv2%2Fcomments&post=36262"}],"version-history":[{"count":4,"href":"https:\/\/www.septinoticias.com.mx\/index.php?rest_route=\/wp\/v2\/posts\/36262\/revisions"}],"predecessor-version":[{"id":36267,"href":"https:\/\/www.septinoticias.com.mx\/index.php?rest_route=\/wp\/v2\/posts\/36262\/revisions\/36267"}],"wp:featuredmedia":[{"embeddable":true,"href":"https:\/\/www.septinoticias.com.mx\/index.php?rest_route=\/wp\/v2\/media\/36264"}],"wp:attachment":[{"href":"https:\/\/www.septinoticias.com.mx\/index.php?rest_route=%2Fwp%2Fv2%2Fmedia&parent=36262"}],"wp:term":[{"taxonomy":"category","embeddable":true,"href":"https:\/\/www.septinoticias.com.mx\/index.php?rest_route=%2Fwp%2Fv2%2Fcategories&post=36262"},{"taxonomy":"post_tag","embeddable":true,"href":"https:\/\/www.septinoticias.com.mx\/index.php?rest_route=%2Fwp%2Fv2%2Ftags&post=36262"}],"curies":[{"name":"wp","href":"https:\/\/api.w.org\/{rel}","templated":true}]}}