{"id":36226,"date":"2023-12-16T16:51:46","date_gmt":"2023-12-16T16:51:46","guid":{"rendered":"https:\/\/www.septinoticias.com.mx\/?p=36226"},"modified":"2023-12-16T16:52:43","modified_gmt":"2023-12-16T16:52:43","slug":"vacaciones-de-invierno-para-mas-de-810-mil-alumnos-del-18-de-diciembre-2023-al-8-de-enero-2024","status":"publish","type":"post","link":"https:\/\/www.septinoticias.com.mx\/?p=36226","title":{"rendered":"Vacaciones de Invierno Para M\u00e1s de 810 Mil Alumnos del 18 de Diciembre 2023 al 8 de Enero 2024"},"content":{"rendered":"\t\t<div data-elementor-type=\"wp-post\" data-elementor-id=\"36226\" class=\"elementor elementor-36226\">\n\t\t\t\t\t\t\t\t\t<section class=\"elementor-section elementor-top-section elementor-element elementor-element-20bbcd3b elementor-section-boxed elementor-section-height-default elementor-section-height-default\" data-id=\"20bbcd3b\" data-element_type=\"section\">\n\t\t\t\t\t\t<div class=\"elementor-container elementor-column-gap-default\">\n\t\t\t\t\t<div class=\"elementor-column elementor-col-100 elementor-top-column elementor-element elementor-element-33be02ef\" data-id=\"33be02ef\" data-element_type=\"column\">\n\t\t\t<div class=\"elementor-widget-wrap elementor-element-populated\">\n\t\t\t\t\t\t\t\t<div class=\"elementor-element elementor-element-6c4a91f9 elementor-widget elementor-widget-text-editor\" data-id=\"6c4a91f9\" data-element_type=\"widget\" data-widget_type=\"text-editor.default\">\n\t\t\t\t<div class=\"elementor-widget-container\">\n\t\t\t<style>\/*! elementor - v3.10.1 - 17-01-2023 *\/\n.elementor-widget-text-editor.elementor-drop-cap-view-stacked .elementor-drop-cap{background-color:#818a91;color:#fff}.elementor-widget-text-editor.elementor-drop-cap-view-framed .elementor-drop-cap{color:#818a91;border:3px solid;background-color:transparent}.elementor-widget-text-editor:not(.elementor-drop-cap-view-default) .elementor-drop-cap{margin-top:8px}.elementor-widget-text-editor:not(.elementor-drop-cap-view-default) .elementor-drop-cap-letter{width:1em;height:1em}.elementor-widget-text-editor .elementor-drop-cap{float:left;text-align:center;line-height:1;font-size:50px}.elementor-widget-text-editor .elementor-drop-cap-letter{display:inline-block}<\/style>\t\t\t\t<p><strong>Pachuca, Hgo., 15 de diciembre 2023.- <\/strong>El lunes 18 de diciembre iniciar\u00e1n vacaciones de invierno 810 mil 631 mil alumnos de educaci\u00f3n b\u00e1sica y media superior de m\u00e1s de ocho mil planteles, en Hidalgo, establece el calendario escolar que este 15 del mes ser\u00e1 el \u00faltimo d\u00eda de clases y finalizar\u00e1n el viernes 5 de enero, volviendo a las aulas el lunes 8 de ese mes, por lo que tendr\u00e1n 15 d\u00edas de descanso.<\/p><p>Las vacaciones ser\u00e1n para los alumnos de preescolar, primaria y secundaria, as\u00ed como quienes acuden al Colegio de Estudios Cient\u00edficos y Tecnol\u00f3gicos del Estado de Hidalgo (CECyTEH); Colegio de Bachilleres del Estado de Hidalgo (Cobaeh), Colegio de Educaci\u00f3n Profesional T\u00e9cnica del Estado de Hidalgo (Conalep-Hidalgo); Bachillerato del Estado de Hidalgo, y en las escuelas particulares con Reconocimiento de Validez Oficial de Estudios (RVOE).<\/p><p>Los docentes y directivos se incorporar\u00e1n el d\u00eda 3 de enero para participar en el Taller Intensivo de Formaci\u00f3n Continua para Directivos y los d\u00edas 4 y 5 de enero Taller Intensivo de Formaci\u00f3n Continua para Docentes.<\/p><p>El 26 de enero, el \u00faltimo viernes del mes, los alumnos de educaci\u00f3n b\u00e1sica descasar\u00e1n, debido a que los docentes tienen Consejo T\u00e9cnico Escolar y Taller Intensivo de Formaci\u00f3n Continua para Docentes.<\/p><p>De acuerdo al calendario escolar el lunes 5 de febrero hay suspensi\u00f3n de labores obligatorio, porque es la conmemoraci\u00f3n de la Constituci\u00f3n de 1917, por lo que habr\u00e1 puente tanto para maestro y alumnos, regresando el martes 6 de febrero.<\/p><p>As\u00ed mismo, el viernes 23 de febrero habr\u00e1 suspensi\u00f3n para los alumnos de preescolar, primaria y secundaria, debido al Consejo T\u00e9cnico Escolar. Cabe precisar que el \u00faltimo viernes de cada mes, no acuden los alumnos derivado de este Consejo.<\/p><p>El 18 de marzo tambi\u00e9n ser\u00e1 descanso obligatorio por el natalicio de Benito Ju\u00e1rez; igualmente el 1 y 5 de mayo, la primera por el D\u00eda del Trabajo y, segunda fecha, debido a la conmemoraci\u00f3n de la Batalla de Puebla, respectivamente.<\/p><p>Las vacaciones de Semana Santa empiezan el 25 de marzo al 5 de abril del 2024.<\/p>\t\t\t\t\t\t<\/div>\n\t\t\t\t<\/div>\n\t\t\t\t\t<\/div>\n\t\t<\/div>\n\t\t\t\t\t\t\t<\/div>\n\t\t<\/section>\n\t\t\t\t\t\t\t<\/div>\n\t\t","protected":false},"excerpt":{"rendered":"<p>Pachuca, Hgo., 15 de diciembre 2023.- El lunes 18 de diciembre iniciar\u00e1n vacaciones de invierno 810 mil 631 mil alumnos de educaci\u00f3n b\u00e1sica y media superior de m\u00e1s de ocho mil planteles, en Hidalgo, establece el calendario escolar que este 15 del mes ser\u00e1 el \u00faltimo d\u00eda de clases y finalizar\u00e1n el viernes 5 de [&hellip;]<\/p>\n","protected":false},"author":1,"featured_media":36228,"comment_status":"closed","ping_status":"open","sticky":false,"template":"","format":"standard","meta":[],"categories":[4],"tags":[],"_links":{"self":[{"href":"https:\/\/www.septinoticias.com.mx\/index.php?rest_route=\/wp\/v2\/posts\/36226"}],"collection":[{"href":"https:\/\/www.septinoticias.com.mx\/index.php?rest_route=\/wp\/v2\/posts"}],"about":[{"href":"https:\/\/www.septinoticias.com.mx\/index.php?rest_route=\/wp\/v2\/types\/post"}],"author":[{"embeddable":true,"href":"https:\/\/www.septinoticias.com.mx\/index.php?rest_route=\/wp\/v2\/users\/1"}],"replies":[{"embeddable":true,"href":"https:\/\/www.septinoticias.com.mx\/index.php?rest_route=%2Fwp%2Fv2%2Fcomments&post=36226"}],"version-history":[{"count":4,"href":"https:\/\/www.septinoticias.com.mx\/index.php?rest_route=\/wp\/v2\/posts\/36226\/revisions"}],"predecessor-version":[{"id":36231,"href":"https:\/\/www.septinoticias.com.mx\/index.php?rest_route=\/wp\/v2\/posts\/36226\/revisions\/36231"}],"wp:featuredmedia":[{"embeddable":true,"href":"https:\/\/www.septinoticias.com.mx\/index.php?rest_route=\/wp\/v2\/media\/36228"}],"wp:attachment":[{"href":"https:\/\/www.septinoticias.com.mx\/index.php?rest_route=%2Fwp%2Fv2%2Fmedia&parent=36226"}],"wp:term":[{"taxonomy":"category","embeddable":true,"href":"https:\/\/www.septinoticias.com.mx\/index.php?rest_route=%2Fwp%2Fv2%2Fcategories&post=36226"},{"taxonomy":"post_tag","embeddable":true,"href":"https:\/\/www.septinoticias.com.mx\/index.php?rest_route=%2Fwp%2Fv2%2Ftags&post=36226"}],"curies":[{"name":"wp","href":"https:\/\/api.w.org\/{rel}","templated":true}]}}