{"id":36202,"date":"2023-12-16T16:47:20","date_gmt":"2023-12-16T16:47:20","guid":{"rendered":"https:\/\/www.septinoticias.com.mx\/?p=36202"},"modified":"2023-12-16T16:48:22","modified_gmt":"2023-12-16T16:48:22","slug":"celebra-escuela-de-musica-del-estado-de-hidalgo-temporada-navidena","status":"publish","type":"post","link":"https:\/\/www.septinoticias.com.mx\/?p=36202","title":{"rendered":"Celebra Escuela de M\u00fasica del Estado de Hidalgo Temporada Navide\u00f1a"},"content":{"rendered":"\t\t<div data-elementor-type=\"wp-post\" data-elementor-id=\"36202\" class=\"elementor elementor-36202\">\n\t\t\t\t\t\t\t\t\t<section class=\"elementor-section elementor-top-section elementor-element elementor-element-20bbcd3b elementor-section-boxed elementor-section-height-default elementor-section-height-default\" data-id=\"20bbcd3b\" data-element_type=\"section\">\n\t\t\t\t\t\t<div class=\"elementor-container elementor-column-gap-default\">\n\t\t\t\t\t<div class=\"elementor-column elementor-col-100 elementor-top-column elementor-element elementor-element-33be02ef\" data-id=\"33be02ef\" data-element_type=\"column\">\n\t\t\t<div class=\"elementor-widget-wrap elementor-element-populated\">\n\t\t\t\t\t\t\t\t<div class=\"elementor-element elementor-element-6c4a91f9 elementor-widget elementor-widget-text-editor\" data-id=\"6c4a91f9\" data-element_type=\"widget\" data-widget_type=\"text-editor.default\">\n\t\t\t\t<div class=\"elementor-widget-container\">\n\t\t\t<style>\/*! elementor - v3.10.1 - 17-01-2023 *\/\n.elementor-widget-text-editor.elementor-drop-cap-view-stacked .elementor-drop-cap{background-color:#818a91;color:#fff}.elementor-widget-text-editor.elementor-drop-cap-view-framed .elementor-drop-cap{color:#818a91;border:3px solid;background-color:transparent}.elementor-widget-text-editor:not(.elementor-drop-cap-view-default) .elementor-drop-cap{margin-top:8px}.elementor-widget-text-editor:not(.elementor-drop-cap-view-default) .elementor-drop-cap-letter{width:1em;height:1em}.elementor-widget-text-editor .elementor-drop-cap{float:left;text-align:center;line-height:1;font-size:50px}.elementor-widget-text-editor .elementor-drop-cap-letter{display:inline-block}<\/style>\t\t\t\t<p><strong>-El evento fue una muestra de la diversidad art\u00edstica de la EMEH, ya que involucr\u00f3 a todas las \u00e1reas acad\u00e9micas de los niveles medio superior y superior<\/strong><\/p><p><strong>Pachuca, Hgo., 15 de diciembre de 2023.\u2013<\/strong> La Escuela de M\u00fasica del Estado de Hidalgo (EMEH) llev\u00f3 a cabo su posada anual donde estudiantes, docentes y personal administrativo celebraron la temporada navide\u00f1a, fomentaron el rescate de las tradiciones y fortalecieron los lazos de convivencia.<\/p><p>El evento fue una muestra de la diversidad art\u00edstica de la EMEH, ya que involucr\u00f3 a todas las \u00e1reas acad\u00e9micas de los niveles medio superior y superior como danza, teatro, artes visuales y m\u00fasica del bachillerato en artes.<\/p><p>La Posada EMEH inici\u00f3 con la tradicional letan\u00eda, en la que las y los asistentes se unieron en un esp\u00edritu de unidad y celebraci\u00f3n. Adem\u00e1s, el coro de la escuela aport\u00f3 un toque especial a esta ceremonia con su talento vocal.<\/p><p>Por su parte, las y los estudiantes de la licenciatura en m\u00fasica destacaron con ensambles y solistas que deleitaron al p\u00fablico con el talento mostrado como resultado de su formaci\u00f3n y dedicaci\u00f3n.<\/p><p>Asimismo, estudiantes de la ingenier\u00eda en audio participaron en la organizaci\u00f3n y soporte t\u00e9cnico de la actividad para demostrar la colaboraci\u00f3n interdisciplinaria dentro de la escuela.<\/p><p>La Escuela de M\u00fasica del Estado de Hidalgo busca constituirse como la casa de estudios especializada en las artes de mayor jerarqu\u00eda acad\u00e9mica de la entidad, por ello trabaja en la formaci\u00f3n de profesionales, a trav\u00e9s de una educaci\u00f3n humanista, art\u00edstica y tecnol\u00f3gica, con la finalidad de preservar la cultura y tradiciones de las diversas regiones que conforman nuestro entorno econ\u00f3mico, pol\u00edtico y social.<\/p><p>\u00a0<\/p>\t\t\t\t\t\t<\/div>\n\t\t\t\t<\/div>\n\t\t\t\t\t<\/div>\n\t\t<\/div>\n\t\t\t\t\t\t\t<\/div>\n\t\t<\/section>\n\t\t\t\t\t\t\t<\/div>\n\t\t","protected":false},"excerpt":{"rendered":"<p>-El evento fue una muestra de la diversidad art\u00edstica de la EMEH, ya que involucr\u00f3 a todas las \u00e1reas acad\u00e9micas de los niveles medio superior y superior Pachuca, Hgo., 15 de diciembre de 2023.\u2013 La Escuela de M\u00fasica del Estado de Hidalgo (EMEH) llev\u00f3 a cabo su posada anual donde estudiantes, docentes y personal administrativo [&hellip;]<\/p>\n","protected":false},"author":1,"featured_media":36204,"comment_status":"closed","ping_status":"open","sticky":false,"template":"","format":"standard","meta":[],"categories":[4],"tags":[],"_links":{"self":[{"href":"https:\/\/www.septinoticias.com.mx\/index.php?rest_route=\/wp\/v2\/posts\/36202"}],"collection":[{"href":"https:\/\/www.septinoticias.com.mx\/index.php?rest_route=\/wp\/v2\/posts"}],"about":[{"href":"https:\/\/www.septinoticias.com.mx\/index.php?rest_route=\/wp\/v2\/types\/post"}],"author":[{"embeddable":true,"href":"https:\/\/www.septinoticias.com.mx\/index.php?rest_route=\/wp\/v2\/users\/1"}],"replies":[{"embeddable":true,"href":"https:\/\/www.septinoticias.com.mx\/index.php?rest_route=%2Fwp%2Fv2%2Fcomments&post=36202"}],"version-history":[{"count":4,"href":"https:\/\/www.septinoticias.com.mx\/index.php?rest_route=\/wp\/v2\/posts\/36202\/revisions"}],"predecessor-version":[{"id":36207,"href":"https:\/\/www.septinoticias.com.mx\/index.php?rest_route=\/wp\/v2\/posts\/36202\/revisions\/36207"}],"wp:featuredmedia":[{"embeddable":true,"href":"https:\/\/www.septinoticias.com.mx\/index.php?rest_route=\/wp\/v2\/media\/36204"}],"wp:attachment":[{"href":"https:\/\/www.septinoticias.com.mx\/index.php?rest_route=%2Fwp%2Fv2%2Fmedia&parent=36202"}],"wp:term":[{"taxonomy":"category","embeddable":true,"href":"https:\/\/www.septinoticias.com.mx\/index.php?rest_route=%2Fwp%2Fv2%2Fcategories&post=36202"},{"taxonomy":"post_tag","embeddable":true,"href":"https:\/\/www.septinoticias.com.mx\/index.php?rest_route=%2Fwp%2Fv2%2Ftags&post=36202"}],"curies":[{"name":"wp","href":"https:\/\/api.w.org\/{rel}","templated":true}]}}