{"id":36196,"date":"2023-12-16T16:46:15","date_gmt":"2023-12-16T16:46:15","guid":{"rendered":"https:\/\/www.septinoticias.com.mx\/?p=36196"},"modified":"2023-12-16T16:47:11","modified_gmt":"2023-12-16T16:47:11","slug":"fue-instalada-la-red-interinstitucional-de-atencion-a-la-violencia-riav-en-tulancingo","status":"publish","type":"post","link":"https:\/\/www.septinoticias.com.mx\/?p=36196","title":{"rendered":"Fue Instalada La Red Interinstitucional de Atenci\u00f3n a La Violencia (Riav) en Tulancingo"},"content":{"rendered":"\t\t<div data-elementor-type=\"wp-post\" data-elementor-id=\"36196\" class=\"elementor elementor-36196\">\n\t\t\t\t\t\t\t\t\t<section class=\"elementor-section elementor-top-section elementor-element elementor-element-20bbcd3b elementor-section-boxed elementor-section-height-default elementor-section-height-default\" data-id=\"20bbcd3b\" data-element_type=\"section\">\n\t\t\t\t\t\t<div class=\"elementor-container elementor-column-gap-default\">\n\t\t\t\t\t<div class=\"elementor-column elementor-col-100 elementor-top-column elementor-element elementor-element-33be02ef\" data-id=\"33be02ef\" data-element_type=\"column\">\n\t\t\t<div class=\"elementor-widget-wrap elementor-element-populated\">\n\t\t\t\t\t\t\t\t<div class=\"elementor-element elementor-element-6c4a91f9 elementor-widget elementor-widget-text-editor\" data-id=\"6c4a91f9\" data-element_type=\"widget\" data-widget_type=\"text-editor.default\">\n\t\t\t\t<div class=\"elementor-widget-container\">\n\t\t\t<style>\/*! elementor - v3.10.1 - 17-01-2023 *\/\n.elementor-widget-text-editor.elementor-drop-cap-view-stacked .elementor-drop-cap{background-color:#818a91;color:#fff}.elementor-widget-text-editor.elementor-drop-cap-view-framed .elementor-drop-cap{color:#818a91;border:3px solid;background-color:transparent}.elementor-widget-text-editor:not(.elementor-drop-cap-view-default) .elementor-drop-cap{margin-top:8px}.elementor-widget-text-editor:not(.elementor-drop-cap-view-default) .elementor-drop-cap-letter{width:1em;height:1em}.elementor-widget-text-editor .elementor-drop-cap{float:left;text-align:center;line-height:1;font-size:50px}.elementor-widget-text-editor .elementor-drop-cap-letter{display:inline-block}<\/style>\t\t\t\t<p><strong>Tulancingo, Hgo., 15 de diciembre de 2023.-<\/strong>Previo a la reuni\u00f3n mensual del Comit\u00e9 Jurisdiccional de Vigilancia Epidemiol\u00f3gica de la regi\u00f3n de Tulancingo, fue instalada la Red Interinstitucional de Atenci\u00f3n a la Violencia (RIAV).<\/p><p>Con la presencia de Alma Lidia de la Vega, Subsecretaria de Salud en Hidalgo, y como anfitri\u00f3n al presidente municipal de Tulancingo, Jorge M\u00e1rquez Alvarado; este viernes se realiz\u00f3 la \u00faltima reuni\u00f3n del a\u00f1o, para hacer un diagn\u00f3stico de las enfermedades epidemiol\u00f3gicas en la regi\u00f3n del valle de Tulancingo y Otom\u00ed-Tepehua.<\/p><p>En primera instancia se realiz\u00f3 la firma del acta para la instalaci\u00f3n del RIAV, que tiene como objetivo prevenir, atender y dar seguimiento a casos espec\u00edficos de violencia.<\/p><p>Asimismo, tiene la finalidad de identificar signos de violencia al interior del n\u00facleo familiar, y atenderlo a trav\u00e9s de las diferentes instancias que conforman los niveles de gobierno, para realizar un trabajo Interinstitucional efectivo.<\/p><p>Posteriormente se dio a conocer el estado que guarda el Covid y la Influenza, en los diferentes municipios que integran la jurisdicci\u00f3n sanitaria 02.<\/p><p>Se emitieron recomendaciones para sectores vulnerables de la poblaci\u00f3n, para vacunarse contra estas enfermedades, pues los casos presentaron incremento en el \u00faltimo mes, sobre todo en influenza.<\/p><p>De igual manera se solicit\u00f3 poner \u00e9nfasis en la identificaci\u00f3n de casos de rabia en animales silvestres, para evitar su propagaci\u00f3n, a trav\u00e9s de medidas efectivas.<\/p>\t\t\t\t\t\t<\/div>\n\t\t\t\t<\/div>\n\t\t\t\t\t<\/div>\n\t\t<\/div>\n\t\t\t\t\t\t\t<\/div>\n\t\t<\/section>\n\t\t\t\t\t\t\t<\/div>\n\t\t","protected":false},"excerpt":{"rendered":"<p>Tulancingo, Hgo., 15 de diciembre de 2023.-Previo a la reuni\u00f3n mensual del Comit\u00e9 Jurisdiccional de Vigilancia Epidemiol\u00f3gica de la regi\u00f3n de Tulancingo, fue instalada la Red Interinstitucional de Atenci\u00f3n a la Violencia (RIAV). Con la presencia de Alma Lidia de la Vega, Subsecretaria de Salud en Hidalgo, y como anfitri\u00f3n al presidente municipal de Tulancingo, [&hellip;]<\/p>\n","protected":false},"author":1,"featured_media":36198,"comment_status":"closed","ping_status":"open","sticky":false,"template":"","format":"standard","meta":[],"categories":[7],"tags":[],"_links":{"self":[{"href":"https:\/\/www.septinoticias.com.mx\/index.php?rest_route=\/wp\/v2\/posts\/36196"}],"collection":[{"href":"https:\/\/www.septinoticias.com.mx\/index.php?rest_route=\/wp\/v2\/posts"}],"about":[{"href":"https:\/\/www.septinoticias.com.mx\/index.php?rest_route=\/wp\/v2\/types\/post"}],"author":[{"embeddable":true,"href":"https:\/\/www.septinoticias.com.mx\/index.php?rest_route=\/wp\/v2\/users\/1"}],"replies":[{"embeddable":true,"href":"https:\/\/www.septinoticias.com.mx\/index.php?rest_route=%2Fwp%2Fv2%2Fcomments&post=36196"}],"version-history":[{"count":4,"href":"https:\/\/www.septinoticias.com.mx\/index.php?rest_route=\/wp\/v2\/posts\/36196\/revisions"}],"predecessor-version":[{"id":36201,"href":"https:\/\/www.septinoticias.com.mx\/index.php?rest_route=\/wp\/v2\/posts\/36196\/revisions\/36201"}],"wp:featuredmedia":[{"embeddable":true,"href":"https:\/\/www.septinoticias.com.mx\/index.php?rest_route=\/wp\/v2\/media\/36198"}],"wp:attachment":[{"href":"https:\/\/www.septinoticias.com.mx\/index.php?rest_route=%2Fwp%2Fv2%2Fmedia&parent=36196"}],"wp:term":[{"taxonomy":"category","embeddable":true,"href":"https:\/\/www.septinoticias.com.mx\/index.php?rest_route=%2Fwp%2Fv2%2Fcategories&post=36196"},{"taxonomy":"post_tag","embeddable":true,"href":"https:\/\/www.septinoticias.com.mx\/index.php?rest_route=%2Fwp%2Fv2%2Ftags&post=36196"}],"curies":[{"name":"wp","href":"https:\/\/api.w.org\/{rel}","templated":true}]}}