{"id":36122,"date":"2023-12-15T16:40:57","date_gmt":"2023-12-15T16:40:57","guid":{"rendered":"https:\/\/www.septinoticias.com.mx\/?p=36122"},"modified":"2023-12-15T16:41:50","modified_gmt":"2023-12-15T16:41:50","slug":"arranca-magia-navidena-en-el-bosque-el-cedral-de-mineral-del-chico","status":"publish","type":"post","link":"https:\/\/www.septinoticias.com.mx\/?p=36122","title":{"rendered":"Arranca Magia Navide\u00f1a en el Bosque El Cedral de Mineral del Chico"},"content":{"rendered":"\t\t<div data-elementor-type=\"wp-post\" data-elementor-id=\"36122\" class=\"elementor elementor-36122\">\n\t\t\t\t\t\t\t\t\t<section class=\"elementor-section elementor-top-section elementor-element elementor-element-20bbcd3b elementor-section-boxed elementor-section-height-default elementor-section-height-default\" data-id=\"20bbcd3b\" data-element_type=\"section\">\n\t\t\t\t\t\t<div class=\"elementor-container elementor-column-gap-default\">\n\t\t\t\t\t<div class=\"elementor-column elementor-col-100 elementor-top-column elementor-element elementor-element-33be02ef\" data-id=\"33be02ef\" data-element_type=\"column\">\n\t\t\t<div class=\"elementor-widget-wrap elementor-element-populated\">\n\t\t\t\t\t\t\t\t<div class=\"elementor-element elementor-element-6c4a91f9 elementor-widget elementor-widget-text-editor\" data-id=\"6c4a91f9\" data-element_type=\"widget\" data-widget_type=\"text-editor.default\">\n\t\t\t\t<div class=\"elementor-widget-container\">\n\t\t\t<style>\/*! elementor - v3.10.1 - 17-01-2023 *\/\n.elementor-widget-text-editor.elementor-drop-cap-view-stacked .elementor-drop-cap{background-color:#818a91;color:#fff}.elementor-widget-text-editor.elementor-drop-cap-view-framed .elementor-drop-cap{color:#818a91;border:3px solid;background-color:transparent}.elementor-widget-text-editor:not(.elementor-drop-cap-view-default) .elementor-drop-cap{margin-top:8px}.elementor-widget-text-editor:not(.elementor-drop-cap-view-default) .elementor-drop-cap-letter{width:1em;height:1em}.elementor-widget-text-editor .elementor-drop-cap{float:left;text-align:center;line-height:1;font-size:50px}.elementor-widget-text-editor .elementor-drop-cap-letter{display:inline-block}<\/style>\t\t\t\t<p><strong>Mineral del Chico, Hgo.,14 de diciembre 2023.-<\/strong>Internarte entre gigantes pinos, el olor a oyamel y el susurrar de los grillos, con la frescura\u00a0 y tranquilidad que\u00a0 brinda el monte, ah\u00ed est\u00e1 Santa con sus renos, esperando a todos los ni\u00f1os con su cartita.<\/p><p>La cita es en parque Ecol\u00f3gico El Cedral, en Mineral del Chico, donde se presenta \u201cMagia Navide\u00f1a en el Bosque\u201d, un espect\u00e1culo que no te puedes perder; shows en vivo, m\u00fasica, villa iluminada.\u00a0 Talento, gracia, diversi\u00f3n de m\u00e1s de 23 actores en escena.<\/p><p>El evento inicia a las 18:00 horas, pero llega desde la ma\u00f1ana y disfrutar de la presa donde puedes andar en lancha, caminar sobre el puente, acampar,\u00a0 subirte a la tirolesa, o que tal un paseo a caballo. Desde luego no podr\u00e1s regresar sin probar la deliciosa gastronom\u00eda como las truchas y los antojitos mexicanos.<\/p><p>Despu\u00e9s\u00a0\u00a0 saluda a los duendes, t\u00f3mate la foto con las princesas de Frozen,\u00a0 disfruta de los shows de Cascanueces, Jessie la Vaquerita, Minnie y Mickey y mucho m\u00e1s.<\/p><p>\u201cMagia Navide\u00f1a en el Bosque\u201d ofrece pasajes\u00a0 que te encantar\u00e1n en el recorrido entre \u00e1rboles, algo diferente, porque en cada estaci\u00f3n\u00a0 disfrutar\u00e1s a lo grande, un espect\u00e1culo para\u00a0 estar con toda la familia\u00a0 y con amigos.<\/p><p>\u00a0Ahora que, si quieres pasar un fin de semana en este lugar boscoso, hay caba\u00f1as o puedes acampar, llevarte este bonito recuerdo para toda la vida.<\/p><p>\u00a0\u201cMagia Navide\u00f1a en el Bosque\u201d en su tercera edici\u00f3n 2023, ofrece diversi\u00f3n, emociones y sorpresas para toda la familia del 7 de diciembre al 7 de enero de 2024, de jueves a domingo de 18:00 a 22:00 horas habr\u00e1 shows continuos, excepto 24 y 31 de diciembre, abrir\u00e1 el 25 de diciembre y 1 de Enero.<\/p><p>A solo 15 minutos de Pachuca est\u00e1 El Cedral, puedes entrar por la Concepci\u00f3n y\/o por San Juan Pachuca, hay transporte p\u00fablico, en la calle de Juli\u00e1n Carrillo y o en Venustiano Carranza.<\/p><p>La representante del comit\u00e9 organizador, Liliana Luna Monzalvo, explic\u00f3 que esta actividad se realiza en coordinaci\u00f3n con los ejidatarios para promover el turismo a trav\u00e9s de un espect\u00e1culo navide\u00f1o cuyo escenario es el bosque.<\/p><p>Saborea antojitos mexicanos, artesan\u00edas y regalos. El costo de la entrada general al espect\u00e1culo es de 80 pesos, sin cobro de estacionamiento, y si\u00a0\u00a0 decides disfrutar\u00a0\u00a0 del centro ecotur\u00edstico, est\u00e1 abierto\u00a0 las 24 hora\u00a0 horas del d\u00eda, la entrada al parque se cobra aparte, 35 pesos,\u00a0 pasa un d\u00eda inolvidable.<\/p>\t\t\t\t\t\t<\/div>\n\t\t\t\t<\/div>\n\t\t\t\t\t<\/div>\n\t\t<\/div>\n\t\t\t\t\t\t\t<\/div>\n\t\t<\/section>\n\t\t\t\t\t\t\t<\/div>\n\t\t","protected":false},"excerpt":{"rendered":"<p>Mineral del Chico, Hgo.,14 de diciembre 2023.-Internarte entre gigantes pinos, el olor a oyamel y el susurrar de los grillos, con la frescura\u00a0 y tranquilidad que\u00a0 brinda el monte, ah\u00ed est\u00e1 Santa con sus renos, esperando a todos los ni\u00f1os con su cartita. La cita es en parque Ecol\u00f3gico El Cedral, en Mineral del Chico, [&hellip;]<\/p>\n","protected":false},"author":1,"featured_media":36124,"comment_status":"closed","ping_status":"open","sticky":false,"template":"","format":"standard","meta":[],"categories":[9],"tags":[],"_links":{"self":[{"href":"https:\/\/www.septinoticias.com.mx\/index.php?rest_route=\/wp\/v2\/posts\/36122"}],"collection":[{"href":"https:\/\/www.septinoticias.com.mx\/index.php?rest_route=\/wp\/v2\/posts"}],"about":[{"href":"https:\/\/www.septinoticias.com.mx\/index.php?rest_route=\/wp\/v2\/types\/post"}],"author":[{"embeddable":true,"href":"https:\/\/www.septinoticias.com.mx\/index.php?rest_route=\/wp\/v2\/users\/1"}],"replies":[{"embeddable":true,"href":"https:\/\/www.septinoticias.com.mx\/index.php?rest_route=%2Fwp%2Fv2%2Fcomments&post=36122"}],"version-history":[{"count":4,"href":"https:\/\/www.septinoticias.com.mx\/index.php?rest_route=\/wp\/v2\/posts\/36122\/revisions"}],"predecessor-version":[{"id":36127,"href":"https:\/\/www.septinoticias.com.mx\/index.php?rest_route=\/wp\/v2\/posts\/36122\/revisions\/36127"}],"wp:featuredmedia":[{"embeddable":true,"href":"https:\/\/www.septinoticias.com.mx\/index.php?rest_route=\/wp\/v2\/media\/36124"}],"wp:attachment":[{"href":"https:\/\/www.septinoticias.com.mx\/index.php?rest_route=%2Fwp%2Fv2%2Fmedia&parent=36122"}],"wp:term":[{"taxonomy":"category","embeddable":true,"href":"https:\/\/www.septinoticias.com.mx\/index.php?rest_route=%2Fwp%2Fv2%2Fcategories&post=36122"},{"taxonomy":"post_tag","embeddable":true,"href":"https:\/\/www.septinoticias.com.mx\/index.php?rest_route=%2Fwp%2Fv2%2Ftags&post=36122"}],"curies":[{"name":"wp","href":"https:\/\/api.w.org\/{rel}","templated":true}]}}