{"id":36002,"date":"2023-12-14T17:41:32","date_gmt":"2023-12-14T17:41:32","guid":{"rendered":"https:\/\/www.septinoticias.com.mx\/?p=36002"},"modified":"2023-12-14T17:46:10","modified_gmt":"2023-12-14T17:46:10","slug":"ratifica-el-senado-a-omar-fayad-se-va-de-embajador-a-noruega","status":"publish","type":"post","link":"https:\/\/www.septinoticias.com.mx\/?p=36002","title":{"rendered":"Ratifica el Senado a Omar Fayad, se va de Embajador a Noruega"},"content":{"rendered":"\t\t<div data-elementor-type=\"wp-post\" data-elementor-id=\"36002\" class=\"elementor elementor-36002\">\n\t\t\t\t\t\t\t\t\t<section class=\"elementor-section elementor-top-section elementor-element elementor-element-20bbcd3b elementor-section-boxed elementor-section-height-default elementor-section-height-default\" data-id=\"20bbcd3b\" data-element_type=\"section\">\n\t\t\t\t\t\t<div class=\"elementor-container elementor-column-gap-default\">\n\t\t\t\t\t<div class=\"elementor-column elementor-col-100 elementor-top-column elementor-element elementor-element-33be02ef\" data-id=\"33be02ef\" data-element_type=\"column\">\n\t\t\t<div class=\"elementor-widget-wrap elementor-element-populated\">\n\t\t\t\t\t\t\t\t<div class=\"elementor-element elementor-element-6c4a91f9 elementor-widget elementor-widget-text-editor\" data-id=\"6c4a91f9\" data-element_type=\"widget\" data-widget_type=\"text-editor.default\">\n\t\t\t\t<div class=\"elementor-widget-container\">\n\t\t\t<style>\/*! elementor - v3.10.1 - 17-01-2023 *\/\n.elementor-widget-text-editor.elementor-drop-cap-view-stacked .elementor-drop-cap{background-color:#818a91;color:#fff}.elementor-widget-text-editor.elementor-drop-cap-view-framed .elementor-drop-cap{color:#818a91;border:3px solid;background-color:transparent}.elementor-widget-text-editor:not(.elementor-drop-cap-view-default) .elementor-drop-cap{margin-top:8px}.elementor-widget-text-editor:not(.elementor-drop-cap-view-default) .elementor-drop-cap-letter{width:1em;height:1em}.elementor-widget-text-editor .elementor-drop-cap{float:left;text-align:center;line-height:1;font-size:50px}.elementor-widget-text-editor .elementor-drop-cap-letter{display:inline-block}<\/style>\t\t\t\t<p><strong>*\u201d<\/strong><strong>Este nombramiento; es una verg\u00fcenza que nos represente a todos los mexicanos, el nivel en cinismo que se le da a Noruega no se lo merece, que cuando llegue este pillo a Oslo llegue con el reproche de algunos mexicanos, sentimos verg\u00fcenza de que represente a este pa\u00eds\u201d; Senador German Mart\u00ednez<\/strong><\/p><p><strong>Ciudad de M\u00e9xico. 13 de diciembre 2023.- <\/strong>\u201cDesde el parlamento mexicano, nuestras m\u00e1s sentidas disculpas al reino de Noruega, al ministro, al parlamento, por haber hecho este nombramiento; es una verg\u00fcenza que nos represente a todos los mexicanos, el nivel en cinismo que se le da a Noruega no se lo merece, que cuando llegue este pillo a Oslo llegue con el reproche de algunos mexicanos, sentimos verg\u00fcenza de que represente a este pa\u00eds\u201d. Se\u00f1alo el senador Germ\u00e1n Mart\u00ednez C\u00e1zares, del Grupo Plural, al tiempo que asegur\u00f3 que no est\u00e1n contentos con solo votar en contra<\/p><p>Lo anterior, luego que el exgobernador de\u00a0Hidalgo,\u00a0Omar Fayad Meneses, rindi\u00f3 protesta ante el pleno del\u00a0<a href=\"https:\/\/x.com\/senadomexicano?s=20\">Senado<\/a>\u00a0como embajador extraordinario y plenipotenciario de M\u00e9xico en el Reino de\u00a0Noruega.<\/p><p>El dictamen de las comisiones unidas de Relaciones Exteriores y Relaciones Exteriores Europa, que ratificaba el nombramiento realizado por el presidente\u00a0Andr\u00e9s Manuel L\u00f3pez Obrador, fue aprobado por 70 votos a favor, 33 en contra y dos abstenciones.<\/p><p>Es menester\u00a0 recordar que en su administraci\u00f3n (2016-2022) est\u00e1 sujeta a una investigaci\u00f3n por el esquema de desv\u00edo millonario de recursos p\u00fablicos, \u00a0no obstante\u00a0 lo anterior los senadores hidalguenses Miguel \u00c1ngel Osorio Chong y Mar\u00eda Merced Gonz\u00e1lez Gonz\u00e1lez votaron a favor, en tanto que los votos de Navor Rojas Mancera y Nuvia Mayorga Delgado, no se\u00a0 visualizaron en la pantalla donde se registr\u00f3 la elecci\u00f3n.<\/p><p>Adem\u00e1s, algunos legisladores retomaron el comentario del exmandatario de que no cuenta con m\u00e9ritos para ser embajador para justificar su voto en contra; adem\u00e1s, insistieron en que su designaci\u00f3n fue un \u201cpago\u201d por \u201centregar a Morena Hidalgo\u201d.<\/p><p>Claudia Edith Anaya Mota, senadora por el PRI, dijo que a Morena no le da verg\u00fcenza que los \u201cnominados les escupan en la cara al decirles que no tiene m\u00e9ritos, lastima y duele que siendo amigos de Julio Menchaca pongan en duda el triunfo que obtuvo en las urnas, porque Omar Fayad entreg\u00f3 el estado. Se est\u00e1 premiando la corrupci\u00f3n\u201d.<\/p><p>Ricardo Monreal, de Morena, defendi\u00f3 a Omar Fayad en tribuna y pidi\u00f3 \u201cno agredir\u201d al gobernador Julio Menchaca, pues gan\u00f3 en las urnas con 30 puntos de diferencia de quien qued\u00f3 en segundo lugar, por lo que su triunfo fue leg\u00edtimo.<\/p><p>\u201cNo pueden decir que Omar entreg\u00f3 la plaza, el hartazgo de malos gobiernos se acumul\u00f3. Conf\u00edo en que Omar Fayad ser\u00e1 excelente diplom\u00e1tico, me parece osado insultarlo; si no les gusta, no lo voten\u201d.<\/p><p>C\u00e9sar Cravioto, de Morena, puntualiz\u00f3 que la embajada fue por su actitud democr\u00e1tica, porque en 2022 no intervino en la elecci\u00f3n. \u201cNosotros premiamos a quienes se comportan democr\u00e1ticamente en las elecciones, pero c\u00f3mo lo van a entender ustedes (PRI) si compran votos\u201d. As\u00ed Omar Fayad Meneses, ex gobernador de Hidalgo se suma a la lista de exgobernadores del PRI que han sido enviados al extranjero por medio de una embajada, tal es el caso de Quirino Ordaz, quien de Sinaloa pas\u00f3 a Espa\u00f1a; Claudia Pavlovich, de Sonora a c\u00f3nsul en Barcelona; Carlos Aysa, de Campeche a Rep\u00fablica Dominicana; y Carlos Joaqu\u00edn, de Quintana Roo a embajador en Canad\u00e1.<\/p>\t\t\t\t\t\t<\/div>\n\t\t\t\t<\/div>\n\t\t\t\t\t<\/div>\n\t\t<\/div>\n\t\t\t\t\t\t\t<\/div>\n\t\t<\/section>\n\t\t\t\t\t\t\t<\/div>\n\t\t","protected":false},"excerpt":{"rendered":"<p>*\u201dEste nombramiento; es una verg\u00fcenza que nos represente a todos los mexicanos, el nivel en cinismo que se le da a Noruega no se lo merece, que cuando llegue este pillo a Oslo llegue con el reproche de algunos mexicanos, sentimos verg\u00fcenza de que represente a este pa\u00eds\u201d; Senador German Mart\u00ednez Ciudad de M\u00e9xico. 13 [&hellip;]<\/p>\n","protected":false},"author":1,"featured_media":36010,"comment_status":"closed","ping_status":"open","sticky":false,"template":"","format":"standard","meta":[],"categories":[8],"tags":[],"_links":{"self":[{"href":"https:\/\/www.septinoticias.com.mx\/index.php?rest_route=\/wp\/v2\/posts\/36002"}],"collection":[{"href":"https:\/\/www.septinoticias.com.mx\/index.php?rest_route=\/wp\/v2\/posts"}],"about":[{"href":"https:\/\/www.septinoticias.com.mx\/index.php?rest_route=\/wp\/v2\/types\/post"}],"author":[{"embeddable":true,"href":"https:\/\/www.septinoticias.com.mx\/index.php?rest_route=\/wp\/v2\/users\/1"}],"replies":[{"embeddable":true,"href":"https:\/\/www.septinoticias.com.mx\/index.php?rest_route=%2Fwp%2Fv2%2Fcomments&post=36002"}],"version-history":[{"count":8,"href":"https:\/\/www.septinoticias.com.mx\/index.php?rest_route=\/wp\/v2\/posts\/36002\/revisions"}],"predecessor-version":[{"id":36013,"href":"https:\/\/www.septinoticias.com.mx\/index.php?rest_route=\/wp\/v2\/posts\/36002\/revisions\/36013"}],"wp:featuredmedia":[{"embeddable":true,"href":"https:\/\/www.septinoticias.com.mx\/index.php?rest_route=\/wp\/v2\/media\/36010"}],"wp:attachment":[{"href":"https:\/\/www.septinoticias.com.mx\/index.php?rest_route=%2Fwp%2Fv2%2Fmedia&parent=36002"}],"wp:term":[{"taxonomy":"category","embeddable":true,"href":"https:\/\/www.septinoticias.com.mx\/index.php?rest_route=%2Fwp%2Fv2%2Fcategories&post=36002"},{"taxonomy":"post_tag","embeddable":true,"href":"https:\/\/www.septinoticias.com.mx\/index.php?rest_route=%2Fwp%2Fv2%2Ftags&post=36002"}],"curies":[{"name":"wp","href":"https:\/\/api.w.org\/{rel}","templated":true}]}}