{"id":35169,"date":"2023-12-07T18:41:50","date_gmt":"2023-12-07T18:41:50","guid":{"rendered":"https:\/\/www.septinoticias.com.mx\/?p=35169"},"modified":"2023-12-07T19:01:28","modified_gmt":"2023-12-07T19:01:28","slug":"la-navidad-llego-a-hidalgo","status":"publish","type":"post","link":"https:\/\/www.septinoticias.com.mx\/?p=35169","title":{"rendered":"La Navidad Lleg\u00f3 a Hidalgo"},"content":{"rendered":"\t\t<div data-elementor-type=\"wp-post\" data-elementor-id=\"35169\" class=\"elementor elementor-35169\">\n\t\t\t\t\t\t\t\t\t<section class=\"elementor-section elementor-top-section elementor-element elementor-element-20bbcd3b elementor-section-boxed elementor-section-height-default elementor-section-height-default\" data-id=\"20bbcd3b\" data-element_type=\"section\">\n\t\t\t\t\t\t<div class=\"elementor-container elementor-column-gap-default\">\n\t\t\t\t\t<div class=\"elementor-column elementor-col-100 elementor-top-column elementor-element elementor-element-33be02ef\" data-id=\"33be02ef\" data-element_type=\"column\">\n\t\t\t<div class=\"elementor-widget-wrap elementor-element-populated\">\n\t\t\t\t\t\t\t\t<div class=\"elementor-element elementor-element-6c4a91f9 elementor-widget elementor-widget-text-editor\" data-id=\"6c4a91f9\" data-element_type=\"widget\" data-widget_type=\"text-editor.default\">\n\t\t\t\t<div class=\"elementor-widget-container\">\n\t\t\t<style>\/*! elementor - v3.10.1 - 17-01-2023 *\/\n.elementor-widget-text-editor.elementor-drop-cap-view-stacked .elementor-drop-cap{background-color:#818a91;color:#fff}.elementor-widget-text-editor.elementor-drop-cap-view-framed .elementor-drop-cap{color:#818a91;border:3px solid;background-color:transparent}.elementor-widget-text-editor:not(.elementor-drop-cap-view-default) .elementor-drop-cap{margin-top:8px}.elementor-widget-text-editor:not(.elementor-drop-cap-view-default) .elementor-drop-cap-letter{width:1em;height:1em}.elementor-widget-text-editor .elementor-drop-cap{float:left;text-align:center;line-height:1;font-size:50px}.elementor-widget-text-editor .elementor-drop-cap-letter{display:inline-block}<\/style>\t\t\t\t<p><strong>-Env\u00eda gobernador y su esposa emotivo mensaje a las familias de la entidad, tras encender \u00c1rbol Navide\u00f1o en la Plaza Ju\u00e1rez de Pachuca <\/strong><\/p><p><strong>Pachuca, Hgo., 6 de Diciembre de 2023.-<\/strong>Una noche de colorido, unidad, emociones y fiesta, fue el ambiente que se vivi\u00f3 durante el tradicional Encendido de \u00c1rbol 2023, celebrado en la plancha de la emblem\u00e1tica plaza Ju\u00e1rez.<\/p><p>Ante poco m\u00e1s de 10 mil pachuque\u00f1os que se dieron cita en est\u00e9 iluminado y m\u00e1gico espacio, en donde\u00a0\u00a0 los ni\u00f1o y ni\u00f1as contagiados por personajes navide\u00f1os como Santa Claus, mu\u00f1ecos de nieve, duendes y copos de nieve, escucharon el mensaje del gobernador Julio Menchaca Salazar, acompa\u00f1ado de Edda Vite Ramos, presidenta del DIF Hidalgo, quienes invitaron a la ciudadan\u00eda a celebrar estas fechas en \u201camor, paz y bienestar\u201d.<\/p><p>En una noche fr\u00eda, caracter\u00edstica de la v\u00edspera invernal, decenas de familias pachuque\u00f1as disfrutaban de los dulces, as\u00ed como alimentos calientes que las autoridades del gobierno estatal ten\u00eda preparados para consentir a los asistentes, quienes no dejaban de admirar el tradicional \u201cNacimiento\u201d, el cual fue instalado a espaldas de la Casa del Pueblo (antes palacio de Gobierno).\u00a0<\/p><p>El cielo se llen\u00f3 de colorido con los deslumbrantes fuegos artificiales que iluminaron la plaza Ju\u00e1rez para dar la bienvenida a la Navidad en Hidalgo, entidad donde su gente da muestra de su calidez y alegr\u00eda durante el inicio de estas festividades que son s\u00edmbolo de esperanza, tradici\u00f3n, amistad y afecto del pueblo hidalguense.<\/p><p>Al pie del \u00c1rbol, adornado con enormes esferas y ventanas alusivas a una villa navide\u00f1a, las luces dejaron al descubierto los ic\u00f3nicos regalos que los peque\u00f1os vieron con ilusi\u00f3n y asombro, ya que esperan con ansia que en sus hogares lleguen esos anhelados obsequios que pidieron con alegr\u00eda a trav\u00e9s de sus cartas.<\/p><p>Para avivar esta costumbre, el gobierno que encabeza Julio Menchaca, al igual que la titular del DIF Hidalgo, Edda Vite Ramos, decidieron traer a Pachuca a Santa Claus, para que a partir del 6 al 24 de diciembre de este 2023, las ni\u00f1as y ni\u00f1os puedan tomarse la foto con este \u201cregordete personaje\u201d, de 16:00 a 21:00 horas, en la plaza Ju\u00e1rez, \u00a1claro! sin olvidar dejarle su cartita.<\/p><p>Los primos Leonardo, Briana y Mar\u00eda Jos\u00e9, vecinos de la colonia Francisco Villa, indicaron que esta Navidad le pedir\u00e1n a Santa Claus una tableta, un celular y un juego de mesa, respectivamente, mientras observaban c\u00f3mo encend\u00edan las luces del tradicional \u00e1rbol.<\/p><p>Fue una noche redonda, tras la puesta en escena de la \u201cF\u00e1brica de Santa\u201d, foro que disfrutaron los adulto, j\u00f3venes y ni\u00f1os, quienes emocionados pudieron descifrar el emotivo mensaje de esta representaci\u00f3n, de igual forma gozaron del concierto de Navidad a cargo de la Orquesta Sinf\u00f3nica de Hidalgo, cuyas melod\u00edas transmitieron un mensaje de amor, unidad y armon\u00eda.<\/p><p>De visita para presenciar la encendida del \u00c1rbol, Estela P\u00e9rez Aparicio, vecina de la colonia Santa Gertrudis, dijo: \u201cLa Navidad es una \u00e9poca de amor, de paz, de compa\u00f1\u00eda y de convivencia familiar\u201d.<\/p><p>Sin duda, la magia de la Navidad en Hidalgo traer\u00e1 m\u00e1s sorpresas para los hidalguenses, ya que por instrucciones del gobernador Julio Menchaca, en su pol\u00edtica de fomentar las tradiciones y la convivencia familiar entre la poblaci\u00f3n, fue instalada una pista de hielo y villa navide\u00f1a en el recinto ferial de Pachuca, donde tambi\u00e9n se proyectar\u00e1n, a trav\u00e9s del Cine Navide\u00f1o, una serie de pel\u00edculas gratis, cuya cartelera puede ser consultada del 8 de diciembre al 7 de enero de 2024, en la feria.<\/p><p>Para Antonio Herrera, vecino de la colonia Miguel Ramos Arizpe, estos eventos permiten transmitir valores que los ni\u00f1os y ni\u00f1as requieren para preservar las tradiciones.<\/p><p>\u201cLos valores que deben transmitir se est\u00e1n perdiendo, muchos de nuestros hijos necesitan tomar esas tradiciones y principalmente las posadas. Estas actividades son muy buenas, hay una derrama econ\u00f3mica, hay compras, todos se benefician\u201d, dijo el vecino de Pachuca.\u00a0<\/p><p>Estas fiestas decembrinas est\u00e1n programadas para que disfruten, tanto los chicos como los grandes de todas las actividades que el gobierno de Hidalgo prepar\u00f3 para celebrar la Navidad del Pueblo.<\/p>\t\t\t\t\t\t<\/div>\n\t\t\t\t<\/div>\n\t\t\t\t\t<\/div>\n\t\t<\/div>\n\t\t\t\t\t\t\t<\/div>\n\t\t<\/section>\n\t\t\t\t<section class=\"elementor-section elementor-top-section elementor-element elementor-element-3cf69e6 elementor-section-boxed elementor-section-height-default elementor-section-height-default\" data-id=\"3cf69e6\" data-element_type=\"section\">\n\t\t\t\t\t\t<div class=\"elementor-container elementor-column-gap-default\">\n\t\t\t\t\t<div class=\"elementor-column elementor-col-100 elementor-top-column elementor-element elementor-element-9f653db\" data-id=\"9f653db\" data-element_type=\"column\">\n\t\t\t<div class=\"elementor-widget-wrap elementor-element-populated\">\n\t\t\t\t\t\t\t\t<div class=\"elementor-element elementor-element-93e10e3 elementor-aspect-ratio-169 elementor-widget elementor-widget-video\" data-id=\"93e10e3\" data-element_type=\"widget\" data-settings=\"{&quot;youtube_url&quot;:&quot;https:\\\/\\\/youtu.be\\\/bYuXTdcF6yc&quot;,&quot;video_type&quot;:&quot;youtube&quot;,&quot;controls&quot;:&quot;yes&quot;,&quot;aspect_ratio&quot;:&quot;169&quot;}\" data-widget_type=\"video.default\">\n\t\t\t\t<div class=\"elementor-widget-container\">\n\t\t\t<style>\/*! elementor - v3.10.1 - 17-01-2023 *\/\n.elementor-widget-video .elementor-widget-container{overflow:hidden;transform:translateZ(0)}.elementor-widget-video .elementor-open-inline .elementor-custom-embed-image-overlay{position:absolute;top:0;left:0;width:100%;height:100%;background-size:cover;background-position:50%}.elementor-widget-video .elementor-custom-embed-image-overlay{cursor:pointer;text-align:center}.elementor-widget-video .elementor-custom-embed-image-overlay:hover .elementor-custom-embed-play i{opacity:1}.elementor-widget-video .elementor-custom-embed-image-overlay img{display:block;width:100%}.elementor-widget-video .e-hosted-video .elementor-video{-o-object-fit:cover;object-fit:cover}.e-con-inner>.elementor-widget-video,.e-con>.elementor-widget-video{width:var(--container-widget-width);--flex-grow:var(--container-widget-flex-grow)}<\/style>\t\t<div class=\"elementor-wrapper elementor-fit-aspect-ratio elementor-open-inline\">\n\t\t\t<div class=\"elementor-video\"><\/div>\t\t<\/div>\n\t\t\t\t<\/div>\n\t\t\t\t<\/div>\n\t\t\t\t\t<\/div>\n\t\t<\/div>\n\t\t\t\t\t\t\t<\/div>\n\t\t<\/section>\n\t\t\t\t\t\t\t<\/div>\n\t\t","protected":false},"excerpt":{"rendered":"<p>-Env\u00eda gobernador y su esposa emotivo mensaje a las familias de la entidad, tras encender \u00c1rbol Navide\u00f1o en la Plaza Ju\u00e1rez de Pachuca Pachuca, Hgo., 6 de Diciembre de 2023.-Una noche de colorido, unidad, emociones y fiesta, fue el ambiente que se vivi\u00f3 durante el tradicional Encendido de \u00c1rbol 2023, celebrado en la plancha de [&hellip;]<\/p>\n","protected":false},"author":1,"featured_media":35192,"comment_status":"closed","ping_status":"open","sticky":false,"template":"","format":"standard","meta":[],"categories":[9],"tags":[],"_links":{"self":[{"href":"https:\/\/www.septinoticias.com.mx\/index.php?rest_route=\/wp\/v2\/posts\/35169"}],"collection":[{"href":"https:\/\/www.septinoticias.com.mx\/index.php?rest_route=\/wp\/v2\/posts"}],"about":[{"href":"https:\/\/www.septinoticias.com.mx\/index.php?rest_route=\/wp\/v2\/types\/post"}],"author":[{"embeddable":true,"href":"https:\/\/www.septinoticias.com.mx\/index.php?rest_route=\/wp\/v2\/users\/1"}],"replies":[{"embeddable":true,"href":"https:\/\/www.septinoticias.com.mx\/index.php?rest_route=%2Fwp%2Fv2%2Fcomments&post=35169"}],"version-history":[{"count":7,"href":"https:\/\/www.septinoticias.com.mx\/index.php?rest_route=\/wp\/v2\/posts\/35169\/revisions"}],"predecessor-version":[{"id":35200,"href":"https:\/\/www.septinoticias.com.mx\/index.php?rest_route=\/wp\/v2\/posts\/35169\/revisions\/35200"}],"wp:featuredmedia":[{"embeddable":true,"href":"https:\/\/www.septinoticias.com.mx\/index.php?rest_route=\/wp\/v2\/media\/35192"}],"wp:attachment":[{"href":"https:\/\/www.septinoticias.com.mx\/index.php?rest_route=%2Fwp%2Fv2%2Fmedia&parent=35169"}],"wp:term":[{"taxonomy":"category","embeddable":true,"href":"https:\/\/www.septinoticias.com.mx\/index.php?rest_route=%2Fwp%2Fv2%2Fcategories&post=35169"},{"taxonomy":"post_tag","embeddable":true,"href":"https:\/\/www.septinoticias.com.mx\/index.php?rest_route=%2Fwp%2Fv2%2Ftags&post=35169"}],"curies":[{"name":"wp","href":"https:\/\/api.w.org\/{rel}","templated":true}]}}