{"id":34557,"date":"2023-12-02T16:46:57","date_gmt":"2023-12-02T16:46:57","guid":{"rendered":"https:\/\/www.septinoticias.com.mx\/?p=34557"},"modified":"2023-12-02T16:48:38","modified_gmt":"2023-12-02T16:48:38","slug":"reconoce-menchaca-salazar-el-trabajo-de-personal-de-educacion-basica-jefas-y-jefes-de-sector","status":"publish","type":"post","link":"https:\/\/www.septinoticias.com.mx\/?p=34557","title":{"rendered":"Reconoce Menchaca Salazar el Trabajo de Personal de Educaci\u00f3n B\u00e1sica, Jefas y Jefes de Sector"},"content":{"rendered":"\t\t<div data-elementor-type=\"wp-post\" data-elementor-id=\"34557\" class=\"elementor elementor-34557\">\n\t\t\t\t\t\t\t\t\t<section class=\"elementor-section elementor-top-section elementor-element elementor-element-20bbcd3b elementor-section-boxed elementor-section-height-default elementor-section-height-default\" data-id=\"20bbcd3b\" data-element_type=\"section\">\n\t\t\t\t\t\t<div class=\"elementor-container elementor-column-gap-default\">\n\t\t\t\t\t<div class=\"elementor-column elementor-col-100 elementor-top-column elementor-element elementor-element-33be02ef\" data-id=\"33be02ef\" data-element_type=\"column\">\n\t\t\t<div class=\"elementor-widget-wrap elementor-element-populated\">\n\t\t\t\t\t\t\t\t<div class=\"elementor-element elementor-element-6c4a91f9 elementor-widget elementor-widget-text-editor\" data-id=\"6c4a91f9\" data-element_type=\"widget\" data-widget_type=\"text-editor.default\">\n\t\t\t\t<div class=\"elementor-widget-container\">\n\t\t\t<style>\/*! elementor - v3.10.1 - 17-01-2023 *\/\n.elementor-widget-text-editor.elementor-drop-cap-view-stacked .elementor-drop-cap{background-color:#818a91;color:#fff}.elementor-widget-text-editor.elementor-drop-cap-view-framed .elementor-drop-cap{color:#818a91;border:3px solid;background-color:transparent}.elementor-widget-text-editor:not(.elementor-drop-cap-view-default) .elementor-drop-cap{margin-top:8px}.elementor-widget-text-editor:not(.elementor-drop-cap-view-default) .elementor-drop-cap-letter{width:1em;height:1em}.elementor-widget-text-editor .elementor-drop-cap{float:left;text-align:center;line-height:1;font-size:50px}.elementor-widget-text-editor .elementor-drop-cap-letter{display:inline-block}<\/style>\t\t\t\t<p><strong>\u00a0*Adem\u00e1s de Supervisoras Escolares y de Apoyo T\u00e9cnico Pedag\u00f3gico Integrantes de la SEPH<\/strong><\/p><p><strong>Pachuca, Hgo., 1 de diciembre de 2023.-<\/strong>El gobernador de Hidalgo, Julio Menchaca Salazar, sostuvo un encuentro con personal de educaci\u00f3n B\u00e1sica y de Preescolar de la Secretar\u00eda de Educaci\u00f3n P\u00fablica, as\u00ed como con jefas y jefes de sector, supervisoras escolares y de apoyo t\u00e9cnico pedag\u00f3gico a quienes reconoci\u00f3 el enorme esfuerzo realizado en las aulas.<\/p><p>\u201cUstedes tienen en sus manos el ir modelando a personas, el ir siendo parte decisiva de la familia, donde hay una identificaci\u00f3n muy grata que representa una realizaci\u00f3n que debe hacerles sentir muy orgullosas y orgullosas, por ello tengan la seguridad de que como gobierno y como figura administrativa, seguiremos trabajando con mucha intensidad para retribuirles ese tiempo y ese esmero\u201d, manifest\u00f3 en su mensaje.<\/p><p>Aprovechando la oportunidad, el mandatario estatal a\u00f1adi\u00f3 sus buenos deseos en la v\u00edspera del fin de a\u00f1o, resaltando que el estado de Hidalgo a\u00fan tiene muchos retos que enfrentar, pero que de la mano de todos los sectores ser\u00e1 posible construir el Hidalgo que merecemos.<\/p>\t\t\t\t\t\t<\/div>\n\t\t\t\t<\/div>\n\t\t\t\t\t<\/div>\n\t\t<\/div>\n\t\t\t\t\t\t\t<\/div>\n\t\t<\/section>\n\t\t\t\t\t\t\t<\/div>\n\t\t","protected":false},"excerpt":{"rendered":"<p>\u00a0*Adem\u00e1s de Supervisoras Escolares y de Apoyo T\u00e9cnico Pedag\u00f3gico Integrantes de la SEPH Pachuca, Hgo., 1 de diciembre de 2023.-El gobernador de Hidalgo, Julio Menchaca Salazar, sostuvo un encuentro con personal de educaci\u00f3n B\u00e1sica y de Preescolar de la Secretar\u00eda de Educaci\u00f3n P\u00fablica, as\u00ed como con jefas y jefes de sector, supervisoras escolares y de [&hellip;]<\/p>\n","protected":false},"author":1,"featured_media":34559,"comment_status":"closed","ping_status":"open","sticky":false,"template":"","format":"standard","meta":[],"categories":[4],"tags":[],"_links":{"self":[{"href":"https:\/\/www.septinoticias.com.mx\/index.php?rest_route=\/wp\/v2\/posts\/34557"}],"collection":[{"href":"https:\/\/www.septinoticias.com.mx\/index.php?rest_route=\/wp\/v2\/posts"}],"about":[{"href":"https:\/\/www.septinoticias.com.mx\/index.php?rest_route=\/wp\/v2\/types\/post"}],"author":[{"embeddable":true,"href":"https:\/\/www.septinoticias.com.mx\/index.php?rest_route=\/wp\/v2\/users\/1"}],"replies":[{"embeddable":true,"href":"https:\/\/www.septinoticias.com.mx\/index.php?rest_route=%2Fwp%2Fv2%2Fcomments&post=34557"}],"version-history":[{"count":4,"href":"https:\/\/www.septinoticias.com.mx\/index.php?rest_route=\/wp\/v2\/posts\/34557\/revisions"}],"predecessor-version":[{"id":34562,"href":"https:\/\/www.septinoticias.com.mx\/index.php?rest_route=\/wp\/v2\/posts\/34557\/revisions\/34562"}],"wp:featuredmedia":[{"embeddable":true,"href":"https:\/\/www.septinoticias.com.mx\/index.php?rest_route=\/wp\/v2\/media\/34559"}],"wp:attachment":[{"href":"https:\/\/www.septinoticias.com.mx\/index.php?rest_route=%2Fwp%2Fv2%2Fmedia&parent=34557"}],"wp:term":[{"taxonomy":"category","embeddable":true,"href":"https:\/\/www.septinoticias.com.mx\/index.php?rest_route=%2Fwp%2Fv2%2Fcategories&post=34557"},{"taxonomy":"post_tag","embeddable":true,"href":"https:\/\/www.septinoticias.com.mx\/index.php?rest_route=%2Fwp%2Fv2%2Ftags&post=34557"}],"curies":[{"name":"wp","href":"https:\/\/api.w.org\/{rel}","templated":true}]}}