{"id":34491,"date":"2023-12-02T16:27:40","date_gmt":"2023-12-02T16:27:40","guid":{"rendered":"https:\/\/www.septinoticias.com.mx\/?p=34491"},"modified":"2023-12-02T16:28:32","modified_gmt":"2023-12-02T16:28:32","slug":"con-musica-alegria-y-un-gran-ambiente-familiar-fue-encendido-el-arbol-de-navidad-en-el-corazon-de-tulancingo","status":"publish","type":"post","link":"https:\/\/www.septinoticias.com.mx\/?p=34491","title":{"rendered":"Con M\u00fasica, Alegr\u00eda y Un Gran Ambiente Familiar Fue Encendido El \u00c1rbol de Navidad en El Coraz\u00f3n de Tulancingo"},"content":{"rendered":"\t\t<div data-elementor-type=\"wp-post\" data-elementor-id=\"34491\" class=\"elementor elementor-34491\">\n\t\t\t\t\t\t\t\t\t<section class=\"elementor-section elementor-top-section elementor-element elementor-element-20bbcd3b elementor-section-boxed elementor-section-height-default elementor-section-height-default\" data-id=\"20bbcd3b\" data-element_type=\"section\">\n\t\t\t\t\t\t<div class=\"elementor-container elementor-column-gap-default\">\n\t\t\t\t\t<div class=\"elementor-column elementor-col-100 elementor-top-column elementor-element elementor-element-33be02ef\" data-id=\"33be02ef\" data-element_type=\"column\">\n\t\t\t<div class=\"elementor-widget-wrap elementor-element-populated\">\n\t\t\t\t\t\t\t\t<div class=\"elementor-element elementor-element-6c4a91f9 elementor-widget elementor-widget-text-editor\" data-id=\"6c4a91f9\" data-element_type=\"widget\" data-widget_type=\"text-editor.default\">\n\t\t\t\t<div class=\"elementor-widget-container\">\n\t\t\t<style>\/*! elementor - v3.10.1 - 17-01-2023 *\/\n.elementor-widget-text-editor.elementor-drop-cap-view-stacked .elementor-drop-cap{background-color:#818a91;color:#fff}.elementor-widget-text-editor.elementor-drop-cap-view-framed .elementor-drop-cap{color:#818a91;border:3px solid;background-color:transparent}.elementor-widget-text-editor:not(.elementor-drop-cap-view-default) .elementor-drop-cap{margin-top:8px}.elementor-widget-text-editor:not(.elementor-drop-cap-view-default) .elementor-drop-cap-letter{width:1em;height:1em}.elementor-widget-text-editor .elementor-drop-cap{float:left;text-align:center;line-height:1;font-size:50px}.elementor-widget-text-editor .elementor-drop-cap-letter{display:inline-block}<\/style>\t\t\t\t<p><strong>\u00a0\u00a0<\/strong><\/p><p><strong>-Miles asistieron<\/strong><\/p><p><strong>Tulancingo, Hgo., 1 de diciembre de 2023.-<\/strong>En evento encabezado por el alcalde Jorge M\u00e1rquez Alvarado y la presidenta del DIF Tulancingo, Yolanda Magaldi Rivera, la noche de este jueves se llev\u00f3 a cabo el tradicional encendido del \u00c1rbol Navide\u00f1o en el coraz\u00f3n de Tulancingo, marcando as\u00ed, el inicio de la temporada festiva.<\/p><p>M\u00fasica, alegr\u00eda y un gran ambiente familiar, fueron los ingredientes de una noche m\u00e1gica que convoc\u00f3 a la uni\u00f3n y preservaci\u00f3n de tradiciones; adem\u00e1s del fortalecimiento de la paz, armon\u00eda y esperanza en una \u00e9poca del a\u00f1o que dejar fluir lo mejor de cada ser humano para con sus semejantes.<\/p><p>Con evidente emoci\u00f3n el mandatario Jorge M\u00e1rquez Alvarado y se esposa Yolanda Magaldi, antes de activar el mecanismo de iluminaci\u00f3n, desearon a los presentes unas fiestas colmadas de parabienes y se dijo que los tulancinguenses son afortunados en tener una ciudad unida y solidaria.<\/p><p>En momentos previos al encendido de \u00e1rbol hubo una gran cantidad de sorpresas y los presentes disfrutaron de una pastorela c\u00f3mica, as\u00ed como la presentaci\u00f3n del estudio de ballet Boza, con danza moderna de tem\u00e1tica navide\u00f1a, e igualmente villancicos y un espect\u00e1culo de Disney.<\/p><p>Para algunos de los miles de asistentes, y en especial, para los ni\u00f1os, fue la primera vez que presenciaron un evento de esta \u00edndole y les llen\u00f3 de enorme felicidad haber acudido y tomarse fotograf\u00edas para el recuerdo.<\/p><p>En la parte musical, la agrupaci\u00f3n Los Acosta, deleit\u00f3 a su p\u00fablico fiel con grandes \u00e9xitos rom\u00e1nticos; que fueron ovacionados y coreados con gran sentimiento.<\/p><p>La agrupaci\u00f3n, que en la actualidad sigue vigente, dijo que el p\u00fablico de Tulancingo es uno de los mejores y siempre ser\u00e1 un honor regresar a un lugar donde hay familias enamoradas de una m\u00fasica que nunca pasar\u00e1 de moda<\/p><p>De esta manera se vivi\u00f3 una noche inolvidable y espectacular en la zona central del municipio en donde ya luce\u00a0\u00a0\u00a0\u00a0 un gran \u00e1rbol de 25 metros y otros ornamentos mostrando que ya lleg\u00f3 y se siente el esp\u00edritu de la navidad, en la ciudad.<\/p><p>En m\u00e1s actividades por la navidad, este 2 de diciembre a partir de las 18:00 horas tambi\u00e9n ser\u00e1 el encendido de la villa navide\u00f1a en la antigua estaci\u00f3n del ferrocarril.<\/p>\t\t\t\t\t\t<\/div>\n\t\t\t\t<\/div>\n\t\t\t\t\t<\/div>\n\t\t<\/div>\n\t\t\t\t\t\t\t<\/div>\n\t\t<\/section>\n\t\t\t\t\t\t\t<\/div>\n\t\t","protected":false},"excerpt":{"rendered":"<p>\u00a0\u00a0 -Miles asistieron Tulancingo, Hgo., 1 de diciembre de 2023.-En evento encabezado por el alcalde Jorge M\u00e1rquez Alvarado y la presidenta del DIF Tulancingo, Yolanda Magaldi Rivera, la noche de este jueves se llev\u00f3 a cabo el tradicional encendido del \u00c1rbol Navide\u00f1o en el coraz\u00f3n de Tulancingo, marcando as\u00ed, el inicio de la temporada festiva. [&hellip;]<\/p>\n","protected":false},"author":1,"featured_media":34493,"comment_status":"closed","ping_status":"open","sticky":false,"template":"","format":"standard","meta":[],"categories":[7],"tags":[],"_links":{"self":[{"href":"https:\/\/www.septinoticias.com.mx\/index.php?rest_route=\/wp\/v2\/posts\/34491"}],"collection":[{"href":"https:\/\/www.septinoticias.com.mx\/index.php?rest_route=\/wp\/v2\/posts"}],"about":[{"href":"https:\/\/www.septinoticias.com.mx\/index.php?rest_route=\/wp\/v2\/types\/post"}],"author":[{"embeddable":true,"href":"https:\/\/www.septinoticias.com.mx\/index.php?rest_route=\/wp\/v2\/users\/1"}],"replies":[{"embeddable":true,"href":"https:\/\/www.septinoticias.com.mx\/index.php?rest_route=%2Fwp%2Fv2%2Fcomments&post=34491"}],"version-history":[{"count":4,"href":"https:\/\/www.septinoticias.com.mx\/index.php?rest_route=\/wp\/v2\/posts\/34491\/revisions"}],"predecessor-version":[{"id":34496,"href":"https:\/\/www.septinoticias.com.mx\/index.php?rest_route=\/wp\/v2\/posts\/34491\/revisions\/34496"}],"wp:featuredmedia":[{"embeddable":true,"href":"https:\/\/www.septinoticias.com.mx\/index.php?rest_route=\/wp\/v2\/media\/34493"}],"wp:attachment":[{"href":"https:\/\/www.septinoticias.com.mx\/index.php?rest_route=%2Fwp%2Fv2%2Fmedia&parent=34491"}],"wp:term":[{"taxonomy":"category","embeddable":true,"href":"https:\/\/www.septinoticias.com.mx\/index.php?rest_route=%2Fwp%2Fv2%2Fcategories&post=34491"},{"taxonomy":"post_tag","embeddable":true,"href":"https:\/\/www.septinoticias.com.mx\/index.php?rest_route=%2Fwp%2Fv2%2Ftags&post=34491"}],"curies":[{"name":"wp","href":"https:\/\/api.w.org\/{rel}","templated":true}]}}