{"id":33634,"date":"2023-11-25T17:57:54","date_gmt":"2023-11-25T17:57:54","guid":{"rendered":"https:\/\/www.septinoticias.com.mx\/?p=33634"},"modified":"2023-11-25T17:59:28","modified_gmt":"2023-11-25T17:59:28","slug":"una-mayor-integracion-regional-objetivo-del-consejo-de-desarrollo-metropolitano-del-valle-de-mexico","status":"publish","type":"post","link":"https:\/\/www.septinoticias.com.mx\/?p=33634","title":{"rendered":"Una Mayor Integraci\u00f3n Regional, Objetivo del Consejo de Desarrollo Metropolitano del Valle de M\u00e9xico"},"content":{"rendered":"\t\t<div data-elementor-type=\"wp-post\" data-elementor-id=\"33634\" class=\"elementor elementor-33634\">\n\t\t\t\t\t\t\t\t\t<section class=\"elementor-section elementor-top-section elementor-element elementor-element-aee7bff elementor-section-boxed elementor-section-height-default elementor-section-height-default\" data-id=\"aee7bff\" data-element_type=\"section\">\n\t\t\t\t\t\t<div class=\"elementor-container elementor-column-gap-default\">\n\t\t\t\t\t<div class=\"elementor-column elementor-col-50 elementor-top-column elementor-element elementor-element-5b38e45\" data-id=\"5b38e45\" data-element_type=\"column\">\n\t\t\t<div class=\"elementor-widget-wrap elementor-element-populated\">\n\t\t\t\t\t\t\t\t<div class=\"elementor-element elementor-element-5657ec4 elementor-aspect-ratio-169 elementor-widget elementor-widget-video\" data-id=\"5657ec4\" data-element_type=\"widget\" data-settings=\"{&quot;youtube_url&quot;:&quot;https:\\\/\\\/youtu.be\\\/o9ZgnWkAsoA&quot;,&quot;video_type&quot;:&quot;youtube&quot;,&quot;controls&quot;:&quot;yes&quot;,&quot;aspect_ratio&quot;:&quot;169&quot;}\" data-widget_type=\"video.default\">\n\t\t\t\t<div class=\"elementor-widget-container\">\n\t\t\t<style>\/*! elementor - v3.10.1 - 17-01-2023 *\/\n.elementor-widget-video .elementor-widget-container{overflow:hidden;transform:translateZ(0)}.elementor-widget-video .elementor-open-inline .elementor-custom-embed-image-overlay{position:absolute;top:0;left:0;width:100%;height:100%;background-size:cover;background-position:50%}.elementor-widget-video .elementor-custom-embed-image-overlay{cursor:pointer;text-align:center}.elementor-widget-video .elementor-custom-embed-image-overlay:hover .elementor-custom-embed-play i{opacity:1}.elementor-widget-video .elementor-custom-embed-image-overlay img{display:block;width:100%}.elementor-widget-video .e-hosted-video .elementor-video{-o-object-fit:cover;object-fit:cover}.e-con-inner>.elementor-widget-video,.e-con>.elementor-widget-video{width:var(--container-widget-width);--flex-grow:var(--container-widget-flex-grow)}<\/style>\t\t<div class=\"elementor-wrapper elementor-fit-aspect-ratio elementor-open-inline\">\n\t\t\t<div class=\"elementor-video\"><\/div>\t\t<\/div>\n\t\t\t\t<\/div>\n\t\t\t\t<\/div>\n\t\t\t\t\t<\/div>\n\t\t<\/div>\n\t\t\t\t<div class=\"elementor-column elementor-col-50 elementor-top-column elementor-element elementor-element-78d987e\" data-id=\"78d987e\" data-element_type=\"column\">\n\t\t\t<div class=\"elementor-widget-wrap elementor-element-populated\">\n\t\t\t\t\t\t\t\t<div class=\"elementor-element elementor-element-5dda3c3 elementor-aspect-ratio-169 elementor-widget elementor-widget-video\" data-id=\"5dda3c3\" data-element_type=\"widget\" data-settings=\"{&quot;youtube_url&quot;:&quot;https:\\\/\\\/youtu.be\\\/dX8l1DDQZ5g&quot;,&quot;video_type&quot;:&quot;youtube&quot;,&quot;controls&quot;:&quot;yes&quot;,&quot;aspect_ratio&quot;:&quot;169&quot;}\" data-widget_type=\"video.default\">\n\t\t\t\t<div class=\"elementor-widget-container\">\n\t\t\t\t\t<div class=\"elementor-wrapper elementor-fit-aspect-ratio elementor-open-inline\">\n\t\t\t<div class=\"elementor-video\"><\/div>\t\t<\/div>\n\t\t\t\t<\/div>\n\t\t\t\t<\/div>\n\t\t\t\t\t<\/div>\n\t\t<\/div>\n\t\t\t\t\t\t\t<\/div>\n\t\t<\/section>\n\t\t\t\t<section class=\"elementor-section elementor-top-section elementor-element elementor-element-20bbcd3b elementor-section-boxed elementor-section-height-default elementor-section-height-default\" data-id=\"20bbcd3b\" data-element_type=\"section\">\n\t\t\t\t\t\t<div class=\"elementor-container elementor-column-gap-default\">\n\t\t\t\t\t<div class=\"elementor-column elementor-col-100 elementor-top-column elementor-element elementor-element-33be02ef\" data-id=\"33be02ef\" data-element_type=\"column\">\n\t\t\t<div class=\"elementor-widget-wrap elementor-element-populated\">\n\t\t\t\t\t\t\t\t<div class=\"elementor-element elementor-element-6c4a91f9 elementor-widget elementor-widget-text-editor\" data-id=\"6c4a91f9\" data-element_type=\"widget\" data-widget_type=\"text-editor.default\">\n\t\t\t\t<div class=\"elementor-widget-container\">\n\t\t\t<style>\/*! elementor - v3.10.1 - 17-01-2023 *\/\n.elementor-widget-text-editor.elementor-drop-cap-view-stacked .elementor-drop-cap{background-color:#818a91;color:#fff}.elementor-widget-text-editor.elementor-drop-cap-view-framed .elementor-drop-cap{color:#818a91;border:3px solid;background-color:transparent}.elementor-widget-text-editor:not(.elementor-drop-cap-view-default) .elementor-drop-cap{margin-top:8px}.elementor-widget-text-editor:not(.elementor-drop-cap-view-default) .elementor-drop-cap-letter{width:1em;height:1em}.elementor-widget-text-editor .elementor-drop-cap{float:left;text-align:center;line-height:1;font-size:50px}.elementor-widget-text-editor .elementor-drop-cap-letter{display:inline-block}<\/style>\t\t\t\t<p><strong>-Se abordaron temas prioritarios para una poblaci\u00f3n de 21.9 millones de habitantes<\/strong><\/p><p><strong>Zumpango, Estado de M\u00e9xico, 24 de noviembre de 2023.-<\/strong>Al asistir a la Segunda Sesi\u00f3n Ordinaria del Consejo de Desarrollo Metropolitano del Valle de M\u00e9xico 2023 en el municipio de Zumpango, el gobernador de Hidalgo Julio Menchaca Salazar, asegur\u00f3 que se camina con paso firme hacia un progreso ordenado en la regi\u00f3n.<\/p><p>Durante la reuni\u00f3n que se llev\u00f3 a cabo en las instalaciones del Aeropuerto Internacional Felipe \u00c1ngeles (AIFA), el mandatario resalt\u00f3 que est\u00e1n dadas las condiciones para aprovechar y lograr el desarrollo econ\u00f3mico que impacte favorablemente a las 3 entidades federativas que integran est\u00e1 zona metropolitana.<\/p><p>Insisti\u00f3 en que, de la misma forma se debe cuidar el entorno y desarrollo del medio ambiente, pues de esa forma se garantiza un mejor aprovechamiento y sostenibilidad para las pr\u00f3ximas generaciones.<\/p><p>Delfina G\u00f3mez \u00c1lvarez, gobernadora del Estado de M\u00e9xico, asegur\u00f3 que est\u00e1 segunda sesi\u00f3n ordinaria es motivo de esperanza, porque es un espacio y un s\u00edmbolo de convergencia en d\u00f3nde existe voluntad y el compromiso firme de priorizar el bienestar del pueblo.<\/p><p>Mart\u00ed Batres Guadarrama, jefe de Gobierno de la Ciudad de M\u00e9xico, expres\u00f3 que se debe asumir el reto de establecer soluciones coordinadas en temas prioritarios como el programa de ordenaci\u00f3n urbana con \u00e9nfasis en el corredor industrial Ciudad de M\u00e9xico-Hidalgo y Estado de M\u00e9xico; pero tambi\u00e9n la homologaci\u00f3n de las pol\u00edticas de desarrollo urbano, usos de suelo, movilidad, pol\u00edticas industriales, educaci\u00f3n, vivienda, salud, entre otros.<\/p><p>Miguel \u00c1ngel Tello Vargas, titular de la Unidad de Planeaci\u00f3n y Prospectiva de Hidalgo, explic\u00f3 que la Zona Metropolitana del Valle de M\u00e9xico es el epicentro del pa\u00eds, con una poblaci\u00f3n de 21.9 millones de habitantes distribuidos en las tres entidades, siendo urbe m\u00e1s grande del pa\u00eds y la tercera m\u00e1s grande del mundo seg\u00fan la Organizaci\u00f3n para la Cooperaci\u00f3n y el Desarrollo Econ\u00f3micos (OCDE).<\/p><p>Asimismo, el funcionario estatal dijo que se debe establecer una gobernanza metropolitana para lograr ser una regi\u00f3n log\u00edstica con pol\u00edticas p\u00fablicas basadas en lo potencial de cada estado.<\/p><p>Ricardo Ruiz Su\u00e1rez, secretario de Gobierno de la Ciudad de M\u00e9xico, record\u00f3 que en la pasada sesi\u00f3n del consejo se aprob\u00f3 la agenda metropolitana con 82 acuerdos, con el objetivo de dar seguimiento a temas de desarrollo ambiental, econ\u00f3mico, industrial y de seguridad.<\/p><p>Carlos Jes\u00fas Maza Lara, secretario de Desarrollo Urbano e Infraestructura del gobierno del Estado de M\u00e9xico, indic\u00f3 que las acciones de este consejo permitir\u00e1n un desarrollo sostenible en beneficio de todas las comunidades.<\/p><p>Isidoro Pastor Rom\u00e1n, director general del Aeropuerto Internacional Felipe \u00c1ngeles (AIFA), subray\u00f3 que los acuerdos permitir\u00e1n compartir una visi\u00f3n de futuro pr\u00f3spero y sostenible.<\/p>\t\t\t\t\t\t<\/div>\n\t\t\t\t<\/div>\n\t\t\t\t\t<\/div>\n\t\t<\/div>\n\t\t\t\t\t\t\t<\/div>\n\t\t<\/section>\n\t\t\t\t\t\t\t<\/div>\n\t\t","protected":false},"excerpt":{"rendered":"<p>https:\/\/youtu.be\/o9ZgnWkAsoAhttps:\/\/youtu.be\/dX8l1DDQZ5g -Se abordaron temas prioritarios para una poblaci\u00f3n de 21.9 millones de habitantes Zumpango, Estado de M\u00e9xico, 24 de noviembre de 2023.-Al asistir a la Segunda Sesi\u00f3n Ordinaria del Consejo de Desarrollo Metropolitano del Valle de M\u00e9xico 2023 en el municipio de Zumpango, el gobernador de Hidalgo Julio Menchaca Salazar, asegur\u00f3 que se camina con [&hellip;]<\/p>\n","protected":false},"author":1,"featured_media":33636,"comment_status":"closed","ping_status":"open","sticky":false,"template":"","format":"standard","meta":[],"categories":[9],"tags":[],"_links":{"self":[{"href":"https:\/\/www.septinoticias.com.mx\/index.php?rest_route=\/wp\/v2\/posts\/33634"}],"collection":[{"href":"https:\/\/www.septinoticias.com.mx\/index.php?rest_route=\/wp\/v2\/posts"}],"about":[{"href":"https:\/\/www.septinoticias.com.mx\/index.php?rest_route=\/wp\/v2\/types\/post"}],"author":[{"embeddable":true,"href":"https:\/\/www.septinoticias.com.mx\/index.php?rest_route=\/wp\/v2\/users\/1"}],"replies":[{"embeddable":true,"href":"https:\/\/www.septinoticias.com.mx\/index.php?rest_route=%2Fwp%2Fv2%2Fcomments&post=33634"}],"version-history":[{"count":4,"href":"https:\/\/www.septinoticias.com.mx\/index.php?rest_route=\/wp\/v2\/posts\/33634\/revisions"}],"predecessor-version":[{"id":33639,"href":"https:\/\/www.septinoticias.com.mx\/index.php?rest_route=\/wp\/v2\/posts\/33634\/revisions\/33639"}],"wp:featuredmedia":[{"embeddable":true,"href":"https:\/\/www.septinoticias.com.mx\/index.php?rest_route=\/wp\/v2\/media\/33636"}],"wp:attachment":[{"href":"https:\/\/www.septinoticias.com.mx\/index.php?rest_route=%2Fwp%2Fv2%2Fmedia&parent=33634"}],"wp:term":[{"taxonomy":"category","embeddable":true,"href":"https:\/\/www.septinoticias.com.mx\/index.php?rest_route=%2Fwp%2Fv2%2Fcategories&post=33634"},{"taxonomy":"post_tag","embeddable":true,"href":"https:\/\/www.septinoticias.com.mx\/index.php?rest_route=%2Fwp%2Fv2%2Ftags&post=33634"}],"curies":[{"name":"wp","href":"https:\/\/api.w.org\/{rel}","templated":true}]}}