{"id":33628,"date":"2023-11-25T17:55:21","date_gmt":"2023-11-25T17:55:21","guid":{"rendered":"https:\/\/www.septinoticias.com.mx\/?p=33628"},"modified":"2023-11-25T17:56:18","modified_gmt":"2023-11-25T17:56:18","slug":"emite-contraloria-convocatoria-para-el-parlamento-juvenil-2023","status":"publish","type":"post","link":"https:\/\/www.septinoticias.com.mx\/?p=33628","title":{"rendered":"Emite Contralor\u00eda Convocatoria para el \u201cParlamento Juvenil 2023\u201d"},"content":{"rendered":"\t\t<div data-elementor-type=\"wp-post\" data-elementor-id=\"33628\" class=\"elementor elementor-33628\">\n\t\t\t\t\t\t\t\t\t<section class=\"elementor-section elementor-top-section elementor-element elementor-element-20bbcd3b elementor-section-boxed elementor-section-height-default elementor-section-height-default\" data-id=\"20bbcd3b\" data-element_type=\"section\">\n\t\t\t\t\t\t<div class=\"elementor-container elementor-column-gap-default\">\n\t\t\t\t\t<div class=\"elementor-column elementor-col-100 elementor-top-column elementor-element elementor-element-33be02ef\" data-id=\"33be02ef\" data-element_type=\"column\">\n\t\t\t<div class=\"elementor-widget-wrap elementor-element-populated\">\n\t\t\t\t\t\t\t\t<div class=\"elementor-element elementor-element-6c4a91f9 elementor-widget elementor-widget-text-editor\" data-id=\"6c4a91f9\" data-element_type=\"widget\" data-widget_type=\"text-editor.default\">\n\t\t\t\t<div class=\"elementor-widget-container\">\n\t\t\t<style>\/*! elementor - v3.10.1 - 17-01-2023 *\/\n.elementor-widget-text-editor.elementor-drop-cap-view-stacked .elementor-drop-cap{background-color:#818a91;color:#fff}.elementor-widget-text-editor.elementor-drop-cap-view-framed .elementor-drop-cap{color:#818a91;border:3px solid;background-color:transparent}.elementor-widget-text-editor:not(.elementor-drop-cap-view-default) .elementor-drop-cap{margin-top:8px}.elementor-widget-text-editor:not(.elementor-drop-cap-view-default) .elementor-drop-cap-letter{width:1em;height:1em}.elementor-widget-text-editor .elementor-drop-cap{float:left;text-align:center;line-height:1;font-size:50px}.elementor-widget-text-editor .elementor-drop-cap-letter{display:inline-block}<\/style>\t\t\t\t<p><strong>-La recepci\u00f3n de los trabajos ser\u00e1 durante el mes de enero de 2024<\/strong><\/p><p><strong>Pachuca, Hgo., 24 de noviembre de 2023.-<\/strong>La Secretar\u00eda de la Contralor\u00eda dio a conocer la convocatoria para que las y los j\u00f3venes hidalguenses de entre 16 a 29 a\u00f1os, participen en la nueva edici\u00f3n del Parlamento Juvenil 2023, bajo el tema \u201cMecanismos de Participaci\u00f3n Ciudadana de la Juventud\u201d.<\/p><p>Lo anterior, es un proyecto encabezado por \u00c1lvaro Bardales, titular de la dependencia, que tiene el objetivo de generar estrategias para los j\u00f3venes, en que en esta ocasi\u00f3n podr\u00e1n participar con la creaci\u00f3n de foros para el di\u00e1logo, discusi\u00f3n, reflexi\u00f3n y propuestas de ideas.<\/p><p>Dicha acci\u00f3n ayudar\u00e1 a permear temas de relevancia para la sociedad, al tiempo de coadyuvar a reconocer las buenas pr\u00e1cticas que fomenten la transparencia y la rendici\u00f3n de cuentas, para el combate a la corrupci\u00f3n.<\/p><p>Adem\u00e1s de fomentar las capacidades de opini\u00f3n, an\u00e1lisis y cr\u00edtica de los j\u00f3venes del estado, teniendo como eje fundamental la transparencia, rendici\u00f3n de cuentas y combate a la corrupci\u00f3n.<\/p><p>Las y los interesados en participar en esta edici\u00f3n, deber\u00e1n iniciar con la etapa de registro, a trav\u00e9s del siguiente link: https:\/\/forms.gle\/2hM915N4xa3HMVHy6. Es importante mencionar que, durante el mes de enero del a\u00f1o 2024, se realizar\u00e1 la recepci\u00f3n de proyectos, dictaminaci\u00f3n, conversatorio y entrega de reconocimientos.<\/p>\t\t\t\t\t\t<\/div>\n\t\t\t\t<\/div>\n\t\t\t\t\t<\/div>\n\t\t<\/div>\n\t\t\t\t\t\t\t<\/div>\n\t\t<\/section>\n\t\t\t\t\t\t\t<\/div>\n\t\t","protected":false},"excerpt":{"rendered":"<p>-La recepci\u00f3n de los trabajos ser\u00e1 durante el mes de enero de 2024 Pachuca, Hgo., 24 de noviembre de 2023.-La Secretar\u00eda de la Contralor\u00eda dio a conocer la convocatoria para que las y los j\u00f3venes hidalguenses de entre 16 a 29 a\u00f1os, participen en la nueva edici\u00f3n del Parlamento Juvenil 2023, bajo el tema \u201cMecanismos [&hellip;]<\/p>\n","protected":false},"author":1,"featured_media":33630,"comment_status":"closed","ping_status":"open","sticky":false,"template":"","format":"standard","meta":[],"categories":[9],"tags":[],"_links":{"self":[{"href":"https:\/\/www.septinoticias.com.mx\/index.php?rest_route=\/wp\/v2\/posts\/33628"}],"collection":[{"href":"https:\/\/www.septinoticias.com.mx\/index.php?rest_route=\/wp\/v2\/posts"}],"about":[{"href":"https:\/\/www.septinoticias.com.mx\/index.php?rest_route=\/wp\/v2\/types\/post"}],"author":[{"embeddable":true,"href":"https:\/\/www.septinoticias.com.mx\/index.php?rest_route=\/wp\/v2\/users\/1"}],"replies":[{"embeddable":true,"href":"https:\/\/www.septinoticias.com.mx\/index.php?rest_route=%2Fwp%2Fv2%2Fcomments&post=33628"}],"version-history":[{"count":4,"href":"https:\/\/www.septinoticias.com.mx\/index.php?rest_route=\/wp\/v2\/posts\/33628\/revisions"}],"predecessor-version":[{"id":33633,"href":"https:\/\/www.septinoticias.com.mx\/index.php?rest_route=\/wp\/v2\/posts\/33628\/revisions\/33633"}],"wp:featuredmedia":[{"embeddable":true,"href":"https:\/\/www.septinoticias.com.mx\/index.php?rest_route=\/wp\/v2\/media\/33630"}],"wp:attachment":[{"href":"https:\/\/www.septinoticias.com.mx\/index.php?rest_route=%2Fwp%2Fv2%2Fmedia&parent=33628"}],"wp:term":[{"taxonomy":"category","embeddable":true,"href":"https:\/\/www.septinoticias.com.mx\/index.php?rest_route=%2Fwp%2Fv2%2Fcategories&post=33628"},{"taxonomy":"post_tag","embeddable":true,"href":"https:\/\/www.septinoticias.com.mx\/index.php?rest_route=%2Fwp%2Fv2%2Ftags&post=33628"}],"curies":[{"name":"wp","href":"https:\/\/api.w.org\/{rel}","templated":true}]}}