{"id":33597,"date":"2023-11-25T17:40:35","date_gmt":"2023-11-25T17:40:35","guid":{"rendered":"https:\/\/www.septinoticias.com.mx\/?p=33597"},"modified":"2023-11-25T17:43:19","modified_gmt":"2023-11-25T17:43:19","slug":"diputados-se-unen-a-los-16-dias-de-activismo-contra-la-violencia-de-genero-una-iniciativa-impulsada-por-la-onu-desde-2008","status":"publish","type":"post","link":"https:\/\/www.septinoticias.com.mx\/?p=33597","title":{"rendered":"Diputados se Unen a los 16 D\u00edas de Activismo Contra la Violencia de G\u00e9nero, Una Iniciativa Impulsada por la ONU desde 2008"},"content":{"rendered":"\t\t<div data-elementor-type=\"wp-post\" data-elementor-id=\"33597\" class=\"elementor elementor-33597\">\n\t\t\t\t\t\t\t\t\t<section class=\"elementor-section elementor-top-section elementor-element elementor-element-20bbcd3b elementor-section-boxed elementor-section-height-default elementor-section-height-default\" data-id=\"20bbcd3b\" data-element_type=\"section\">\n\t\t\t\t\t\t<div class=\"elementor-container elementor-column-gap-default\">\n\t\t\t\t\t<div class=\"elementor-column elementor-col-100 elementor-top-column elementor-element elementor-element-33be02ef\" data-id=\"33be02ef\" data-element_type=\"column\">\n\t\t\t<div class=\"elementor-widget-wrap elementor-element-populated\">\n\t\t\t\t\t\t\t\t<div class=\"elementor-element elementor-element-6c4a91f9 elementor-widget elementor-widget-text-editor\" data-id=\"6c4a91f9\" data-element_type=\"widget\" data-widget_type=\"text-editor.default\">\n\t\t\t\t<div class=\"elementor-widget-container\">\n\t\t\t<style>\/*! elementor - v3.10.1 - 17-01-2023 *\/\n.elementor-widget-text-editor.elementor-drop-cap-view-stacked .elementor-drop-cap{background-color:#818a91;color:#fff}.elementor-widget-text-editor.elementor-drop-cap-view-framed .elementor-drop-cap{color:#818a91;border:3px solid;background-color:transparent}.elementor-widget-text-editor:not(.elementor-drop-cap-view-default) .elementor-drop-cap{margin-top:8px}.elementor-widget-text-editor:not(.elementor-drop-cap-view-default) .elementor-drop-cap-letter{width:1em;height:1em}.elementor-widget-text-editor .elementor-drop-cap{float:left;text-align:center;line-height:1;font-size:50px}.elementor-widget-text-editor .elementor-drop-cap-letter{display:inline-block}<\/style>\t\t\t\t<p><strong>Pachuca, Hgo. 24 de noviembre 2023.-\u00a0 <\/strong>El\u00a0<a href=\"https:\/\/x.com\/CongresoHidalgo?s=20\">Congreso de Hidalgo<\/a>\u00a0a trav\u00e9s de la Unidad Institucional de G\u00e9nero reafirma su compromiso inquebrantable en la lucha por poner fin a la violencia contra mujeres y ni\u00f1as, una problem\u00e1tica que persiste como un desaf\u00edo global que obstaculiza el logro de las Metas de Desarrollo Sostenible. En este sentido, las diputadas y los diputados se unen a los 16 d\u00edas de activismo contra la\u00a0violencia de g\u00e9nero, una iniciativa impulsada por la ONU desde 2008.\u00a0<\/p><p>Estos 16 d\u00edas, que transcurren del 25 de noviembre al 10 de diciembre de cada a\u00f1o, representan un llamado a la acci\u00f3n a nivel mundial.<\/p><p>Durante este per\u00edodo, se busca crear conciencia y promover la prevenci\u00f3n de la violencia dirigida hacia las mujeres.\u00a0<\/p><p>Los 16 d\u00edas de activismo son una oportunidad para que los gobiernos, la sociedad civil, el sector privado y los medios de comunicaci\u00f3n trabajen de manera conjunta en la prevenci\u00f3n y eliminaci\u00f3n de la violencia contra las mujeres y ni\u00f1as.<\/p><p>El Congreso de Hidalgo se suma a esta iniciativa con el firme compromiso de contribuir a la erradicaci\u00f3n de la violencia de g\u00e9nero en todas sus formas.\u00a0<\/p><p>Durante este per\u00edodo, se llevar\u00e1n a cabo diversas actividades y eventos destinados a sensibilizar a nuestra comunidad y promover una cultura de respeto e igualdad de g\u00e9nero.<\/p><p>Reconocemos que la\u00a0violencia contra las mujeres\u00a0es un problema que nos concierne a todos y que juntos podemos marcar la diferencia.\u00a0<\/p><p>El Congreso Estatal reafirma su compromiso de trabajar incansablemente para construir un mundo en el que todas las mujeres y ni\u00f1as puedan vivir sin miedo, disfrutando de sus derechos fundamentales.\u00a0<\/p>\t\t\t\t\t\t<\/div>\n\t\t\t\t<\/div>\n\t\t\t\t\t<\/div>\n\t\t<\/div>\n\t\t\t\t\t\t\t<\/div>\n\t\t<\/section>\n\t\t\t\t\t\t\t<\/div>\n\t\t","protected":false},"excerpt":{"rendered":"<p>Pachuca, Hgo. 24 de noviembre 2023.-\u00a0 El\u00a0Congreso de Hidalgo\u00a0a trav\u00e9s de la Unidad Institucional de G\u00e9nero reafirma su compromiso inquebrantable en la lucha por poner fin a la violencia contra mujeres y ni\u00f1as, una problem\u00e1tica que persiste como un desaf\u00edo global que obstaculiza el logro de las Metas de Desarrollo Sostenible. En este sentido, las [&hellip;]<\/p>\n","protected":false},"author":1,"featured_media":33599,"comment_status":"closed","ping_status":"open","sticky":false,"template":"","format":"standard","meta":[],"categories":[8],"tags":[],"_links":{"self":[{"href":"https:\/\/www.septinoticias.com.mx\/index.php?rest_route=\/wp\/v2\/posts\/33597"}],"collection":[{"href":"https:\/\/www.septinoticias.com.mx\/index.php?rest_route=\/wp\/v2\/posts"}],"about":[{"href":"https:\/\/www.septinoticias.com.mx\/index.php?rest_route=\/wp\/v2\/types\/post"}],"author":[{"embeddable":true,"href":"https:\/\/www.septinoticias.com.mx\/index.php?rest_route=\/wp\/v2\/users\/1"}],"replies":[{"embeddable":true,"href":"https:\/\/www.septinoticias.com.mx\/index.php?rest_route=%2Fwp%2Fv2%2Fcomments&post=33597"}],"version-history":[{"count":4,"href":"https:\/\/www.septinoticias.com.mx\/index.php?rest_route=\/wp\/v2\/posts\/33597\/revisions"}],"predecessor-version":[{"id":33602,"href":"https:\/\/www.septinoticias.com.mx\/index.php?rest_route=\/wp\/v2\/posts\/33597\/revisions\/33602"}],"wp:featuredmedia":[{"embeddable":true,"href":"https:\/\/www.septinoticias.com.mx\/index.php?rest_route=\/wp\/v2\/media\/33599"}],"wp:attachment":[{"href":"https:\/\/www.septinoticias.com.mx\/index.php?rest_route=%2Fwp%2Fv2%2Fmedia&parent=33597"}],"wp:term":[{"taxonomy":"category","embeddable":true,"href":"https:\/\/www.septinoticias.com.mx\/index.php?rest_route=%2Fwp%2Fv2%2Fcategories&post=33597"},{"taxonomy":"post_tag","embeddable":true,"href":"https:\/\/www.septinoticias.com.mx\/index.php?rest_route=%2Fwp%2Fv2%2Ftags&post=33597"}],"curies":[{"name":"wp","href":"https:\/\/api.w.org\/{rel}","templated":true}]}}