{"id":33585,"date":"2023-11-25T17:24:37","date_gmt":"2023-11-25T17:24:37","guid":{"rendered":"https:\/\/www.septinoticias.com.mx\/?p=33585"},"modified":"2023-11-25T17:25:41","modified_gmt":"2023-11-25T17:25:41","slug":"ssh-se-suma-a-conmemoracion-del-dia-internacional-de-la-eliminacion-de-la-violencia-contra-la-mujer","status":"publish","type":"post","link":"https:\/\/www.septinoticias.com.mx\/?p=33585","title":{"rendered":"SSH se Suma a Conmemoraci\u00f3n del D\u00eda Internacional de la Eliminaci\u00f3n de la Violencia Contra la Mujer"},"content":{"rendered":"\t\t<div data-elementor-type=\"wp-post\" data-elementor-id=\"33585\" class=\"elementor elementor-33585\">\n\t\t\t\t\t\t\t\t\t<section class=\"elementor-section elementor-top-section elementor-element elementor-element-20bbcd3b elementor-section-boxed elementor-section-height-default elementor-section-height-default\" data-id=\"20bbcd3b\" data-element_type=\"section\">\n\t\t\t\t\t\t<div class=\"elementor-container elementor-column-gap-default\">\n\t\t\t\t\t<div class=\"elementor-column elementor-col-100 elementor-top-column elementor-element elementor-element-33be02ef\" data-id=\"33be02ef\" data-element_type=\"column\">\n\t\t\t<div class=\"elementor-widget-wrap elementor-element-populated\">\n\t\t\t\t\t\t\t\t<div class=\"elementor-element elementor-element-6c4a91f9 elementor-widget elementor-widget-text-editor\" data-id=\"6c4a91f9\" data-element_type=\"widget\" data-widget_type=\"text-editor.default\">\n\t\t\t\t<div class=\"elementor-widget-container\">\n\t\t\t<style>\/*! elementor - v3.10.1 - 17-01-2023 *\/\n.elementor-widget-text-editor.elementor-drop-cap-view-stacked .elementor-drop-cap{background-color:#818a91;color:#fff}.elementor-widget-text-editor.elementor-drop-cap-view-framed .elementor-drop-cap{color:#818a91;border:3px solid;background-color:transparent}.elementor-widget-text-editor:not(.elementor-drop-cap-view-default) .elementor-drop-cap{margin-top:8px}.elementor-widget-text-editor:not(.elementor-drop-cap-view-default) .elementor-drop-cap-letter{width:1em;height:1em}.elementor-widget-text-editor .elementor-drop-cap{float:left;text-align:center;line-height:1;font-size:50px}.elementor-widget-text-editor .elementor-drop-cap-letter{display:inline-block}<\/style>\t\t\t\t<p><strong>*Unidad Especializada para Prevenci\u00f3n y Atenci\u00f3n de la Violencia Familiar y Sexual ha otorgado m\u00e1s de 4 mil atenciones integrales <\/strong><\/p><p><strong>Pachuca, Hgo. 24 de noviembre del 2023.-<\/strong>La violencia es un problema de salud p\u00fablica y atenta contra los derechos humanos, y, en muchas partes del mundo, es la principal causa de lesiones y discapacidad, as\u00ed como un factor de riesgo de otros problemas a nivel f\u00edsico, mental, sexual y reproductivo.<\/p><p>Seg\u00fan datos de la Subsecretar\u00eda de Salud P\u00fablica estatal, durante los \u00faltimos 12 meses, mujeres de 15 a\u00f1os y m\u00e1s han experimentado al menos un incidente de violencia psicol\u00f3gica, econ\u00f3mica, patrimonial, f\u00edsica, sexual o discriminaci\u00f3n en al menos un \u00e1mbito y ejercida por cualquier persona agresora.<\/p><p>En ese sentido, este 25 de noviembre inician 16 d\u00edas por el activismo, por lo que Hidalgo se suma a la conmemoraci\u00f3n del D\u00eda Internacional de la Eliminaci\u00f3n de la Violencia contra la Mujer o D\u00eda Internacional de la No Violencia de G\u00e9nero, fecha que recuerda la importancia de la denuncia y de reclamar pol\u00edticas coordinadas para garantizar una vida digna y segura.<\/p><p>De acuerdo con la titular de la Secretar\u00eda de Salud de Hidalgo (SSH), Mar\u00eda Zorayda Robles Barrera, la violencia contra las mujeres es una clara violaci\u00f3n de derechos humanos, que adem\u00e1s socava el desarrollo de un estado, genera inestabilidad en las sociedades e impide el progreso hacia la justicia y la paz.<\/p><p>Record\u00f3 que, en Hidalgo, desde hace 20 a\u00f1os, se concibi\u00f3 un mecanismo que hoy permite garantizar a las familias la aplicaci\u00f3n de medidas, coordinaci\u00f3n, vigilancia y atenci\u00f3n de las distintas formas de violencia: la Unidad Especializada para Prevenci\u00f3n y Atenci\u00f3n de la Violencia Familiar y Sexual (UEPAVFS), misma que ha otorgado m\u00e1s de 4 mil 682 atenciones, adem\u00e1s de la gesti\u00f3n y dispersi\u00f3n de 34 valoraciones para refugio.<\/p><p>Actualmente, dicha unidad integra los esfuerzos de trabajadores multidisciplinarios que, entre otras \u00e1reas, brindan:<\/p><p>Atenci\u00f3n en trabajo social: Identificaci\u00f3n del tipo de violencia y apertura de expedientes a partir de los 6 a\u00f1os edad<\/p><p>Atenci\u00f3n en psicolog\u00eda individual\/infantil, a partir de los 6 a\u00f1os edad<\/p><p>Atenci\u00f3n jur\u00eddica (en materia familiar)<\/p><p>Atenci\u00f3n m\u00e9dica (lesiones, salud mental)<\/p><p>En el marco de esta conmemoraci\u00f3n, la UEPAVFS organiza la Segunda Jornada \u201cUnamos esfuerzos para prevenir la violencia contra las mujeres y las ni\u00f1as\u201d, donde se desarrollar\u00e1n mesas de debate con temas como Responsabilidad social de las y los servidores p\u00fablicos en la promoci\u00f3n de derechos humanos de mujeres y ni\u00f1as, Metodolog\u00eda del estudio del feminicidio y Empoderamiento y desigualdad entre mujeres y hombres en las esferas sociales.<\/p>\t\t\t\t\t\t<\/div>\n\t\t\t\t<\/div>\n\t\t\t\t\t<\/div>\n\t\t<\/div>\n\t\t\t\t\t\t\t<\/div>\n\t\t<\/section>\n\t\t\t\t\t\t\t<\/div>\n\t\t","protected":false},"excerpt":{"rendered":"<p>*Unidad Especializada para Prevenci\u00f3n y Atenci\u00f3n de la Violencia Familiar y Sexual ha otorgado m\u00e1s de 4 mil atenciones integrales Pachuca, Hgo. 24 de noviembre del 2023.-La violencia es un problema de salud p\u00fablica y atenta contra los derechos humanos, y, en muchas partes del mundo, es la principal causa de lesiones y discapacidad, as\u00ed [&hellip;]<\/p>\n","protected":false},"author":1,"featured_media":33587,"comment_status":"closed","ping_status":"open","sticky":false,"template":"","format":"standard","meta":[],"categories":[3],"tags":[],"_links":{"self":[{"href":"https:\/\/www.septinoticias.com.mx\/index.php?rest_route=\/wp\/v2\/posts\/33585"}],"collection":[{"href":"https:\/\/www.septinoticias.com.mx\/index.php?rest_route=\/wp\/v2\/posts"}],"about":[{"href":"https:\/\/www.septinoticias.com.mx\/index.php?rest_route=\/wp\/v2\/types\/post"}],"author":[{"embeddable":true,"href":"https:\/\/www.septinoticias.com.mx\/index.php?rest_route=\/wp\/v2\/users\/1"}],"replies":[{"embeddable":true,"href":"https:\/\/www.septinoticias.com.mx\/index.php?rest_route=%2Fwp%2Fv2%2Fcomments&post=33585"}],"version-history":[{"count":4,"href":"https:\/\/www.septinoticias.com.mx\/index.php?rest_route=\/wp\/v2\/posts\/33585\/revisions"}],"predecessor-version":[{"id":33590,"href":"https:\/\/www.septinoticias.com.mx\/index.php?rest_route=\/wp\/v2\/posts\/33585\/revisions\/33590"}],"wp:featuredmedia":[{"embeddable":true,"href":"https:\/\/www.septinoticias.com.mx\/index.php?rest_route=\/wp\/v2\/media\/33587"}],"wp:attachment":[{"href":"https:\/\/www.septinoticias.com.mx\/index.php?rest_route=%2Fwp%2Fv2%2Fmedia&parent=33585"}],"wp:term":[{"taxonomy":"category","embeddable":true,"href":"https:\/\/www.septinoticias.com.mx\/index.php?rest_route=%2Fwp%2Fv2%2Fcategories&post=33585"},{"taxonomy":"post_tag","embeddable":true,"href":"https:\/\/www.septinoticias.com.mx\/index.php?rest_route=%2Fwp%2Fv2%2Ftags&post=33585"}],"curies":[{"name":"wp","href":"https:\/\/api.w.org\/{rel}","templated":true}]}}