{"id":33555,"date":"2023-11-25T17:09:43","date_gmt":"2023-11-25T17:09:43","guid":{"rendered":"https:\/\/www.septinoticias.com.mx\/?p=33555"},"modified":"2023-11-25T17:11:16","modified_gmt":"2023-11-25T17:11:16","slug":"30-de-noviembre-se-realizara-el-encendido-del-arbol-navideno-en-tulancingo","status":"publish","type":"post","link":"https:\/\/www.septinoticias.com.mx\/?p=33555","title":{"rendered":"30 de Noviembre se Realizar\u00e1 el Encendido del \u00c1rbol Navide\u00f1o en Tulancingo"},"content":{"rendered":"\t\t<div data-elementor-type=\"wp-post\" data-elementor-id=\"33555\" class=\"elementor elementor-33555\">\n\t\t\t\t\t\t\t\t\t<section class=\"elementor-section elementor-top-section elementor-element elementor-element-20bbcd3b elementor-section-boxed elementor-section-height-default elementor-section-height-default\" data-id=\"20bbcd3b\" data-element_type=\"section\">\n\t\t\t\t\t\t<div class=\"elementor-container elementor-column-gap-default\">\n\t\t\t\t\t<div class=\"elementor-column elementor-col-100 elementor-top-column elementor-element elementor-element-33be02ef\" data-id=\"33be02ef\" data-element_type=\"column\">\n\t\t\t<div class=\"elementor-widget-wrap elementor-element-populated\">\n\t\t\t\t\t\t\t\t<div class=\"elementor-element elementor-element-6c4a91f9 elementor-widget elementor-widget-text-editor\" data-id=\"6c4a91f9\" data-element_type=\"widget\" data-widget_type=\"text-editor.default\">\n\t\t\t\t<div class=\"elementor-widget-container\">\n\t\t\t<style>\/*! elementor - v3.10.1 - 17-01-2023 *\/\n.elementor-widget-text-editor.elementor-drop-cap-view-stacked .elementor-drop-cap{background-color:#818a91;color:#fff}.elementor-widget-text-editor.elementor-drop-cap-view-framed .elementor-drop-cap{color:#818a91;border:3px solid;background-color:transparent}.elementor-widget-text-editor:not(.elementor-drop-cap-view-default) .elementor-drop-cap{margin-top:8px}.elementor-widget-text-editor:not(.elementor-drop-cap-view-default) .elementor-drop-cap-letter{width:1em;height:1em}.elementor-widget-text-editor .elementor-drop-cap{float:left;text-align:center;line-height:1;font-size:50px}.elementor-widget-text-editor .elementor-drop-cap-letter{display:inline-block}<\/style>\t\t\t\t<p><strong>*Estar\u00e1n \u201cLos Acosta\u201d en la parte musical<\/strong><\/p><p><strong>Tulancingo, Hgo., 24 de noviembre de 2023.-<\/strong>El pr\u00f3ximo 30 de noviembre a partir de las 17:00 horas se realizar\u00e1, en el coraz\u00f3n de la ciudad, el tradicional encendido del \u00c1rbol de Navidad, de 25 metros y se prev\u00e9 que el evento concentre un aproximado de 10 mil personas.<\/p><p>El presidente Jorge M\u00e1rquez Alvarado inform\u00f3 que, a trav\u00e9s de la secretar\u00eda de Cultura, Educaci\u00f3n, Deporte y Juventud, hay coordinaci\u00f3n con diversas \u00e1reas de la administraci\u00f3n y con el Sistema DIF para la log\u00edstica y buen desarrollo del evento, que busca la uni\u00f3n familiar y la preservaci\u00f3n de los valores.<\/p><p>Desde el 27 de noviembre, comenzar\u00e1 la colocaci\u00f3n de ornamentaci\u00f3n navide\u00f1a, tanto en la Floresta y vialidades aleda\u00f1as, as\u00ed como en la antigua estaci\u00f3n del ferrocarril con tem\u00e1tica de villa navide\u00f1a, la cual permanecer\u00e1 hasta el 7 de enero, cuando finalicen los festejos de navidad, fin de a\u00f1o y reyes.<\/p><p>Sobre el programa alusivo al encendido de \u00e1rbol, habr\u00e1 villancicos y pastorelas; adem\u00e1s de que, en la parte estelar, se presentar\u00e1n Los Acosta, quienes cerrar\u00e1n con broche de oro el programa.<\/p><p>En suma, ser\u00e1 el comienzo de la etapa festiva por la llegada de la navidad y por tratarse de un evento masivo, ya han sido considerados los operativos de Protecci\u00f3n Civil; Movilidad y Seguridad Ciudadana, que habr\u00e1n de favorecer una celebraci\u00f3n emotiva, en la que quede iluminado en cuenta regresiva en el \u00e1rbol monumental de navidad, que estar\u00e1 ubicado en el cruce de Hidalgo y callej\u00f3n san Vicente.<\/p><p>Cabe mencionar que, para el evento de encendido de \u00e1rbol de navidad, se contar\u00e1 con dos escenarios; uno de ellos en el centro Cultural Ricardo Garibay para la presentaci\u00f3n de pastorelas y villancicos y otro m\u00e1s frente al club de leones para Los Acosta, cuya presentaci\u00f3n ser\u00e1 alrededor de las 20:00 horas.<\/p><p>En m\u00e1s atractivos de navidad, se tendr\u00e1 un carrusel en la explanada del centro cultural Ricardo Garibay y la tradicional villa navide\u00f1a en el corredor de museos.<\/p>\t\t\t\t\t\t<\/div>\n\t\t\t\t<\/div>\n\t\t\t\t\t<\/div>\n\t\t<\/div>\n\t\t\t\t\t\t\t<\/div>\n\t\t<\/section>\n\t\t\t\t\t\t\t<\/div>\n\t\t","protected":false},"excerpt":{"rendered":"<p>*Estar\u00e1n \u201cLos Acosta\u201d en la parte musical Tulancingo, Hgo., 24 de noviembre de 2023.-El pr\u00f3ximo 30 de noviembre a partir de las 17:00 horas se realizar\u00e1, en el coraz\u00f3n de la ciudad, el tradicional encendido del \u00c1rbol de Navidad, de 25 metros y se prev\u00e9 que el evento concentre un aproximado de 10 mil personas. [&hellip;]<\/p>\n","protected":false},"author":1,"featured_media":33557,"comment_status":"closed","ping_status":"open","sticky":false,"template":"","format":"standard","meta":[],"categories":[7],"tags":[],"_links":{"self":[{"href":"https:\/\/www.septinoticias.com.mx\/index.php?rest_route=\/wp\/v2\/posts\/33555"}],"collection":[{"href":"https:\/\/www.septinoticias.com.mx\/index.php?rest_route=\/wp\/v2\/posts"}],"about":[{"href":"https:\/\/www.septinoticias.com.mx\/index.php?rest_route=\/wp\/v2\/types\/post"}],"author":[{"embeddable":true,"href":"https:\/\/www.septinoticias.com.mx\/index.php?rest_route=\/wp\/v2\/users\/1"}],"replies":[{"embeddable":true,"href":"https:\/\/www.septinoticias.com.mx\/index.php?rest_route=%2Fwp%2Fv2%2Fcomments&post=33555"}],"version-history":[{"count":4,"href":"https:\/\/www.septinoticias.com.mx\/index.php?rest_route=\/wp\/v2\/posts\/33555\/revisions"}],"predecessor-version":[{"id":33560,"href":"https:\/\/www.septinoticias.com.mx\/index.php?rest_route=\/wp\/v2\/posts\/33555\/revisions\/33560"}],"wp:featuredmedia":[{"embeddable":true,"href":"https:\/\/www.septinoticias.com.mx\/index.php?rest_route=\/wp\/v2\/media\/33557"}],"wp:attachment":[{"href":"https:\/\/www.septinoticias.com.mx\/index.php?rest_route=%2Fwp%2Fv2%2Fmedia&parent=33555"}],"wp:term":[{"taxonomy":"category","embeddable":true,"href":"https:\/\/www.septinoticias.com.mx\/index.php?rest_route=%2Fwp%2Fv2%2Fcategories&post=33555"},{"taxonomy":"post_tag","embeddable":true,"href":"https:\/\/www.septinoticias.com.mx\/index.php?rest_route=%2Fwp%2Fv2%2Ftags&post=33555"}],"curies":[{"name":"wp","href":"https:\/\/api.w.org\/{rel}","templated":true}]}}