{"id":32620,"date":"2023-11-17T17:40:47","date_gmt":"2023-11-17T17:40:47","guid":{"rendered":"https:\/\/www.septinoticias.com.mx\/?p=32620"},"modified":"2023-11-17T17:41:39","modified_gmt":"2023-11-17T17:41:39","slug":"tulancingo-realizo-con-exito-segundo-foro-entornos-de-ciudades-inteligentes-seguras","status":"publish","type":"post","link":"https:\/\/www.septinoticias.com.mx\/?p=32620","title":{"rendered":"Tulancingo Realiz\u00f3 Con \u00c9xito Segundo Foro \u201cEntornos de Ciudades Inteligentes Seguras\u201d"},"content":{"rendered":"\t\t<div data-elementor-type=\"wp-post\" data-elementor-id=\"32620\" class=\"elementor elementor-32620\">\n\t\t\t\t\t\t\t\t\t<section class=\"elementor-section elementor-top-section elementor-element elementor-element-20bbcd3b elementor-section-boxed elementor-section-height-default elementor-section-height-default\" data-id=\"20bbcd3b\" data-element_type=\"section\">\n\t\t\t\t\t\t<div class=\"elementor-container elementor-column-gap-default\">\n\t\t\t\t\t<div class=\"elementor-column elementor-col-100 elementor-top-column elementor-element elementor-element-33be02ef\" data-id=\"33be02ef\" data-element_type=\"column\">\n\t\t\t<div class=\"elementor-widget-wrap elementor-element-populated\">\n\t\t\t\t\t\t\t\t<div class=\"elementor-element elementor-element-6c4a91f9 elementor-widget elementor-widget-text-editor\" data-id=\"6c4a91f9\" data-element_type=\"widget\" data-widget_type=\"text-editor.default\">\n\t\t\t\t<div class=\"elementor-widget-container\">\n\t\t\t<style>\/*! elementor - v3.10.1 - 17-01-2023 *\/\n.elementor-widget-text-editor.elementor-drop-cap-view-stacked .elementor-drop-cap{background-color:#818a91;color:#fff}.elementor-widget-text-editor.elementor-drop-cap-view-framed .elementor-drop-cap{color:#818a91;border:3px solid;background-color:transparent}.elementor-widget-text-editor:not(.elementor-drop-cap-view-default) .elementor-drop-cap{margin-top:8px}.elementor-widget-text-editor:not(.elementor-drop-cap-view-default) .elementor-drop-cap-letter{width:1em;height:1em}.elementor-widget-text-editor .elementor-drop-cap{float:left;text-align:center;line-height:1;font-size:50px}.elementor-widget-text-editor .elementor-drop-cap-letter{display:inline-block}<\/style>\t\t\t\t<p><strong>Tulancingo, Hgo., 16 de noviembre de 2023.-<\/strong>Bajo un formato hibrido con actividades presenciales y virtuales, este mi\u00e9rcoles 15 de noviembre se efectu\u00f3 el Segundo Foro \u201cEntornos de Ciudades Inteligentes Seguras\u201d, que tuvo como sede presencial, el auditorio Benito Ju\u00e1rez de presidencia Municipal de Tulancingo.<\/p><p>Organizado por el Gobierno Municipal de Tulancingo a trav\u00e9s de la jefatura de Gabinete y la Unidad de Innovaci\u00f3n Gubernamental, tuvo como prop\u00f3sito el intercambio de conocimientos, ideas y experiencias con el fin de avanzar hacia la cimentaci\u00f3n de ciudades m\u00e1s seguras, sostenibles, eficientes y responder a los desaf\u00edos del siglo XXI.<\/p><p>Los temas principales de este foro, fueron: Propuesta de la Ley Federal de Ciberseguridad en M\u00e9xico; Ponencia que ser\u00e1 ofrecida por el Diputado Federal Javier L\u00f3pez Casar\u00edn; Presidente de la Comisi\u00f3n de Ciencia, Tecnolog\u00eda e Innovaci\u00f3n de la LXV legislatura de la C\u00e1mara de Diputados; quien de manera remota dio un amplio panorama sobre este trabajo legislativo.<\/p><p>\u00a0\u201cEntornos Digitales Empresariales Seguros\u201d, fue la conferencia ofrecida a trav\u00e9s de un panel integrado por especialistas del ramo empresarial y de empresas tecnol\u00f3gicas con la participaci\u00f3n internacional del Mtro. Iv\u00e1n Rodr\u00edguez, Director de Robo de Identidad MX.<\/p><p>Con la participaci\u00f3n de alumnos de la UTec, se realiz\u00f3 la conferencia \u201cMujeres, creando un metaverso seguro\u201d, con dos ponencias a cargo de Daniela Rojas (de EON Institute) quien habl\u00f3 de entornos de inteligencia artificial en la vida cotidiana e igualmente, Glenda Michel Guti\u00e9rrez; Gerente de Pol\u00edticas P\u00fablicas, vinculaci\u00f3n con la academia y sociedad civil para Meta M\u00e9xico, Centroam\u00e9rica y el Caribe.<\/p><p>Sobre \u201cCiberseguridad en los entornos educativos: Protegiendo el Futuro\u201d fue impartido por Ana Laura Chalico Tenorio, de LATAM Women in Cybersecurity, adem\u00e1s de la empresa Google y la Asociaci\u00f3n Latinoamericana de profesionales en seguridad inform\u00e1tica.<\/p><p>El quinto y \u00faltimo tema estuvo relacionado a los \u201cDerechos y la ciberseguridad para ni\u00f1as, ni\u00f1os y adolescentes\u201d impartida por la Doctora Anahiby Becerril, especialista en derecho de las tecnolog\u00edas de la informaci\u00f3n, comunicaci\u00f3n y protecci\u00f3n de datos personales.<\/p><p>Con \u00e9xito, fue un evento de gran envergadura que surge a iniciativa del presidente Jorge M\u00e1rquez Alvarado para generar un catalizador que impulse el intercambio de ideas; haciendo qe Tulancingo avance con paso firme conquistando los retos que exige una sociedad en plena evoluci\u00f3n tecnol\u00f3gica.<\/p>\t\t\t\t\t\t<\/div>\n\t\t\t\t<\/div>\n\t\t\t\t\t<\/div>\n\t\t<\/div>\n\t\t\t\t\t\t\t<\/div>\n\t\t<\/section>\n\t\t\t\t\t\t\t<\/div>\n\t\t","protected":false},"excerpt":{"rendered":"<p>Tulancingo, Hgo., 16 de noviembre de 2023.-Bajo un formato hibrido con actividades presenciales y virtuales, este mi\u00e9rcoles 15 de noviembre se efectu\u00f3 el Segundo Foro \u201cEntornos de Ciudades Inteligentes Seguras\u201d, que tuvo como sede presencial, el auditorio Benito Ju\u00e1rez de presidencia Municipal de Tulancingo. Organizado por el Gobierno Municipal de Tulancingo a trav\u00e9s de la [&hellip;]<\/p>\n","protected":false},"author":1,"featured_media":32622,"comment_status":"closed","ping_status":"open","sticky":false,"template":"","format":"standard","meta":[],"categories":[7],"tags":[],"_links":{"self":[{"href":"https:\/\/www.septinoticias.com.mx\/index.php?rest_route=\/wp\/v2\/posts\/32620"}],"collection":[{"href":"https:\/\/www.septinoticias.com.mx\/index.php?rest_route=\/wp\/v2\/posts"}],"about":[{"href":"https:\/\/www.septinoticias.com.mx\/index.php?rest_route=\/wp\/v2\/types\/post"}],"author":[{"embeddable":true,"href":"https:\/\/www.septinoticias.com.mx\/index.php?rest_route=\/wp\/v2\/users\/1"}],"replies":[{"embeddable":true,"href":"https:\/\/www.septinoticias.com.mx\/index.php?rest_route=%2Fwp%2Fv2%2Fcomments&post=32620"}],"version-history":[{"count":4,"href":"https:\/\/www.septinoticias.com.mx\/index.php?rest_route=\/wp\/v2\/posts\/32620\/revisions"}],"predecessor-version":[{"id":32625,"href":"https:\/\/www.septinoticias.com.mx\/index.php?rest_route=\/wp\/v2\/posts\/32620\/revisions\/32625"}],"wp:featuredmedia":[{"embeddable":true,"href":"https:\/\/www.septinoticias.com.mx\/index.php?rest_route=\/wp\/v2\/media\/32622"}],"wp:attachment":[{"href":"https:\/\/www.septinoticias.com.mx\/index.php?rest_route=%2Fwp%2Fv2%2Fmedia&parent=32620"}],"wp:term":[{"taxonomy":"category","embeddable":true,"href":"https:\/\/www.septinoticias.com.mx\/index.php?rest_route=%2Fwp%2Fv2%2Fcategories&post=32620"},{"taxonomy":"post_tag","embeddable":true,"href":"https:\/\/www.septinoticias.com.mx\/index.php?rest_route=%2Fwp%2Fv2%2Ftags&post=32620"}],"curies":[{"name":"wp","href":"https:\/\/api.w.org\/{rel}","templated":true}]}}