{"id":32614,"date":"2023-11-17T17:39:42","date_gmt":"2023-11-17T17:39:42","guid":{"rendered":"https:\/\/www.septinoticias.com.mx\/?p=32614"},"modified":"2023-11-17T17:40:35","modified_gmt":"2023-11-17T17:40:35","slug":"programa-de-bacheo-permanente-de-tulancingo-llega-a-puntos-de-mayor-afectacion","status":"publish","type":"post","link":"https:\/\/www.septinoticias.com.mx\/?p=32614","title":{"rendered":"Programa de Bacheo Permanente de Tulancingo Llega a Puntos de Mayor Afectaci\u00f3n"},"content":{"rendered":"\t\t<div data-elementor-type=\"wp-post\" data-elementor-id=\"32614\" class=\"elementor elementor-32614\">\n\t\t\t\t\t\t\t\t\t<section class=\"elementor-section elementor-top-section elementor-element elementor-element-20bbcd3b elementor-section-boxed elementor-section-height-default elementor-section-height-default\" data-id=\"20bbcd3b\" data-element_type=\"section\">\n\t\t\t\t\t\t<div class=\"elementor-container elementor-column-gap-default\">\n\t\t\t\t\t<div class=\"elementor-column elementor-col-100 elementor-top-column elementor-element elementor-element-33be02ef\" data-id=\"33be02ef\" data-element_type=\"column\">\n\t\t\t<div class=\"elementor-widget-wrap elementor-element-populated\">\n\t\t\t\t\t\t\t\t<div class=\"elementor-element elementor-element-6c4a91f9 elementor-widget elementor-widget-text-editor\" data-id=\"6c4a91f9\" data-element_type=\"widget\" data-widget_type=\"text-editor.default\">\n\t\t\t\t<div class=\"elementor-widget-container\">\n\t\t\t<style>\/*! elementor - v3.10.1 - 17-01-2023 *\/\n.elementor-widget-text-editor.elementor-drop-cap-view-stacked .elementor-drop-cap{background-color:#818a91;color:#fff}.elementor-widget-text-editor.elementor-drop-cap-view-framed .elementor-drop-cap{color:#818a91;border:3px solid;background-color:transparent}.elementor-widget-text-editor:not(.elementor-drop-cap-view-default) .elementor-drop-cap{margin-top:8px}.elementor-widget-text-editor:not(.elementor-drop-cap-view-default) .elementor-drop-cap-letter{width:1em;height:1em}.elementor-widget-text-editor .elementor-drop-cap{float:left;text-align:center;line-height:1;font-size:50px}.elementor-widget-text-editor .elementor-drop-cap-letter{display:inline-block}<\/style>\t\t\t\t<p><strong>Tulancingo, Hgo., 16 de noviembre de 2023.-<\/strong>En lo que va de la presente semana, las brigadas de bacheo permanente se encuentran trabajando de manera alterna en las colonias Guadalupe y Vicente guerrero; puntos caracterizados por un alto deterioro en las vialidades.<\/p><p>A trav\u00e9s de la direcci\u00f3n de Obras Publicas de Tulancingo, se coordina el traslado de mezcla asf\u00e1ltica y recurso humano, hasta las colonias donde la afectaci\u00f3n a las carpetas de rodamiento es notoria.<\/p><p>Es instrucci\u00f3n del presidente Jorge M\u00e1rquez Alvarado, que el programa de bacheo atienda sectores donde la poblaci\u00f3n se moviliza con mayor regularidad con el prop\u00f3sito de afianzar la seguridad vial y hacer eficiente la movilidad, para acortar los tiempos de desplazamiento.<\/p><p>Este 15 de noviembre las brigadas de bacheo realizaron una etapa complementaria a la rehabilitaci\u00f3n de calle Michoac\u00e1n en la colonia Vicente Guerrero, e igualmente se incluy\u00f3 un segmento del circuito Chapultepec y colonia El Banco.<\/p><p>Sobre calles ya atendidas con bacheo en los \u00faltimos d\u00edas, se encuentra la avenida 21 de marzo esquina con Victoria; Narciso Mendoza; Echavarri; Calzada 5 de Mayo, zona de centros comerciales, adem\u00e1s de Galeana y Mina.<\/p><p>El factor clim\u00e1tico favorable ha contribuido a dar continuidad a los trabajos y se optimiza tanto el tiempo como los recursos materiales de la administraci\u00f3n.<\/p><p>En lo que va de este a\u00f1o, se han conjuntado acciones preventivas al deterioro de calles, con las de rehabilitaci\u00f3n, en temporada posterior a las lluvias.<\/p><p>Cabe aclarar que, en una buena parte de calles de la ciudad, el asfalto o pavimento est\u00e1 cercano o ya ha concluido su vida \u00fatil; de ah\u00ed que el gobierno municipal realice esfuerzos con paliativos y mantenga labores constantes de gesti\u00f3n para la autorizaci\u00f3n de recursos que permitan ejecutar m\u00e1s obras de pavimento.<\/p><p>Adem\u00e1s del bacheo de tramos locales, sigue el apoyo interinstitucional a tramos estatales en lugares como: Bulevar Huapalcalli y la v\u00eda Tulancingo \u2013 Cuautepec (desde la Y al pante\u00f3n san Miguel).<\/p><p>En tramos federales: a la altura de la subestaci\u00f3n el\u00e9ctrica a estaci\u00f3n terrena, sobre corredor vial san Jos\u00e9 y de la entrada a CBTIS hasta con entronque a circuito Chapultepec.<\/p>\t\t\t\t\t\t<\/div>\n\t\t\t\t<\/div>\n\t\t\t\t\t<\/div>\n\t\t<\/div>\n\t\t\t\t\t\t\t<\/div>\n\t\t<\/section>\n\t\t\t\t\t\t\t<\/div>\n\t\t","protected":false},"excerpt":{"rendered":"<p>Tulancingo, Hgo., 16 de noviembre de 2023.-En lo que va de la presente semana, las brigadas de bacheo permanente se encuentran trabajando de manera alterna en las colonias Guadalupe y Vicente guerrero; puntos caracterizados por un alto deterioro en las vialidades. A trav\u00e9s de la direcci\u00f3n de Obras Publicas de Tulancingo, se coordina el traslado [&hellip;]<\/p>\n","protected":false},"author":1,"featured_media":32616,"comment_status":"closed","ping_status":"open","sticky":false,"template":"","format":"standard","meta":[],"categories":[7],"tags":[],"_links":{"self":[{"href":"https:\/\/www.septinoticias.com.mx\/index.php?rest_route=\/wp\/v2\/posts\/32614"}],"collection":[{"href":"https:\/\/www.septinoticias.com.mx\/index.php?rest_route=\/wp\/v2\/posts"}],"about":[{"href":"https:\/\/www.septinoticias.com.mx\/index.php?rest_route=\/wp\/v2\/types\/post"}],"author":[{"embeddable":true,"href":"https:\/\/www.septinoticias.com.mx\/index.php?rest_route=\/wp\/v2\/users\/1"}],"replies":[{"embeddable":true,"href":"https:\/\/www.septinoticias.com.mx\/index.php?rest_route=%2Fwp%2Fv2%2Fcomments&post=32614"}],"version-history":[{"count":4,"href":"https:\/\/www.septinoticias.com.mx\/index.php?rest_route=\/wp\/v2\/posts\/32614\/revisions"}],"predecessor-version":[{"id":32619,"href":"https:\/\/www.septinoticias.com.mx\/index.php?rest_route=\/wp\/v2\/posts\/32614\/revisions\/32619"}],"wp:featuredmedia":[{"embeddable":true,"href":"https:\/\/www.septinoticias.com.mx\/index.php?rest_route=\/wp\/v2\/media\/32616"}],"wp:attachment":[{"href":"https:\/\/www.septinoticias.com.mx\/index.php?rest_route=%2Fwp%2Fv2%2Fmedia&parent=32614"}],"wp:term":[{"taxonomy":"category","embeddable":true,"href":"https:\/\/www.septinoticias.com.mx\/index.php?rest_route=%2Fwp%2Fv2%2Fcategories&post=32614"},{"taxonomy":"post_tag","embeddable":true,"href":"https:\/\/www.septinoticias.com.mx\/index.php?rest_route=%2Fwp%2Fv2%2Ftags&post=32614"}],"curies":[{"name":"wp","href":"https:\/\/api.w.org\/{rel}","templated":true}]}}