{"id":31536,"date":"2023-11-08T16:51:42","date_gmt":"2023-11-08T16:51:42","guid":{"rendered":"https:\/\/www.septinoticias.com.mx\/?p=31536"},"modified":"2023-11-08T16:54:06","modified_gmt":"2023-11-08T16:54:06","slug":"segobh-secultahsspeh-presentaron-el-programa-del-xxvi-festival-de-la-huasteca","status":"publish","type":"post","link":"https:\/\/www.septinoticias.com.mx\/?p=31536","title":{"rendered":"SEGOBH, SECULTAH,SSPEH, Presentaron el Programa del XXVI Festival de la Huasteca"},"content":{"rendered":"\t\t<div data-elementor-type=\"wp-post\" data-elementor-id=\"31536\" class=\"elementor elementor-31536\">\n\t\t\t\t\t\t\t\t\t<section class=\"elementor-section elementor-top-section elementor-element elementor-element-20bbcd3b elementor-section-boxed elementor-section-height-default elementor-section-height-default\" data-id=\"20bbcd3b\" data-element_type=\"section\">\n\t\t\t\t\t\t<div class=\"elementor-container elementor-column-gap-default\">\n\t\t\t\t\t<div class=\"elementor-column elementor-col-100 elementor-top-column elementor-element elementor-element-33be02ef\" data-id=\"33be02ef\" data-element_type=\"column\">\n\t\t\t<div class=\"elementor-widget-wrap elementor-element-populated\">\n\t\t\t\t\t\t\t\t<div class=\"elementor-element elementor-element-6c4a91f9 elementor-widget elementor-widget-text-editor\" data-id=\"6c4a91f9\" data-element_type=\"widget\" data-widget_type=\"text-editor.default\">\n\t\t\t\t<div class=\"elementor-widget-container\">\n\t\t\t<style>\/*! elementor - v3.10.1 - 17-01-2023 *\/\n.elementor-widget-text-editor.elementor-drop-cap-view-stacked .elementor-drop-cap{background-color:#818a91;color:#fff}.elementor-widget-text-editor.elementor-drop-cap-view-framed .elementor-drop-cap{color:#818a91;border:3px solid;background-color:transparent}.elementor-widget-text-editor:not(.elementor-drop-cap-view-default) .elementor-drop-cap{margin-top:8px}.elementor-widget-text-editor:not(.elementor-drop-cap-view-default) .elementor-drop-cap-letter{width:1em;height:1em}.elementor-widget-text-editor .elementor-drop-cap{float:left;text-align:center;line-height:1;font-size:50px}.elementor-widget-text-editor .elementor-drop-cap-letter{display:inline-block}<\/style>\t\t\t\t<p><strong>*El programa art\u00edstico estar\u00e1 conformado por 150 actividades art\u00edsticas a cargo de 26 tr\u00edos huastecos, 11 danzas tradicionales y siete bandas de viento<\/strong><\/p><p><strong>Huejutla de Reyes, Hgo., 7 de noviembre de 2023.-<\/strong>En conferencia de prensa en el municipio de Huejutla, los titulares de las secretar\u00edas de Gobierno, Guillermo Olivares Reyna; de Cultura, Tania Meza Escorza; de Seguridad P\u00fablica, Salvador Cruz Neri, y autoridades municipales, dieron a conocer el programa del XXVI Festival de la Huasteca.<\/p><p>&#8220;El se\u00f1or gobernador est\u00e1 empe\u00f1ado en empujar al desarrollo a todos los municipios del estado y desde luego que la huasteca debe de pasar de un orgullo de palabra a los hechos; que todos sus habitantes vivan con dignidad, y que salgan adelante\u201d, expres\u00f3 Olivares Reyna. De igual forma puntualiz\u00f3 que este tipo de eventos catapultan a la regi\u00f3n de manera nacional e internacional, provocando as\u00ed una importante derrama econ\u00f3mica que beneficiar\u00e1 a los municipios de la zona.<\/p><p>Del 16 al 19 de noviembre, las plazas p\u00fablicas de Atlapexco, Huautla, Huazalingo, Huejutla de Reyes, Jaltoc\u00e1n, San Felipe Orizatl\u00e1n, Xochiatipan y Yahualica, se convertir\u00e1n en un punto de encuentro para disfrutar del patrimonio inmaterial.<\/p><p>Las autoridades detallaron que el programa art\u00edstico estar\u00e1 conformado por 150 actividades art\u00edsticas a cargo de 26 tr\u00edos huastecos, 11 danzas tradicionales y siete bandas de viento. De igual forma, participar\u00e1n 30 artesanas y artesanos, cocineras tradicionales, especialistas de la medicina tradicional, promotores culturales y acad\u00e9micos.<\/p>\t\t\t\t\t\t<\/div>\n\t\t\t\t<\/div>\n\t\t\t\t\t<\/div>\n\t\t<\/div>\n\t\t\t\t\t\t\t<\/div>\n\t\t<\/section>\n\t\t\t\t\t\t\t<\/div>\n\t\t","protected":false},"excerpt":{"rendered":"<p>*El programa art\u00edstico estar\u00e1 conformado por 150 actividades art\u00edsticas a cargo de 26 tr\u00edos huastecos, 11 danzas tradicionales y siete bandas de viento Huejutla de Reyes, Hgo., 7 de noviembre de 2023.-En conferencia de prensa en el municipio de Huejutla, los titulares de las secretar\u00edas de Gobierno, Guillermo Olivares Reyna; de Cultura, Tania Meza Escorza; [&hellip;]<\/p>\n","protected":false},"author":1,"featured_media":31538,"comment_status":"closed","ping_status":"open","sticky":false,"template":"","format":"standard","meta":[],"categories":[9],"tags":[],"_links":{"self":[{"href":"https:\/\/www.septinoticias.com.mx\/index.php?rest_route=\/wp\/v2\/posts\/31536"}],"collection":[{"href":"https:\/\/www.septinoticias.com.mx\/index.php?rest_route=\/wp\/v2\/posts"}],"about":[{"href":"https:\/\/www.septinoticias.com.mx\/index.php?rest_route=\/wp\/v2\/types\/post"}],"author":[{"embeddable":true,"href":"https:\/\/www.septinoticias.com.mx\/index.php?rest_route=\/wp\/v2\/users\/1"}],"replies":[{"embeddable":true,"href":"https:\/\/www.septinoticias.com.mx\/index.php?rest_route=%2Fwp%2Fv2%2Fcomments&post=31536"}],"version-history":[{"count":4,"href":"https:\/\/www.septinoticias.com.mx\/index.php?rest_route=\/wp\/v2\/posts\/31536\/revisions"}],"predecessor-version":[{"id":31541,"href":"https:\/\/www.septinoticias.com.mx\/index.php?rest_route=\/wp\/v2\/posts\/31536\/revisions\/31541"}],"wp:featuredmedia":[{"embeddable":true,"href":"https:\/\/www.septinoticias.com.mx\/index.php?rest_route=\/wp\/v2\/media\/31538"}],"wp:attachment":[{"href":"https:\/\/www.septinoticias.com.mx\/index.php?rest_route=%2Fwp%2Fv2%2Fmedia&parent=31536"}],"wp:term":[{"taxonomy":"category","embeddable":true,"href":"https:\/\/www.septinoticias.com.mx\/index.php?rest_route=%2Fwp%2Fv2%2Fcategories&post=31536"},{"taxonomy":"post_tag","embeddable":true,"href":"https:\/\/www.septinoticias.com.mx\/index.php?rest_route=%2Fwp%2Fv2%2Ftags&post=31536"}],"curies":[{"name":"wp","href":"https:\/\/api.w.org\/{rel}","templated":true}]}}