{"id":31443,"date":"2023-11-08T16:13:45","date_gmt":"2023-11-08T16:13:45","guid":{"rendered":"https:\/\/www.septinoticias.com.mx\/?p=31443"},"modified":"2023-11-08T16:14:54","modified_gmt":"2023-11-08T16:14:54","slug":"muestra-textil-y-artesanal-del-valle-de-tulancingo-del-17-al-19-de-noviembre-en-el-jardin-la-floresta","status":"publish","type":"post","link":"https:\/\/www.septinoticias.com.mx\/?p=31443","title":{"rendered":"Muestra Textil y Artesanal del Valle de Tulancingo, del 17 al 19 de Noviembre en el Jard\u00edn la Floresta"},"content":{"rendered":"\t\t<div data-elementor-type=\"wp-post\" data-elementor-id=\"31443\" class=\"elementor elementor-31443\">\n\t\t\t\t\t\t\t\t\t<section class=\"elementor-section elementor-top-section elementor-element elementor-element-20bbcd3b elementor-section-boxed elementor-section-height-default elementor-section-height-default\" data-id=\"20bbcd3b\" data-element_type=\"section\">\n\t\t\t\t\t\t<div class=\"elementor-container elementor-column-gap-default\">\n\t\t\t\t\t<div class=\"elementor-column elementor-col-100 elementor-top-column elementor-element elementor-element-33be02ef\" data-id=\"33be02ef\" data-element_type=\"column\">\n\t\t\t<div class=\"elementor-widget-wrap elementor-element-populated\">\n\t\t\t\t\t\t\t\t<div class=\"elementor-element elementor-element-6c4a91f9 elementor-widget elementor-widget-text-editor\" data-id=\"6c4a91f9\" data-element_type=\"widget\" data-widget_type=\"text-editor.default\">\n\t\t\t\t<div class=\"elementor-widget-container\">\n\t\t\t<style>\/*! elementor - v3.10.1 - 17-01-2023 *\/\n.elementor-widget-text-editor.elementor-drop-cap-view-stacked .elementor-drop-cap{background-color:#818a91;color:#fff}.elementor-widget-text-editor.elementor-drop-cap-view-framed .elementor-drop-cap{color:#818a91;border:3px solid;background-color:transparent}.elementor-widget-text-editor:not(.elementor-drop-cap-view-default) .elementor-drop-cap{margin-top:8px}.elementor-widget-text-editor:not(.elementor-drop-cap-view-default) .elementor-drop-cap-letter{width:1em;height:1em}.elementor-widget-text-editor .elementor-drop-cap{float:left;text-align:center;line-height:1;font-size:50px}.elementor-widget-text-editor .elementor-drop-cap-letter{display:inline-block}<\/style>\t\t\t\t<p><strong>Tulancingo, Hgo., 7 de noviembre de 2023.-<\/strong>Del 17 al 19 de noviembre se realizar\u00e1, en el jard\u00edn La Floresta, la Muestra Textil y Artesanal del Valle de Tulancingo 2023, y ante ello, autoridades municipales encabezadas por el secretario de fomento econ\u00f3mico Juan Garc\u00eda Melo, adem\u00e1s de empresarios del ramo textil y artesanos, ofrecieron en rueda de prensa los pormenores del evento que prev\u00e9 una derrama econ\u00f3mica por 8 millones de pesos.<\/p><p>Con este tipo de eventos, el gobierno que encabeza el presidente Jorge M\u00e1rquez Alvarado, refrenda una vez m\u00e1s su compromiso de favorecer el consumo local ya que al hacerlo, se apoya la reactivaci\u00f3n econ\u00f3mica aunada a que se cuidan y se generan fuentes de empleo.<\/p><p>En su intervenci\u00f3n el secretario de Fomento Econ\u00f3mico, Juan Garc\u00eda Melo, se\u00f1al\u00f3 que esta es la tercera y \u00faltima actividad del a\u00f1o, toda vez que, por decisi\u00f3n y consenso se fusionaron las diez ferias institucionalizadas, anteriormente.<\/p><p>Tambi\u00e9n, se comunic\u00f3 que, en el evento anterior de contexto textil, efectuado en 2022, se tuvo una derrama econ\u00f3mica por 7 millones de pesos y se superaron los 15 mil visitantes. Para la muestra textil artesanal en puerta, la meta es un evento mejor que congregar\u00e1 a un centenar de expositores (entre ambos rubros).<\/p><p>De los 100 expositores, el 80 por ciento en el ramo textil son locales y en lo que confiere a artesanos de otras regiones, provienen de estados como Puebla, Guerrero, Michoac\u00e1n y Estado de M\u00e9xico.<\/p><p>Como en cada uno de los eventos que organiza la presidencia, se contar\u00e1 con un programa art\u00edstico-musical ofreciendo foros de expresi\u00f3n y proyecci\u00f3n al talento local.<\/p><p>Durante la rueda de prensa, se resalt\u00f3 el apoyo decidido del presidente Jorge M\u00e1rquez Alvarado, a micro, peque\u00f1o, mediano y grandes empresarios, tanto de Tulancingo como de la regi\u00f3n, lo cual ha permitido avanzar en temas de registro de marca, planes de negocio, capacitaciones, as\u00ed como apoyos con cr\u00e9ditos.<\/p><p>Se afirm\u00f3 que la muestra textil artesanal, ser\u00e1 un gran escaparate para mostrar que en Tulancingo se elaboran ropa, alimentos, artesan\u00edas y otros productos con gran calidad.<\/p>\t\t\t\t\t\t<\/div>\n\t\t\t\t<\/div>\n\t\t\t\t\t<\/div>\n\t\t<\/div>\n\t\t\t\t\t\t\t<\/div>\n\t\t<\/section>\n\t\t\t\t\t\t\t<\/div>\n\t\t","protected":false},"excerpt":{"rendered":"<p>Tulancingo, Hgo., 7 de noviembre de 2023.-Del 17 al 19 de noviembre se realizar\u00e1, en el jard\u00edn La Floresta, la Muestra Textil y Artesanal del Valle de Tulancingo 2023, y ante ello, autoridades municipales encabezadas por el secretario de fomento econ\u00f3mico Juan Garc\u00eda Melo, adem\u00e1s de empresarios del ramo textil y artesanos, ofrecieron en rueda [&hellip;]<\/p>\n","protected":false},"author":1,"featured_media":31445,"comment_status":"closed","ping_status":"open","sticky":false,"template":"","format":"standard","meta":[],"categories":[7],"tags":[],"_links":{"self":[{"href":"https:\/\/www.septinoticias.com.mx\/index.php?rest_route=\/wp\/v2\/posts\/31443"}],"collection":[{"href":"https:\/\/www.septinoticias.com.mx\/index.php?rest_route=\/wp\/v2\/posts"}],"about":[{"href":"https:\/\/www.septinoticias.com.mx\/index.php?rest_route=\/wp\/v2\/types\/post"}],"author":[{"embeddable":true,"href":"https:\/\/www.septinoticias.com.mx\/index.php?rest_route=\/wp\/v2\/users\/1"}],"replies":[{"embeddable":true,"href":"https:\/\/www.septinoticias.com.mx\/index.php?rest_route=%2Fwp%2Fv2%2Fcomments&post=31443"}],"version-history":[{"count":4,"href":"https:\/\/www.septinoticias.com.mx\/index.php?rest_route=\/wp\/v2\/posts\/31443\/revisions"}],"predecessor-version":[{"id":31448,"href":"https:\/\/www.septinoticias.com.mx\/index.php?rest_route=\/wp\/v2\/posts\/31443\/revisions\/31448"}],"wp:featuredmedia":[{"embeddable":true,"href":"https:\/\/www.septinoticias.com.mx\/index.php?rest_route=\/wp\/v2\/media\/31445"}],"wp:attachment":[{"href":"https:\/\/www.septinoticias.com.mx\/index.php?rest_route=%2Fwp%2Fv2%2Fmedia&parent=31443"}],"wp:term":[{"taxonomy":"category","embeddable":true,"href":"https:\/\/www.septinoticias.com.mx\/index.php?rest_route=%2Fwp%2Fv2%2Fcategories&post=31443"},{"taxonomy":"post_tag","embeddable":true,"href":"https:\/\/www.septinoticias.com.mx\/index.php?rest_route=%2Fwp%2Fv2%2Ftags&post=31443"}],"curies":[{"name":"wp","href":"https:\/\/api.w.org\/{rel}","templated":true}]}}