{"id":28622,"date":"2023-10-14T16:45:03","date_gmt":"2023-10-14T16:45:03","guid":{"rendered":"https:\/\/www.septinoticias.com.mx\/?p=28622"},"modified":"2023-10-14T16:45:48","modified_gmt":"2023-10-14T16:45:48","slug":"tiene-hidalgo-un-gobierno-de-puertas-abiertas-eduardo-medecigo-rubio","status":"publish","type":"post","link":"https:\/\/www.septinoticias.com.mx\/?p=28622","title":{"rendered":"Tiene Hidalgo un Gobierno de Puertas Abiertas: Eduardo Med\u00e9cigo Rubio"},"content":{"rendered":"\t\t<div data-elementor-type=\"wp-post\" data-elementor-id=\"28622\" class=\"elementor elementor-28622\">\n\t\t\t\t\t\t\t\t\t<section class=\"elementor-section elementor-top-section elementor-element elementor-element-20bbcd3b elementor-section-boxed elementor-section-height-default elementor-section-height-default\" data-id=\"20bbcd3b\" data-element_type=\"section\">\n\t\t\t\t\t\t<div class=\"elementor-container elementor-column-gap-default\">\n\t\t\t\t\t<div class=\"elementor-column elementor-col-100 elementor-top-column elementor-element elementor-element-33be02ef\" data-id=\"33be02ef\" data-element_type=\"column\">\n\t\t\t<div class=\"elementor-widget-wrap elementor-element-populated\">\n\t\t\t\t\t\t\t\t<div class=\"elementor-element elementor-element-6c4a91f9 elementor-widget elementor-widget-text-editor\" data-id=\"6c4a91f9\" data-element_type=\"widget\" data-widget_type=\"text-editor.default\">\n\t\t\t\t<div class=\"elementor-widget-container\">\n\t\t\t<style>\/*! elementor - v3.10.1 - 17-01-2023 *\/\n.elementor-widget-text-editor.elementor-drop-cap-view-stacked .elementor-drop-cap{background-color:#818a91;color:#fff}.elementor-widget-text-editor.elementor-drop-cap-view-framed .elementor-drop-cap{color:#818a91;border:3px solid;background-color:transparent}.elementor-widget-text-editor:not(.elementor-drop-cap-view-default) .elementor-drop-cap{margin-top:8px}.elementor-widget-text-editor:not(.elementor-drop-cap-view-default) .elementor-drop-cap-letter{width:1em;height:1em}.elementor-widget-text-editor .elementor-drop-cap{float:left;text-align:center;line-height:1;font-size:50px}.elementor-widget-text-editor .elementor-drop-cap-letter{display:inline-block}<\/style>\t\t\t\t<p><strong>-El subsecretario de Gobierno invit\u00f3 a la poblaci\u00f3n a visitar la Feria de San Francisco Pachuca<\/strong><\/p><p><strong>-Destac\u00f3 que es un lugar seguro para disfrutar en familia<\/strong><\/p><p><strong>Pachuca, Hgo., 13 de octubre de 2023.-<\/strong>Eduardo Med\u00e9cigo Rubio, subsecretario de Gobierno, acudi\u00f3 a la Feria San Francisco Pachuca 2023, para ofrecer una audiencia p\u00fablica, donde destac\u00f3 la importancia de este evento para las y los hidalguenses.<\/p><p>Adem\u00e1s, realiz\u00f3 un recorrido por las instalaciones y manifest\u00f3 que desde la planificaci\u00f3n inicial de la feria, se buscaba presentar un nuevo modelo de feria: &#8220;Hay todo un esquema de trabajo detr\u00e1s, desde protecci\u00f3n civil, turismo, gobierno. Hoy ustedes pueden visitar los stands de cada una de las dependencias de manera directa y abierta&#8221;.<\/p><p>Med\u00e9cigo Rubio explic\u00f3 que en la feria de Pachuca se encuentran m\u00f3dulos de cada una de las secretar\u00edas que componen el gobierno del estado de Hidalgo:<\/p><p>&#8220;Van a encontrar informaci\u00f3n puntual de lo que hacemos en cada una de ellas, recuerden que ustedes son quienes pagan nuestro salario, y nosotros de manera arm\u00f3nica estamos trabajando para que ustedes vengan, disfruten la feria y se den un espacio, nos visiten y vean cu\u00e1les son los programas, obras y acciones que se llevan a cabo&#8221;, explic\u00f3.<\/p><p>De igual manera, mencion\u00f3 que el espacio de la Secretar\u00eda de Gobierno tiene las puertas abiertas, como lo ha instruido el titular del Ejecutivo estatal, Julio Menchaca Salazar: &#8220;As\u00ed lo ha manejado, lo ha dicho p\u00fablicamente y ahora hay que llevarlo a la pr\u00e1ctica a trav\u00e9s de estos ejercicios&#8221;.<\/p><p>Finalmente, Med\u00e9cigo Rubio invit\u00f3 a la poblaci\u00f3n a visitar la feria: &#8220;Es un lugar seguro para disfrutar al m\u00e1ximo en familia, los invitamos a que vengan, se ve m\u00e1s ordenada, hay mayor transparencia; consuman lo que en Hidalgo se produce, la gente que est\u00e1 aqu\u00ed ha hecho un gran esfuerzo por invertir su dinero en un peque\u00f1o negocio&#8221;.<\/p>\t\t\t\t\t\t<\/div>\n\t\t\t\t<\/div>\n\t\t\t\t\t<\/div>\n\t\t<\/div>\n\t\t\t\t\t\t\t<\/div>\n\t\t<\/section>\n\t\t\t\t\t\t\t<\/div>\n\t\t","protected":false},"excerpt":{"rendered":"<p>-El subsecretario de Gobierno invit\u00f3 a la poblaci\u00f3n a visitar la Feria de San Francisco Pachuca -Destac\u00f3 que es un lugar seguro para disfrutar en familia Pachuca, Hgo., 13 de octubre de 2023.-Eduardo Med\u00e9cigo Rubio, subsecretario de Gobierno, acudi\u00f3 a la Feria San Francisco Pachuca 2023, para ofrecer una audiencia p\u00fablica, donde destac\u00f3 la importancia [&hellip;]<\/p>\n","protected":false},"author":1,"featured_media":28624,"comment_status":"closed","ping_status":"open","sticky":false,"template":"","format":"standard","meta":[],"categories":[9],"tags":[],"_links":{"self":[{"href":"https:\/\/www.septinoticias.com.mx\/index.php?rest_route=\/wp\/v2\/posts\/28622"}],"collection":[{"href":"https:\/\/www.septinoticias.com.mx\/index.php?rest_route=\/wp\/v2\/posts"}],"about":[{"href":"https:\/\/www.septinoticias.com.mx\/index.php?rest_route=\/wp\/v2\/types\/post"}],"author":[{"embeddable":true,"href":"https:\/\/www.septinoticias.com.mx\/index.php?rest_route=\/wp\/v2\/users\/1"}],"replies":[{"embeddable":true,"href":"https:\/\/www.septinoticias.com.mx\/index.php?rest_route=%2Fwp%2Fv2%2Fcomments&post=28622"}],"version-history":[{"count":4,"href":"https:\/\/www.septinoticias.com.mx\/index.php?rest_route=\/wp\/v2\/posts\/28622\/revisions"}],"predecessor-version":[{"id":28627,"href":"https:\/\/www.septinoticias.com.mx\/index.php?rest_route=\/wp\/v2\/posts\/28622\/revisions\/28627"}],"wp:featuredmedia":[{"embeddable":true,"href":"https:\/\/www.septinoticias.com.mx\/index.php?rest_route=\/wp\/v2\/media\/28624"}],"wp:attachment":[{"href":"https:\/\/www.septinoticias.com.mx\/index.php?rest_route=%2Fwp%2Fv2%2Fmedia&parent=28622"}],"wp:term":[{"taxonomy":"category","embeddable":true,"href":"https:\/\/www.septinoticias.com.mx\/index.php?rest_route=%2Fwp%2Fv2%2Fcategories&post=28622"},{"taxonomy":"post_tag","embeddable":true,"href":"https:\/\/www.septinoticias.com.mx\/index.php?rest_route=%2Fwp%2Fv2%2Ftags&post=28622"}],"curies":[{"name":"wp","href":"https:\/\/api.w.org\/{rel}","templated":true}]}}