{"id":28616,"date":"2023-10-14T16:43:56","date_gmt":"2023-10-14T16:43:56","guid":{"rendered":"https:\/\/www.septinoticias.com.mx\/?p=28616"},"modified":"2023-10-14T16:44:46","modified_gmt":"2023-10-14T16:44:46","slug":"jaime-flores-el-talento-detras-de-la-cancion-oficial-de-la-feria-de-san-francisco","status":"publish","type":"post","link":"https:\/\/www.septinoticias.com.mx\/?p=28616","title":{"rendered":"Jaime Flores, el Talento Detr\u00e1s de la Canci\u00f3n Oficial de la Feria de San Francisco"},"content":{"rendered":"\t\t<div data-elementor-type=\"wp-post\" data-elementor-id=\"28616\" class=\"elementor elementor-28616\">\n\t\t\t\t\t\t\t\t\t<section class=\"elementor-section elementor-top-section elementor-element elementor-element-20bbcd3b elementor-section-boxed elementor-section-height-default elementor-section-height-default\" data-id=\"20bbcd3b\" data-element_type=\"section\">\n\t\t\t\t\t\t<div class=\"elementor-container elementor-column-gap-default\">\n\t\t\t\t\t<div class=\"elementor-column elementor-col-100 elementor-top-column elementor-element elementor-element-33be02ef\" data-id=\"33be02ef\" data-element_type=\"column\">\n\t\t\t<div class=\"elementor-widget-wrap elementor-element-populated\">\n\t\t\t\t\t\t\t\t<div class=\"elementor-element elementor-element-6c4a91f9 elementor-widget elementor-widget-text-editor\" data-id=\"6c4a91f9\" data-element_type=\"widget\" data-widget_type=\"text-editor.default\">\n\t\t\t\t<div class=\"elementor-widget-container\">\n\t\t\t<style>\/*! elementor - v3.10.1 - 17-01-2023 *\/\n.elementor-widget-text-editor.elementor-drop-cap-view-stacked .elementor-drop-cap{background-color:#818a91;color:#fff}.elementor-widget-text-editor.elementor-drop-cap-view-framed .elementor-drop-cap{color:#818a91;border:3px solid;background-color:transparent}.elementor-widget-text-editor:not(.elementor-drop-cap-view-default) .elementor-drop-cap{margin-top:8px}.elementor-widget-text-editor:not(.elementor-drop-cap-view-default) .elementor-drop-cap-letter{width:1em;height:1em}.elementor-widget-text-editor .elementor-drop-cap{float:left;text-align:center;line-height:1;font-size:50px}.elementor-widget-text-editor .elementor-drop-cap-letter{display:inline-block}<\/style>\t\t\t\t<p><strong>Pachuca, Hgo. 13 de octubre de 2023.-<\/strong>La Feria de San Francisco Pachuca Hidalgo, una de las fiestas m\u00e1s emblem\u00e1ticas de la entidad, se enriquece en su edici\u00f3n 2023 gracias al talento del hidalguense Jaime Flores, destacado compositor e int\u00e9rprete, encargado de crear la canci\u00f3n oficial de esta celebraci\u00f3n.<\/p><p>Flores, oriundo del municipio de Huejutla de Reyes, es conocido por la pasi\u00f3n que tiene por su tierra natal, y por fusionar con \u00e9xito elementos tradicionales de la m\u00fasica hidalguense con un toque contempor\u00e1neo. Prueba de ello es esta composici\u00f3n exclusiva que lleva por t\u00edtulo \u201cFeria de San Francisco\u201d, un homenaje a la rica cultura, historia y gastronom\u00eda de Hidalgo.<\/p><p>Esta colaboraci\u00f3n entre el cantautor y una de las fiestas m\u00e1s importantes de Hidalgo, representa un esfuerzo conjunto por enriquecer la experiencia de los asistentes y brindar un sentido de identidad. Con su estribillo pegajoso, el tema invita a la gente a unirse a la feria que \u201cLate con Orgullo\u201d.<\/p><p>\u201cFue un reto bien complicado, pero creo que describe perfectamente lo que es la feria de San Francisco, creo que describe las tradiciones, la gastronom\u00eda, la m\u00fasica de lo que somos en Hidalgo; y me sent\u00ed muy satisfecho con los resultados, creo que la gente que me encarg\u00f3 esta misi\u00f3n tambi\u00e9n qued\u00f3 muy conforme con lo que hice, y me siento muy honrado de saber que en la feria m\u00e1s representativa de nuestro estado est\u00e1 sonando una canci\u00f3n cantada por m\u00ed\u201d, expres\u00f3 Flores.<\/p><p>Cabe mencionar que, la noche del 12 de octubre, Jaime Flores se present\u00f3 en el Teatro del Pueblo como la \u00fanica estrella coestelar hidalguense que integra el cartel. All\u00ed interpret\u00f3 \u201cDesde la Ra\u00edz\u201d y composiciones suyas que han popularizado otros cantantes como \u201cQu\u00e9 l\u00e1stima\u201d y \u201cAyer ped\u00ed\u201d.<\/p>\t\t\t\t\t\t<\/div>\n\t\t\t\t<\/div>\n\t\t\t\t\t<\/div>\n\t\t<\/div>\n\t\t\t\t\t\t\t<\/div>\n\t\t<\/section>\n\t\t\t\t\t\t\t<\/div>\n\t\t","protected":false},"excerpt":{"rendered":"<p>Pachuca, Hgo. 13 de octubre de 2023.-La Feria de San Francisco Pachuca Hidalgo, una de las fiestas m\u00e1s emblem\u00e1ticas de la entidad, se enriquece en su edici\u00f3n 2023 gracias al talento del hidalguense Jaime Flores, destacado compositor e int\u00e9rprete, encargado de crear la canci\u00f3n oficial de esta celebraci\u00f3n. Flores, oriundo del municipio de Huejutla de [&hellip;]<\/p>\n","protected":false},"author":1,"featured_media":28618,"comment_status":"closed","ping_status":"open","sticky":false,"template":"","format":"standard","meta":[],"categories":[9],"tags":[],"_links":{"self":[{"href":"https:\/\/www.septinoticias.com.mx\/index.php?rest_route=\/wp\/v2\/posts\/28616"}],"collection":[{"href":"https:\/\/www.septinoticias.com.mx\/index.php?rest_route=\/wp\/v2\/posts"}],"about":[{"href":"https:\/\/www.septinoticias.com.mx\/index.php?rest_route=\/wp\/v2\/types\/post"}],"author":[{"embeddable":true,"href":"https:\/\/www.septinoticias.com.mx\/index.php?rest_route=\/wp\/v2\/users\/1"}],"replies":[{"embeddable":true,"href":"https:\/\/www.septinoticias.com.mx\/index.php?rest_route=%2Fwp%2Fv2%2Fcomments&post=28616"}],"version-history":[{"count":4,"href":"https:\/\/www.septinoticias.com.mx\/index.php?rest_route=\/wp\/v2\/posts\/28616\/revisions"}],"predecessor-version":[{"id":28621,"href":"https:\/\/www.septinoticias.com.mx\/index.php?rest_route=\/wp\/v2\/posts\/28616\/revisions\/28621"}],"wp:featuredmedia":[{"embeddable":true,"href":"https:\/\/www.septinoticias.com.mx\/index.php?rest_route=\/wp\/v2\/media\/28618"}],"wp:attachment":[{"href":"https:\/\/www.septinoticias.com.mx\/index.php?rest_route=%2Fwp%2Fv2%2Fmedia&parent=28616"}],"wp:term":[{"taxonomy":"category","embeddable":true,"href":"https:\/\/www.septinoticias.com.mx\/index.php?rest_route=%2Fwp%2Fv2%2Fcategories&post=28616"},{"taxonomy":"post_tag","embeddable":true,"href":"https:\/\/www.septinoticias.com.mx\/index.php?rest_route=%2Fwp%2Fv2%2Ftags&post=28616"}],"curies":[{"name":"wp","href":"https:\/\/api.w.org\/{rel}","templated":true}]}}