{"id":28512,"date":"2023-10-13T18:06:16","date_gmt":"2023-10-13T18:06:16","guid":{"rendered":"https:\/\/www.septinoticias.com.mx\/?p=28512"},"modified":"2023-10-13T18:58:51","modified_gmt":"2023-10-13T18:58:51","slug":"unidad-de-planeacion-prioriza-la-participacion-activa-y-democratica-de-las-y-los-hidalguenses","status":"publish","type":"post","link":"https:\/\/www.septinoticias.com.mx\/?p=28512","title":{"rendered":"Unidad de Planeaci\u00f3n Prioriza La Participaci\u00f3n Activa y Democr\u00e1tica de las y los Hidalguenses"},"content":{"rendered":"\t\t<div data-elementor-type=\"wp-post\" data-elementor-id=\"28512\" class=\"elementor elementor-28512\">\n\t\t\t\t\t\t\t\t\t<section class=\"elementor-section elementor-top-section elementor-element elementor-element-20bbcd3b elementor-section-boxed elementor-section-height-default elementor-section-height-default\" data-id=\"20bbcd3b\" data-element_type=\"section\">\n\t\t\t\t\t\t<div class=\"elementor-container elementor-column-gap-default\">\n\t\t\t\t\t<div class=\"elementor-column elementor-col-100 elementor-top-column elementor-element elementor-element-33be02ef\" data-id=\"33be02ef\" data-element_type=\"column\">\n\t\t\t<div class=\"elementor-widget-wrap elementor-element-populated\">\n\t\t\t\t\t\t\t\t<div class=\"elementor-element elementor-element-6c4a91f9 elementor-widget elementor-widget-text-editor\" data-id=\"6c4a91f9\" data-element_type=\"widget\" data-widget_type=\"text-editor.default\">\n\t\t\t\t<div class=\"elementor-widget-container\">\n\t\t\t<style>\/*! elementor - v3.10.1 - 17-01-2023 *\/\n.elementor-widget-text-editor.elementor-drop-cap-view-stacked .elementor-drop-cap{background-color:#818a91;color:#fff}.elementor-widget-text-editor.elementor-drop-cap-view-framed .elementor-drop-cap{color:#818a91;border:3px solid;background-color:transparent}.elementor-widget-text-editor:not(.elementor-drop-cap-view-default) .elementor-drop-cap{margin-top:8px}.elementor-widget-text-editor:not(.elementor-drop-cap-view-default) .elementor-drop-cap-letter{width:1em;height:1em}.elementor-widget-text-editor .elementor-drop-cap{float:left;text-align:center;line-height:1;font-size:50px}.elementor-widget-text-editor .elementor-drop-cap-letter{display:inline-block}<\/style>\t\t\t\t<p><strong>*Planeaci\u00f3n y Prospectiva de Hidalgo, se basa en un enfoque inclusivo, que se centra en la participaci\u00f3n activa y democr\u00e1tica de los hidalguenses en la toma de decisiones <\/strong><\/p><p><strong>*El titular de la dependencia destac\u00f3 la sinergia con autoridades locales, estatales y federales<\/strong><\/p><p><strong>Pachuca, Hgo., 12 octubre del 2023.-<\/strong>Con el prop\u00f3sito de contribuir en la rendici\u00f3n de cuentas y la participaci\u00f3n ciudadana en el estado, el titular de la Unidad de Planeaci\u00f3n y Prospectiva, Miguel \u00c1ngel Tello Vargas, compareci\u00f3 ante la LXV Legislatura del Congreso del Estado de Hidalgo, as\u00ed como la Comisi\u00f3n de Planeaci\u00f3n, presidida por la diputada Citlali Jaramillo, para informar el estado actual y las labores realizadas de la dependencia que encabeza.<\/p><p>Como parte de la glosa del Primer Informe de actividades del gobernador, Julio Menchaca Salazar, Tello Vargas resalt\u00f3 la importancia de una planificaci\u00f3n cuidadosa y equitativa, por lo que subray\u00f3 el compromiso del mandatario estatal para lograr un desarrollo igualitario en todos los municipios.<\/p><p>El servidor p\u00fablico indic\u00f3 que la transformaci\u00f3n que ha experimentado la Unidad de Planeaci\u00f3n y Prospectiva de Hidalgo, se basa en un enfoque inclusivo, mismo que se centra en la participaci\u00f3n activa y democr\u00e1tica de los hidalguenses en la toma de decisiones. En ese tenor, se instalaron los Comit\u00e9s de Planeaci\u00f3n para el Desarrollo Regional (Coplader) con la respectiva firma de Acuerdos con el Pueblo.<\/p><p>Adem\u00e1s, destac\u00f3 la sinergia con autoridades locales, estatales y federales para avanzar en la implementaci\u00f3n de una agenda metropolitana destinada a mejorar la calidad de vida en la zona metropolitana del estado.<\/p><p>En cuanto a la Agenda 2030, indic\u00f3 que el titular Ejecutivo sign\u00f3 convenios con UNFPA y PNUD, agencias de las Naciones Unidas, para la definici\u00f3n de cuatro proyectos estrat\u00e9gicos. Tambi\u00e9n resalt\u00f3 el trabajo en equipo con el Consejo Nacional de Evaluaci\u00f3n de la Pol\u00edtica de Desarrollo Social (Coneval) que ha permitido fortalecer las capacidades institucionales en planeaci\u00f3n, monitoreo y evaluaci\u00f3n, as\u00ed como un seguimiento m\u00e1s eficaz del impacto de las pol\u00edticas p\u00fablicas.<\/p><p>Asimismo, dijo que, al reconocer la importancia de la ciencia y la tecnolog\u00eda en el desarrollo de Hidalgo, se gestion\u00f3 el establecimiento de los programas de becas en el extranjero para estudiantes sobresalientes.<\/p><p>Al finalizar, manifest\u00f3 su compromiso de trabajar en colaboraci\u00f3n con los integrantes del gabinete, autoridades municipales, representantes de los tres poderes, as\u00ed como de la federaci\u00f3n, y sobre todo de la mano de las y los hidalguenses a fin de consolidar el Hidalgo que queremos.<\/p>\t\t\t\t\t\t<\/div>\n\t\t\t\t<\/div>\n\t\t\t\t\t<\/div>\n\t\t<\/div>\n\t\t\t\t\t\t\t<\/div>\n\t\t<\/section>\n\t\t\t\t\t\t\t<\/div>\n\t\t","protected":false},"excerpt":{"rendered":"<p>*Planeaci\u00f3n y Prospectiva de Hidalgo, se basa en un enfoque inclusivo, que se centra en la participaci\u00f3n activa y democr\u00e1tica de los hidalguenses en la toma de decisiones *El titular de la dependencia destac\u00f3 la sinergia con autoridades locales, estatales y federales Pachuca, Hgo., 12 octubre del 2023.-Con el prop\u00f3sito de contribuir en la rendici\u00f3n [&hellip;]<\/p>\n","protected":false},"author":1,"featured_media":28530,"comment_status":"closed","ping_status":"open","sticky":false,"template":"","format":"standard","meta":[],"categories":[9],"tags":[],"_links":{"self":[{"href":"https:\/\/www.septinoticias.com.mx\/index.php?rest_route=\/wp\/v2\/posts\/28512"}],"collection":[{"href":"https:\/\/www.septinoticias.com.mx\/index.php?rest_route=\/wp\/v2\/posts"}],"about":[{"href":"https:\/\/www.septinoticias.com.mx\/index.php?rest_route=\/wp\/v2\/types\/post"}],"author":[{"embeddable":true,"href":"https:\/\/www.septinoticias.com.mx\/index.php?rest_route=\/wp\/v2\/users\/1"}],"replies":[{"embeddable":true,"href":"https:\/\/www.septinoticias.com.mx\/index.php?rest_route=%2Fwp%2Fv2%2Fcomments&post=28512"}],"version-history":[{"count":7,"href":"https:\/\/www.septinoticias.com.mx\/index.php?rest_route=\/wp\/v2\/posts\/28512\/revisions"}],"predecessor-version":[{"id":28533,"href":"https:\/\/www.septinoticias.com.mx\/index.php?rest_route=\/wp\/v2\/posts\/28512\/revisions\/28533"}],"wp:featuredmedia":[{"embeddable":true,"href":"https:\/\/www.septinoticias.com.mx\/index.php?rest_route=\/wp\/v2\/media\/28530"}],"wp:attachment":[{"href":"https:\/\/www.septinoticias.com.mx\/index.php?rest_route=%2Fwp%2Fv2%2Fmedia&parent=28512"}],"wp:term":[{"taxonomy":"category","embeddable":true,"href":"https:\/\/www.septinoticias.com.mx\/index.php?rest_route=%2Fwp%2Fv2%2Fcategories&post=28512"},{"taxonomy":"post_tag","embeddable":true,"href":"https:\/\/www.septinoticias.com.mx\/index.php?rest_route=%2Fwp%2Fv2%2Ftags&post=28512"}],"curies":[{"name":"wp","href":"https:\/\/api.w.org\/{rel}","templated":true}]}}