{"id":27717,"date":"2023-10-07T15:29:47","date_gmt":"2023-10-07T15:29:47","guid":{"rendered":"https:\/\/www.septinoticias.com.mx\/?p=27717"},"modified":"2023-10-07T15:31:11","modified_gmt":"2023-10-07T15:31:11","slug":"impulsa-gobierno-estatal-el-empoderamiento-de-la-juventud-hidalguense","status":"publish","type":"post","link":"https:\/\/www.septinoticias.com.mx\/?p=27717","title":{"rendered":"Impulsa Gobierno Estatal el Empoderamiento de la Juventud Hidalguense"},"content":{"rendered":"\t\t<div data-elementor-type=\"wp-post\" data-elementor-id=\"27717\" class=\"elementor elementor-27717\">\n\t\t\t\t\t\t\t\t\t<section class=\"elementor-section elementor-top-section elementor-element elementor-element-20bbcd3b elementor-section-boxed elementor-section-height-default elementor-section-height-default\" data-id=\"20bbcd3b\" data-element_type=\"section\">\n\t\t\t\t\t\t<div class=\"elementor-container elementor-column-gap-default\">\n\t\t\t\t\t<div class=\"elementor-column elementor-col-100 elementor-top-column elementor-element elementor-element-33be02ef\" data-id=\"33be02ef\" data-element_type=\"column\">\n\t\t\t<div class=\"elementor-widget-wrap elementor-element-populated\">\n\t\t\t\t\t\t\t\t<div class=\"elementor-element elementor-element-6c4a91f9 elementor-widget elementor-widget-text-editor\" data-id=\"6c4a91f9\" data-element_type=\"widget\" data-widget_type=\"text-editor.default\">\n\t\t\t\t<div class=\"elementor-widget-container\">\n\t\t\t<style>\/*! elementor - v3.10.1 - 17-01-2023 *\/\n.elementor-widget-text-editor.elementor-drop-cap-view-stacked .elementor-drop-cap{background-color:#818a91;color:#fff}.elementor-widget-text-editor.elementor-drop-cap-view-framed .elementor-drop-cap{color:#818a91;border:3px solid;background-color:transparent}.elementor-widget-text-editor:not(.elementor-drop-cap-view-default) .elementor-drop-cap{margin-top:8px}.elementor-widget-text-editor:not(.elementor-drop-cap-view-default) .elementor-drop-cap-letter{width:1em;height:1em}.elementor-widget-text-editor .elementor-drop-cap{float:left;text-align:center;line-height:1;font-size:50px}.elementor-widget-text-editor .elementor-drop-cap-letter{display:inline-block}<\/style>\t\t\t\t<p><strong>-INHJUVE firma convenio con Fundaci\u00f3n Claudia Sandoval <\/strong><\/p><p><strong>Pachuca, Hgo., 6 de octubre de 2023.-<\/strong>El Instituto Hidalguense de la Juventud (INHJUVE) y la Fundaci\u00f3n Claudia Sandoval, formalizaron una alianza estrat\u00e9gica con el objetivo de impulsar el desarrollo integral de la juventud hidalguense, tanto en zonas urbanas como rurales.<\/p><p>La firma de este acuerdo la encabezaron el director general del INHJUVE, Ricardo Olvera Molina, y Claudia Aribee Sandoval, fundadora y directora de la Fundaci\u00f3n, con el prop\u00f3sito primordial de fomentar la expresi\u00f3n art\u00edstica en comunidades ind\u00edgenas, preservar sus lenguas originarias, y respaldar la promoci\u00f3n y protecci\u00f3n de los derechos humanos en el contexto de la juventud.<\/p><p>Olvera Molina destac\u00f3 la importancia de estas colaboraciones con fundaciones ubicadas en municipios distantes. Expres\u00f3: &#8220;En administraciones pasadas, muchas voces valiosas de nuestra juventud quedaron marginadas y sin la debida atenci\u00f3n. Hoy, bajo la instrucci\u00f3n del gobernador Julio Menchaca Salazar, estamos comprometidos en que ninguna voz se quede sin ser escuchada\u201d.<\/p><p>La fundaci\u00f3n Claudia Sandoval, con sede en el municipio de Atitalaquia, opera una amplia gama de programas y actividades dise\u00f1ados para fortalecer las capacidades y habilidades de los j\u00f3venes, incluyendo iniciativas en el \u00e1mbito deportivo, actividades recreativas y apoyo a comunidades en zonas remotas.<\/p><p>Como parte integral de este convenio, se acord\u00f3 la promoci\u00f3n conjunta y la difusi\u00f3n de programas y actividades destinados a empoderar a la juventud y mejorar sus condiciones de vida. Esta colaboraci\u00f3n representa un importante paso hacia el fortalecimiento de las oportunidades y el bienestar de la juventud hidalguense.<\/p>\t\t\t\t\t\t<\/div>\n\t\t\t\t<\/div>\n\t\t\t\t\t<\/div>\n\t\t<\/div>\n\t\t\t\t\t\t\t<\/div>\n\t\t<\/section>\n\t\t\t\t\t\t\t<\/div>\n\t\t","protected":false},"excerpt":{"rendered":"<p>-INHJUVE firma convenio con Fundaci\u00f3n Claudia Sandoval Pachuca, Hgo., 6 de octubre de 2023.-El Instituto Hidalguense de la Juventud (INHJUVE) y la Fundaci\u00f3n Claudia Sandoval, formalizaron una alianza estrat\u00e9gica con el objetivo de impulsar el desarrollo integral de la juventud hidalguense, tanto en zonas urbanas como rurales. La firma de este acuerdo la encabezaron el [&hellip;]<\/p>\n","protected":false},"author":1,"featured_media":27719,"comment_status":"closed","ping_status":"open","sticky":false,"template":"","format":"standard","meta":[],"categories":[9],"tags":[],"_links":{"self":[{"href":"https:\/\/www.septinoticias.com.mx\/index.php?rest_route=\/wp\/v2\/posts\/27717"}],"collection":[{"href":"https:\/\/www.septinoticias.com.mx\/index.php?rest_route=\/wp\/v2\/posts"}],"about":[{"href":"https:\/\/www.septinoticias.com.mx\/index.php?rest_route=\/wp\/v2\/types\/post"}],"author":[{"embeddable":true,"href":"https:\/\/www.septinoticias.com.mx\/index.php?rest_route=\/wp\/v2\/users\/1"}],"replies":[{"embeddable":true,"href":"https:\/\/www.septinoticias.com.mx\/index.php?rest_route=%2Fwp%2Fv2%2Fcomments&post=27717"}],"version-history":[{"count":4,"href":"https:\/\/www.septinoticias.com.mx\/index.php?rest_route=\/wp\/v2\/posts\/27717\/revisions"}],"predecessor-version":[{"id":27722,"href":"https:\/\/www.septinoticias.com.mx\/index.php?rest_route=\/wp\/v2\/posts\/27717\/revisions\/27722"}],"wp:featuredmedia":[{"embeddable":true,"href":"https:\/\/www.septinoticias.com.mx\/index.php?rest_route=\/wp\/v2\/media\/27719"}],"wp:attachment":[{"href":"https:\/\/www.septinoticias.com.mx\/index.php?rest_route=%2Fwp%2Fv2%2Fmedia&parent=27717"}],"wp:term":[{"taxonomy":"category","embeddable":true,"href":"https:\/\/www.septinoticias.com.mx\/index.php?rest_route=%2Fwp%2Fv2%2Fcategories&post=27717"},{"taxonomy":"post_tag","embeddable":true,"href":"https:\/\/www.septinoticias.com.mx\/index.php?rest_route=%2Fwp%2Fv2%2Ftags&post=27717"}],"curies":[{"name":"wp","href":"https:\/\/api.w.org\/{rel}","templated":true}]}}