{"id":27705,"date":"2023-10-07T15:27:12","date_gmt":"2023-10-07T15:27:12","guid":{"rendered":"https:\/\/www.septinoticias.com.mx\/?p=27705"},"modified":"2023-10-07T15:28:23","modified_gmt":"2023-10-07T15:28:23","slug":"tradicion-y-destreza-presentes-en-el-pabellon-artesanal-de-la-feria-de-san-francisco-pachuca-2023","status":"publish","type":"post","link":"https:\/\/www.septinoticias.com.mx\/?p=27705","title":{"rendered":"Tradici\u00f3n y Destreza, Presentes en el Pabell\u00f3n Artesanal de la Feria de San Francisco Pachuca 2023"},"content":{"rendered":"\t\t<div data-elementor-type=\"wp-post\" data-elementor-id=\"27705\" class=\"elementor elementor-27705\">\n\t\t\t\t\t\t\t\t\t<section class=\"elementor-section elementor-top-section elementor-element elementor-element-20bbcd3b elementor-section-boxed elementor-section-height-default elementor-section-height-default\" data-id=\"20bbcd3b\" data-element_type=\"section\">\n\t\t\t\t\t\t<div class=\"elementor-container elementor-column-gap-default\">\n\t\t\t\t\t<div class=\"elementor-column elementor-col-100 elementor-top-column elementor-element elementor-element-33be02ef\" data-id=\"33be02ef\" data-element_type=\"column\">\n\t\t\t<div class=\"elementor-widget-wrap elementor-element-populated\">\n\t\t\t\t\t\t\t\t<div class=\"elementor-element elementor-element-6c4a91f9 elementor-widget elementor-widget-text-editor\" data-id=\"6c4a91f9\" data-element_type=\"widget\" data-widget_type=\"text-editor.default\">\n\t\t\t\t<div class=\"elementor-widget-container\">\n\t\t\t<style>\/*! elementor - v3.10.1 - 17-01-2023 *\/\n.elementor-widget-text-editor.elementor-drop-cap-view-stacked .elementor-drop-cap{background-color:#818a91;color:#fff}.elementor-widget-text-editor.elementor-drop-cap-view-framed .elementor-drop-cap{color:#818a91;border:3px solid;background-color:transparent}.elementor-widget-text-editor:not(.elementor-drop-cap-view-default) .elementor-drop-cap{margin-top:8px}.elementor-widget-text-editor:not(.elementor-drop-cap-view-default) .elementor-drop-cap-letter{width:1em;height:1em}.elementor-widget-text-editor .elementor-drop-cap{float:left;text-align:center;line-height:1;font-size:50px}.elementor-widget-text-editor .elementor-drop-cap-letter{display:inline-block}<\/style>\t\t\t\t<p><strong>Pachuca, Hgo., 6 de octubre de 2023.-<\/strong>En el Pabell\u00f3n Artesanal de la Feria de San Francisco Pachuca Hidalgo 2023 destacan el colorido y la tradici\u00f3n que hay en las piezas elaboradas por m\u00e1s de 140 artesanos de 42 municipios.<\/p><p>Los visitantes pueden apreciar las creaciones de las diestras manos hidalguenses como los bordados de Tenango de Doria, metalister\u00eda de Tulancingo de Bravo, lapidaria de Huichapan, textiles confeccionados en telar de cintura del Valle del Mezquital, piezas de fibra vegetal, como ixtle, de Cardonal, plater\u00eda de Mineral de la Reforma, entre otras m\u00e1s.<\/p><p>Llama la atenci\u00f3n el stand de \u201cArtesan\u00edas penitenciarias\u201d, que pertenece a la Subsecretar\u00eda de Reinserci\u00f3n Social de la Secretar\u00eda de Seguridad P\u00fablica. Maricruz Ja\u00e9n Mel\u00e9ndez, quien labora ah\u00ed, explic\u00f3 que en este espacio del pabell\u00f3n se pueden apreciar piezas realizadas por personas privadas de su libertad que se encuentran en los Centros de Reintegraci\u00f3n Social (Cereso) del estado.<\/p><p>Indic\u00f3 que hay trabajos elaborados en Ixmiquilpan, Mixquiahuala, Pachuca, Molango y en el Consejo Tutelar para Menores, e invit\u00f3 a los visitantes a apoyar a quienes fabrican estas artesan\u00edas como parte de su trabajo.<\/p><p>Durante el recorrido por el pabell\u00f3n es posible observar a algunas personas mientras elaboran sus creaciones, tal es el caso de Rosa G\u00f3mez G\u00f3mez, de la comunidad del Pa\u00f1h\u00e9 en el municipio de Tecozautla, quien coment\u00f3 que lleva tres a\u00f1os asistiendo a la Feria para vender sus productos de carrizo, sin embargo, hace d\u00e9cadas que se dedica a la elaboraci\u00f3n de canastas y l\u00e1mparas junto con su familia.<\/p><p>Antonio Gonz\u00e1lez Castillo, originario de la comunidad de Carpinteros de San Agust\u00edn Metzquititl\u00e1n, expres\u00f3: \u201cEstamos aqu\u00ed en la Feria de San Francisco, una vez m\u00e1s, exponiendo y vendiendo nuestros productos, que son m\u00e1scaras de madera talladas a mano, son tradicionales para el Xantolo o el carnaval\u201d.<\/p><p>Tanto las m\u00e1scaras como otras piezas ornamentales que realiza, tienen un precio justo, pues no hay intermediarios, &#8220;van de la mano del artesano a la mano del cliente&#8221;, afirm\u00f3.<\/p><p>En el Pabell\u00f3n Artesanal se ofrecen diversos trabajos que son muestra de la destreza y tradici\u00f3n que hay en la entidad. Adem\u00e1s, las artesanas y los artesanos no pagan por sus espacios y obtienen el 100 por ciento de las ganancias por sus ventas.<\/p>\t\t\t\t\t\t<\/div>\n\t\t\t\t<\/div>\n\t\t\t\t\t<\/div>\n\t\t<\/div>\n\t\t\t\t\t\t\t<\/div>\n\t\t<\/section>\n\t\t\t\t\t\t\t<\/div>\n\t\t","protected":false},"excerpt":{"rendered":"<p>Pachuca, Hgo., 6 de octubre de 2023.-En el Pabell\u00f3n Artesanal de la Feria de San Francisco Pachuca Hidalgo 2023 destacan el colorido y la tradici\u00f3n que hay en las piezas elaboradas por m\u00e1s de 140 artesanos de 42 municipios. Los visitantes pueden apreciar las creaciones de las diestras manos hidalguenses como los bordados de Tenango [&hellip;]<\/p>\n","protected":false},"author":1,"featured_media":27707,"comment_status":"closed","ping_status":"open","sticky":false,"template":"","format":"standard","meta":[],"categories":[9],"tags":[],"_links":{"self":[{"href":"https:\/\/www.septinoticias.com.mx\/index.php?rest_route=\/wp\/v2\/posts\/27705"}],"collection":[{"href":"https:\/\/www.septinoticias.com.mx\/index.php?rest_route=\/wp\/v2\/posts"}],"about":[{"href":"https:\/\/www.septinoticias.com.mx\/index.php?rest_route=\/wp\/v2\/types\/post"}],"author":[{"embeddable":true,"href":"https:\/\/www.septinoticias.com.mx\/index.php?rest_route=\/wp\/v2\/users\/1"}],"replies":[{"embeddable":true,"href":"https:\/\/www.septinoticias.com.mx\/index.php?rest_route=%2Fwp%2Fv2%2Fcomments&post=27705"}],"version-history":[{"count":4,"href":"https:\/\/www.septinoticias.com.mx\/index.php?rest_route=\/wp\/v2\/posts\/27705\/revisions"}],"predecessor-version":[{"id":27710,"href":"https:\/\/www.septinoticias.com.mx\/index.php?rest_route=\/wp\/v2\/posts\/27705\/revisions\/27710"}],"wp:featuredmedia":[{"embeddable":true,"href":"https:\/\/www.septinoticias.com.mx\/index.php?rest_route=\/wp\/v2\/media\/27707"}],"wp:attachment":[{"href":"https:\/\/www.septinoticias.com.mx\/index.php?rest_route=%2Fwp%2Fv2%2Fmedia&parent=27705"}],"wp:term":[{"taxonomy":"category","embeddable":true,"href":"https:\/\/www.septinoticias.com.mx\/index.php?rest_route=%2Fwp%2Fv2%2Fcategories&post=27705"},{"taxonomy":"post_tag","embeddable":true,"href":"https:\/\/www.septinoticias.com.mx\/index.php?rest_route=%2Fwp%2Fv2%2Ftags&post=27705"}],"curies":[{"name":"wp","href":"https:\/\/api.w.org\/{rel}","templated":true}]}}