{"id":24164,"date":"2023-09-07T15:49:30","date_gmt":"2023-09-07T15:49:30","guid":{"rendered":"https:\/\/www.septinoticias.com.mx\/?p=24164"},"modified":"2023-09-07T15:51:52","modified_gmt":"2023-09-07T15:51:52","slug":"oei-imparte-conferencia-ante-personal-educativo-de-hidalgo","status":"publish","type":"post","link":"https:\/\/www.septinoticias.com.mx\/?p=24164","title":{"rendered":"OEI Imparte Conferencia Ante Personal Educativo de Hidalgo"},"content":{"rendered":"\t\t<div data-elementor-type=\"wp-post\" data-elementor-id=\"24164\" class=\"elementor elementor-24164\">\n\t\t\t\t\t\t\t\t\t<section class=\"elementor-section elementor-top-section elementor-element elementor-element-20bbcd3b elementor-section-boxed elementor-section-height-default elementor-section-height-default\" data-id=\"20bbcd3b\" data-element_type=\"section\">\n\t\t\t\t\t\t<div class=\"elementor-container elementor-column-gap-default\">\n\t\t\t\t\t<div class=\"elementor-column elementor-col-100 elementor-top-column elementor-element elementor-element-33be02ef\" data-id=\"33be02ef\" data-element_type=\"column\">\n\t\t\t<div class=\"elementor-widget-wrap elementor-element-populated\">\n\t\t\t\t\t\t\t\t<div class=\"elementor-element elementor-element-6c4a91f9 elementor-widget elementor-widget-text-editor\" data-id=\"6c4a91f9\" data-element_type=\"widget\" data-widget_type=\"text-editor.default\">\n\t\t\t\t<div class=\"elementor-widget-container\">\n\t\t\t<style>\/*! elementor - v3.10.1 - 17-01-2023 *\/\n.elementor-widget-text-editor.elementor-drop-cap-view-stacked .elementor-drop-cap{background-color:#818a91;color:#fff}.elementor-widget-text-editor.elementor-drop-cap-view-framed .elementor-drop-cap{color:#818a91;border:3px solid;background-color:transparent}.elementor-widget-text-editor:not(.elementor-drop-cap-view-default) .elementor-drop-cap{margin-top:8px}.elementor-widget-text-editor:not(.elementor-drop-cap-view-default) .elementor-drop-cap-letter{width:1em;height:1em}.elementor-widget-text-editor .elementor-drop-cap{float:left;text-align:center;line-height:1;font-size:50px}.elementor-widget-text-editor .elementor-drop-cap-letter{display:inline-block}<\/style>\t\t\t\t<p><strong>-Pl\u00e1tica aborda tema socioemocional en las aulas <\/strong><\/p><p><strong>Pachuca, Hgo., 6 de septiembre de 2023.-<\/strong>Con el objetivo de proporcionar herramientas de aprendizaje dirigidas al personal educativo, la Secretar\u00eda de Educaci\u00f3n P\u00fablica de Hidalgo (SEPH), a trav\u00e9s de la Organizaci\u00f3n de Estados Iberoamericanos para la Educaci\u00f3n, la Ciencia y la Cultura (OEI), imparti\u00f3 la conferencia magistral: \u201cBienestar emocional. Acompa\u00f1amiento integral en el aula\u201d, bajo la ponencia de Rafael Bisquerra Alzina.<\/p><p>Ante una asistencia de 800 personas, entre docentes, autoridades educativas, y personal del programa Educaci\u00f3n Socioemocional en Hidalgo, el titular de la SEPH, Natividad Castrej\u00f3n Valdez, indic\u00f3 que el gobierno que encabeza Julio Menchaca Salazar implementa un programa de educaci\u00f3n socioemocional que busca atender a ni\u00f1as, ni\u00f1os, adolescentes y j\u00f3venes, as\u00ed como actores educativos y familias, para moldear habilidades que favorezcan el desarrollo integral y el bienestar general.<\/p><p>Castrej\u00f3n Valdez puntualiz\u00f3 que de forma conjunta se est\u00e1 dise\u00f1ando un instrumento para la detecci\u00f3n de la condici\u00f3n socioemocional de la comunidad educativa en el estado, y se trabaja en colaboraci\u00f3n por medio de un convenio con MEJOREDU \u2014instituci\u00f3n p\u00fablica cuya misi\u00f3n es impulsar la mejora continua de la educaci\u00f3n b\u00e1sica, media superior, inclusiva y de adultos\u2014.<\/p><p>X\u00f3chitl Patricia Aldana Maldonado, representante permanente en M\u00e9xico de la OEI, detall\u00f3 que desde dicho organismo se han posicionado estos temas como l\u00edneas de acci\u00f3n prioritarias, ya que las habilidades y competencias emocionales, son herramientas claves para el desarrollo integral y la creaci\u00f3n de contextos favorables dentro y fuera del aula, que permiten promover y ofrecer una educaci\u00f3n inclusiva y de calidad.<\/p><p>\u201cNos hemos dado a la tarea de promover un modelo educativo que se centre en los docentes y que busque promover el fortalecimiento de sus habilidades cognitivas y socioemocionales\u201d, a\u00f1adi\u00f3.\u00a0\u00a0<\/p><p>El secretario de Educaci\u00f3n en Hidalgo agradeci\u00f3 a la OEI por hacer posible estas actividades, y por trabajar para que el programa del estado pueda ser revisado por las principales autoridades mundiales.<\/p><p>En esta actividad estuvieron presentes autoridades y personal del sector educativo estatal, as\u00ed como federal.<\/p>\t\t\t\t\t\t<\/div>\n\t\t\t\t<\/div>\n\t\t\t\t\t<\/div>\n\t\t<\/div>\n\t\t\t\t\t\t\t<\/div>\n\t\t<\/section>\n\t\t\t\t\t\t\t<\/div>\n\t\t","protected":false},"excerpt":{"rendered":"<p>-Pl\u00e1tica aborda tema socioemocional en las aulas Pachuca, Hgo., 6 de septiembre de 2023.-Con el objetivo de proporcionar herramientas de aprendizaje dirigidas al personal educativo, la Secretar\u00eda de Educaci\u00f3n P\u00fablica de Hidalgo (SEPH), a trav\u00e9s de la Organizaci\u00f3n de Estados Iberoamericanos para la Educaci\u00f3n, la Ciencia y la Cultura (OEI), imparti\u00f3 la conferencia magistral: \u201cBienestar [&hellip;]<\/p>\n","protected":false},"author":1,"featured_media":24166,"comment_status":"closed","ping_status":"open","sticky":false,"template":"","format":"standard","meta":[],"categories":[4],"tags":[],"_links":{"self":[{"href":"https:\/\/www.septinoticias.com.mx\/index.php?rest_route=\/wp\/v2\/posts\/24164"}],"collection":[{"href":"https:\/\/www.septinoticias.com.mx\/index.php?rest_route=\/wp\/v2\/posts"}],"about":[{"href":"https:\/\/www.septinoticias.com.mx\/index.php?rest_route=\/wp\/v2\/types\/post"}],"author":[{"embeddable":true,"href":"https:\/\/www.septinoticias.com.mx\/index.php?rest_route=\/wp\/v2\/users\/1"}],"replies":[{"embeddable":true,"href":"https:\/\/www.septinoticias.com.mx\/index.php?rest_route=%2Fwp%2Fv2%2Fcomments&post=24164"}],"version-history":[{"count":4,"href":"https:\/\/www.septinoticias.com.mx\/index.php?rest_route=\/wp\/v2\/posts\/24164\/revisions"}],"predecessor-version":[{"id":24169,"href":"https:\/\/www.septinoticias.com.mx\/index.php?rest_route=\/wp\/v2\/posts\/24164\/revisions\/24169"}],"wp:featuredmedia":[{"embeddable":true,"href":"https:\/\/www.septinoticias.com.mx\/index.php?rest_route=\/wp\/v2\/media\/24166"}],"wp:attachment":[{"href":"https:\/\/www.septinoticias.com.mx\/index.php?rest_route=%2Fwp%2Fv2%2Fmedia&parent=24164"}],"wp:term":[{"taxonomy":"category","embeddable":true,"href":"https:\/\/www.septinoticias.com.mx\/index.php?rest_route=%2Fwp%2Fv2%2Fcategories&post=24164"},{"taxonomy":"post_tag","embeddable":true,"href":"https:\/\/www.septinoticias.com.mx\/index.php?rest_route=%2Fwp%2Fv2%2Ftags&post=24164"}],"curies":[{"name":"wp","href":"https:\/\/api.w.org\/{rel}","templated":true}]}}