{"id":2379,"date":"2023-02-08T17:57:10","date_gmt":"2023-02-08T17:57:10","guid":{"rendered":"https:\/\/www.septinoticias.com.mx\/?p=2379"},"modified":"2023-02-08T18:21:55","modified_gmt":"2023-02-08T18:21:55","slug":"seleccionados-hidalguenses-al-regional-de-ajedrez","status":"publish","type":"post","link":"https:\/\/www.septinoticias.com.mx\/?p=2379","title":{"rendered":"Seleccionados Hidalguenses al Regional de Ajedrez"},"content":{"rendered":"\t\t<div data-elementor-type=\"wp-post\" data-elementor-id=\"2379\" class=\"elementor elementor-2379\">\n\t\t\t\t\t\t\t\t\t<section class=\"elementor-section elementor-top-section elementor-element elementor-element-20bbcd3b elementor-section-boxed elementor-section-height-default elementor-section-height-default\" data-id=\"20bbcd3b\" data-element_type=\"section\">\n\t\t\t\t\t\t<div class=\"elementor-container elementor-column-gap-default\">\n\t\t\t\t\t<div class=\"elementor-column elementor-col-100 elementor-top-column elementor-element elementor-element-33be02ef\" data-id=\"33be02ef\" data-element_type=\"column\">\n\t\t\t<div class=\"elementor-widget-wrap elementor-element-populated\">\n\t\t\t\t\t\t\t\t<div class=\"elementor-element elementor-element-6c4a91f9 elementor-widget elementor-widget-text-editor\" data-id=\"6c4a91f9\" data-element_type=\"widget\" data-widget_type=\"text-editor.default\">\n\t\t\t\t<div class=\"elementor-widget-container\">\n\t\t\t<style>\/*! elementor - v3.10.1 - 17-01-2023 *\/\n.elementor-widget-text-editor.elementor-drop-cap-view-stacked .elementor-drop-cap{background-color:#818a91;color:#fff}.elementor-widget-text-editor.elementor-drop-cap-view-framed .elementor-drop-cap{color:#818a91;border:3px solid;background-color:transparent}.elementor-widget-text-editor:not(.elementor-drop-cap-view-default) .elementor-drop-cap{margin-top:8px}.elementor-widget-text-editor:not(.elementor-drop-cap-view-default) .elementor-drop-cap-letter{width:1em;height:1em}.elementor-widget-text-editor .elementor-drop-cap{float:left;text-align:center;line-height:1;font-size:50px}.elementor-widget-text-editor .elementor-drop-cap-letter{display:inline-block}<\/style>\t\t\t\t<p><strong>&#8211; El selectivo se realiz\u00f3 en el municipio de Tlaxcoapan, los d\u00edas cuatro y cinco de febrero.<\/strong><\/p><p><strong>&#8211; Los clasificados viajar\u00e1n a Tlaxcala donde vivir\u00e1n la etapa regional de la disciplina.<\/strong><\/p><p><strong>Pachuca de Soto, Hgo., a 7 de febrero de 2023.-<\/strong>Con el objetivo de conformar la selecci\u00f3n hidalguense rumbo a los Nacionales CONADE 2023, la Asociaci\u00f3n de Ajedrecistas del Estado de Hidalgo, bajo la direcci\u00f3n de Jorge Armando Garc\u00eda Hern\u00e1ndez, llev\u00f3 a cabo la fase estatal de la disciplina en el municipio de Tlaxcoapan.<\/p><p>Teniendo la participaci\u00f3n de 185 deportistas, Hidalgo clasific\u00f3 a 12 ajedrecistas, en la sub 12, Fernanda Sarahi Barraza Mart\u00ednez, Luna Medrano Eslava, Emiliano Sebasti\u00e1n Hern\u00e1ndez Hurtado e Iker Rodr\u00edguez Peralta, lograron su boleto a la siguiente fase.<\/p><p>En la categor\u00eda sub 14, Alondra Sarahi Zamora M\u00e1rquez, Ximena Hern\u00e1ndez Mart\u00ednez, Anthony Sol\u00eds Reyes y Carlos Daniel Maya Rojas, se sumaron a la lista que viajar\u00e1 al regional, mientras que Laila Jimena Olgu\u00edn Montiel, Mat\u00edas Uziel Alvarado Rubio y Luis \u00c1ngel Islas \u00c1lvarez, conquistaron de igual forma su pase.<\/p><p>Los hidalguenses, viajar\u00e1n al estado de Tlaxcala donde vivir\u00e1n la fase regional de la disciplina y donde buscar\u00e1n su pase a la fase nacional.<\/p>\t\t\t\t\t\t<\/div>\n\t\t\t\t<\/div>\n\t\t\t\t\t<\/div>\n\t\t<\/div>\n\t\t\t\t\t\t\t<\/div>\n\t\t<\/section>\n\t\t\t\t\t\t\t<\/div>\n\t\t","protected":false},"excerpt":{"rendered":"<p>&#8211; El selectivo se realiz\u00f3 en el municipio de Tlaxcoapan, los d\u00edas cuatro y cinco de febrero. &#8211; Los clasificados viajar\u00e1n a Tlaxcala donde vivir\u00e1n la etapa regional de la disciplina. Pachuca de Soto, Hgo., a 7 de febrero de 2023.-Con el objetivo de conformar la selecci\u00f3n hidalguense rumbo a los Nacionales CONADE 2023, la [&hellip;]<\/p>\n","protected":false},"author":1,"featured_media":2447,"comment_status":"closed","ping_status":"closed","sticky":false,"template":"","format":"standard","meta":[],"categories":[6],"tags":[],"_links":{"self":[{"href":"https:\/\/www.septinoticias.com.mx\/index.php?rest_route=\/wp\/v2\/posts\/2379"}],"collection":[{"href":"https:\/\/www.septinoticias.com.mx\/index.php?rest_route=\/wp\/v2\/posts"}],"about":[{"href":"https:\/\/www.septinoticias.com.mx\/index.php?rest_route=\/wp\/v2\/types\/post"}],"author":[{"embeddable":true,"href":"https:\/\/www.septinoticias.com.mx\/index.php?rest_route=\/wp\/v2\/users\/1"}],"replies":[{"embeddable":true,"href":"https:\/\/www.septinoticias.com.mx\/index.php?rest_route=%2Fwp%2Fv2%2Fcomments&post=2379"}],"version-history":[{"count":4,"href":"https:\/\/www.septinoticias.com.mx\/index.php?rest_route=\/wp\/v2\/posts\/2379\/revisions"}],"predecessor-version":[{"id":2450,"href":"https:\/\/www.septinoticias.com.mx\/index.php?rest_route=\/wp\/v2\/posts\/2379\/revisions\/2450"}],"wp:featuredmedia":[{"embeddable":true,"href":"https:\/\/www.septinoticias.com.mx\/index.php?rest_route=\/wp\/v2\/media\/2447"}],"wp:attachment":[{"href":"https:\/\/www.septinoticias.com.mx\/index.php?rest_route=%2Fwp%2Fv2%2Fmedia&parent=2379"}],"wp:term":[{"taxonomy":"category","embeddable":true,"href":"https:\/\/www.septinoticias.com.mx\/index.php?rest_route=%2Fwp%2Fv2%2Fcategories&post=2379"},{"taxonomy":"post_tag","embeddable":true,"href":"https:\/\/www.septinoticias.com.mx\/index.php?rest_route=%2Fwp%2Fv2%2Ftags&post=2379"}],"curies":[{"name":"wp","href":"https:\/\/api.w.org\/{rel}","templated":true}]}}