{"id":2141,"date":"2023-02-03T18:16:36","date_gmt":"2023-02-03T18:16:36","guid":{"rendered":"https:\/\/www.septinoticias.com.mx\/?p=2141"},"modified":"2023-02-04T18:17:18","modified_gmt":"2023-02-04T18:17:18","slug":"upt-fortalece-vinculacion-internacional-la-ecci-permite-acreditar-a-sus-estudiantes-como-ingenieros","status":"publish","type":"post","link":"https:\/\/www.septinoticias.com.mx\/?p=2141","title":{"rendered":"UPT Fortalece Vinculaci\u00f3n Internacional, la ECCI Permite Acreditar a sus Estudiantes como Ingenieros"},"content":{"rendered":"\t\t<div data-elementor-type=\"wp-post\" data-elementor-id=\"2141\" class=\"elementor elementor-2141\">\n\t\t\t\t\t\t\t\t\t<section class=\"elementor-section elementor-top-section elementor-element elementor-element-20bbcd3b elementor-section-boxed elementor-section-height-default elementor-section-height-default\" data-id=\"20bbcd3b\" data-element_type=\"section\">\n\t\t\t\t\t\t<div class=\"elementor-container elementor-column-gap-default\">\n\t\t\t\t\t<div class=\"elementor-column elementor-col-100 elementor-top-column elementor-element elementor-element-33be02ef\" data-id=\"33be02ef\" data-element_type=\"column\">\n\t\t\t<div class=\"elementor-widget-wrap elementor-element-populated\">\n\t\t\t\t\t\t\t\t<div class=\"elementor-element elementor-element-6c4a91f9 elementor-widget elementor-widget-text-editor\" data-id=\"6c4a91f9\" data-element_type=\"widget\" data-widget_type=\"text-editor.default\">\n\t\t\t\t<div class=\"elementor-widget-container\">\n\t\t\t<style>\/*! elementor - v3.10.1 - 17-01-2023 *\/\n.elementor-widget-text-editor.elementor-drop-cap-view-stacked .elementor-drop-cap{background-color:#818a91;color:#fff}.elementor-widget-text-editor.elementor-drop-cap-view-framed .elementor-drop-cap{color:#818a91;border:3px solid;background-color:transparent}.elementor-widget-text-editor:not(.elementor-drop-cap-view-default) .elementor-drop-cap{margin-top:8px}.elementor-widget-text-editor:not(.elementor-drop-cap-view-default) .elementor-drop-cap-letter{width:1em;height:1em}.elementor-widget-text-editor .elementor-drop-cap{float:left;text-align:center;line-height:1;font-size:50px}.elementor-widget-text-editor .elementor-drop-cap-letter{display:inline-block}<\/style>\t\t\t\t<p><strong>Pachuca, Hgo 3 de febrero 2023.- <\/strong>Como resultado de los convenios de colaboraci\u00f3n entre la Universidad Polit\u00e9cnica de Tulancingo (UPT) y la Universidad Escuela Colombiana de Carreras Industriales (ECCI), se lleva a cabo el \u201cSeminario Internacional: Liderazgo, Estrategias y Sostenibilidad\u201d, el cual permitir\u00e1 a los estudiantes colombianos obtener su t\u00edtulo universitario.<\/p><p>En este contexto, la UPT recibi\u00f3 a 21 estudiantes de los Programas Educativos de Ingenier\u00eda en Sistemas Computacionales, Ingenier\u00eda en Mec\u00e1nica Automotriz e Ingenier\u00eda Mecatr\u00f3nica, as\u00ed como al docente de ECCI, Julio Andr\u00e9s Salgado Reyes.<\/p><p>Es importante se\u00f1alar que este seminario se imparti\u00f3 en dos m\u00f3dulos, el primero en la Ciudad de Bogot\u00e1 y culminar\u00e1 en la instituci\u00f3n hidalguense, el cual ser\u00e1 complementado con visitas guiadas a empresas de la regi\u00f3n, as\u00ed como pr\u00e1cticas en laboratorios y visitas culturales.<\/p><p>Cabe destacar, que esta modalidad con la que cuenta la ECCI le permite acreditar a sus estudiantes como ingenieros.<\/p><p>El rector de la UPT, Oswaldo Del Villar Furiati, mencion\u00f3 que este programa permite fortalecer las \u00e1reas de oportunidad de los participantes, tanto en el \u00e1mbito personal como profesional, as\u00ed como la actualizaci\u00f3n de los conocimientos adquiridos durante su trayectoria educativa.<\/p><p>Con esto, se ampl\u00edan las destrezas, habilidades y capacidades de los estudiantes colombianos. Las competencias que se reforzar\u00e1n durante este seminario son: administraci\u00f3n de proyectos, inteligencia de negocios, sistemas inteligentes, transformaci\u00f3n digital, log\u00edstica, bioenerg\u00eda y sustentabilidad.<\/p><p>El directivo agradeci\u00f3 el acercamiento constante entre ambas universidades, as\u00ed como la confianza para coadyuvar a la formaci\u00f3n de j\u00f3venes profesionistas.<\/p><p>De igual manera, reconoci\u00f3 el trabajo educativo que realizar\u00e1n las y los docentes en esta ocasi\u00f3n: Luc\u00eda Lazcano Guti\u00e9rrez, C\u00e9sar Joel Camacho Bello, Alma Delia L\u00f3pez Hern\u00e1ndez, Jos\u00e9 Humberto Arroyo N\u00fa\u00f1ez, Luis Roberto Morales Manilla, Salvador Vargas \u00c1vila, Marco Antonio Escamilla Vital, Jos\u00e9 Manuel Hern\u00e1ndez Reyes, Javier Licona Palacios, Edgar Le\u00f3n Olivares, Luis Ortega Vergara, Julieta Ortega Vergara, Felipe Coyotl Mixcoatl, Rafael Stanley N\u00fa\u00f1ez Cruz, Clementina Rueda Germ\u00e1n, Uriel Edgardo Escobar Franco y Carlos Enr\u00edquez Ram\u00edrez, quienes comparten con sus estudiantes conocimientos y experiencias acad\u00e9micas.<\/p>\t\t\t\t\t\t<\/div>\n\t\t\t\t<\/div>\n\t\t\t\t\t<\/div>\n\t\t<\/div>\n\t\t\t\t\t\t\t<\/div>\n\t\t<\/section>\n\t\t\t\t\t\t\t<\/div>\n\t\t","protected":false},"excerpt":{"rendered":"<p>Pachuca, Hgo 3 de febrero 2023.- Como resultado de los convenios de colaboraci\u00f3n entre la Universidad Polit\u00e9cnica de Tulancingo (UPT) y la Universidad Escuela Colombiana de Carreras Industriales (ECCI), se lleva a cabo el \u201cSeminario Internacional: Liderazgo, Estrategias y Sostenibilidad\u201d, el cual permitir\u00e1 a los estudiantes colombianos obtener su t\u00edtulo universitario. En este contexto, la [&hellip;]<\/p>\n","protected":false},"author":1,"featured_media":2143,"comment_status":"closed","ping_status":"closed","sticky":false,"template":"","format":"standard","meta":[],"categories":[4],"tags":[],"_links":{"self":[{"href":"https:\/\/www.septinoticias.com.mx\/index.php?rest_route=\/wp\/v2\/posts\/2141"}],"collection":[{"href":"https:\/\/www.septinoticias.com.mx\/index.php?rest_route=\/wp\/v2\/posts"}],"about":[{"href":"https:\/\/www.septinoticias.com.mx\/index.php?rest_route=\/wp\/v2\/types\/post"}],"author":[{"embeddable":true,"href":"https:\/\/www.septinoticias.com.mx\/index.php?rest_route=\/wp\/v2\/users\/1"}],"replies":[{"embeddable":true,"href":"https:\/\/www.septinoticias.com.mx\/index.php?rest_route=%2Fwp%2Fv2%2Fcomments&post=2141"}],"version-history":[{"count":4,"href":"https:\/\/www.septinoticias.com.mx\/index.php?rest_route=\/wp\/v2\/posts\/2141\/revisions"}],"predecessor-version":[{"id":2146,"href":"https:\/\/www.septinoticias.com.mx\/index.php?rest_route=\/wp\/v2\/posts\/2141\/revisions\/2146"}],"wp:featuredmedia":[{"embeddable":true,"href":"https:\/\/www.septinoticias.com.mx\/index.php?rest_route=\/wp\/v2\/media\/2143"}],"wp:attachment":[{"href":"https:\/\/www.septinoticias.com.mx\/index.php?rest_route=%2Fwp%2Fv2%2Fmedia&parent=2141"}],"wp:term":[{"taxonomy":"category","embeddable":true,"href":"https:\/\/www.septinoticias.com.mx\/index.php?rest_route=%2Fwp%2Fv2%2Fcategories&post=2141"},{"taxonomy":"post_tag","embeddable":true,"href":"https:\/\/www.septinoticias.com.mx\/index.php?rest_route=%2Fwp%2Fv2%2Ftags&post=2141"}],"curies":[{"name":"wp","href":"https:\/\/api.w.org\/{rel}","templated":true}]}}