{"id":2135,"date":"2023-02-03T18:14:41","date_gmt":"2023-02-03T18:14:41","guid":{"rendered":"https:\/\/www.septinoticias.com.mx\/?p=2135"},"modified":"2023-02-04T18:16:14","modified_gmt":"2023-02-04T18:16:14","slug":"las-personas-en-primer-plano-para-brindarles-educacion-de-excelencia-humanista-igualitaria-libre-de-violencia-y-sustentada-en-valores-natividad-castrejon","status":"publish","type":"post","link":"https:\/\/www.septinoticias.com.mx\/?p=2135","title":{"rendered":"\u201cLas Personas en primer plano, para brindarles educaci\u00f3n de excelencia, humanista, igualitaria, libre de violencia y sustentada en valores\u201d: Natividad Castrejon"},"content":{"rendered":"\t\t<div data-elementor-type=\"wp-post\" data-elementor-id=\"2135\" class=\"elementor elementor-2135\">\n\t\t\t\t\t\t\t\t\t<section class=\"elementor-section elementor-top-section elementor-element elementor-element-20bbcd3b elementor-section-boxed elementor-section-height-default elementor-section-height-default\" data-id=\"20bbcd3b\" data-element_type=\"section\">\n\t\t\t\t\t\t<div class=\"elementor-container elementor-column-gap-default\">\n\t\t\t\t\t<div class=\"elementor-column elementor-col-100 elementor-top-column elementor-element elementor-element-33be02ef\" data-id=\"33be02ef\" data-element_type=\"column\">\n\t\t\t<div class=\"elementor-widget-wrap elementor-element-populated\">\n\t\t\t\t\t\t\t\t<div class=\"elementor-element elementor-element-6c4a91f9 elementor-widget elementor-widget-text-editor\" data-id=\"6c4a91f9\" data-element_type=\"widget\" data-widget_type=\"text-editor.default\">\n\t\t\t\t<div class=\"elementor-widget-container\">\n\t\t\t<style>\/*! elementor - v3.10.1 - 17-01-2023 *\/\n.elementor-widget-text-editor.elementor-drop-cap-view-stacked .elementor-drop-cap{background-color:#818a91;color:#fff}.elementor-widget-text-editor.elementor-drop-cap-view-framed .elementor-drop-cap{color:#818a91;border:3px solid;background-color:transparent}.elementor-widget-text-editor:not(.elementor-drop-cap-view-default) .elementor-drop-cap{margin-top:8px}.elementor-widget-text-editor:not(.elementor-drop-cap-view-default) .elementor-drop-cap-letter{width:1em;height:1em}.elementor-widget-text-editor .elementor-drop-cap{float:left;text-align:center;line-height:1;font-size:50px}.elementor-widget-text-editor .elementor-drop-cap-letter{display:inline-block}<\/style>\t\t\t\t<p><strong>*Secretario de Educaci\u00f3n P\u00fablica de Hidalgo se reuni\u00f3 con Escuelas Particulares Incorporadas en EMS<\/strong><\/p><p><strong>Pachuca, Hgo., viernes 3 de febrero de 2023.-<\/strong>\u201cEs responsabilidad de quienes dedicamos nuestra vida a la educaci\u00f3n, comprender el momento de profunda transformaci\u00f3n que vive nuestro pa\u00eds, para encausar asertivamente nuestro quehacer diario hacia el cumplimiento del mandato del pueblo, poniendo en primer plano a las personas, con el objetivo de brindarles una educaci\u00f3n de excelencia, humanista, igualitaria, libre de violencia y sustentada en valores\u201d, as\u00ed lo mencion\u00f3 el secretario de Educaci\u00f3n P\u00fablica de Hidalgo, Natividad Castrej\u00f3n Valdez, al reunirse con rectores y directores de 48 Escuelas Particulares Incorporadas en Educaci\u00f3n Media Superior (EMS).<\/p><p>El secretario Natividad Castrej\u00f3n indic\u00f3 que, con acciones transformadoras se materializar\u00e1 el Espacio Com\u00fan de la Educaci\u00f3n Media Superior, para ello se revisar\u00e1, actualizar\u00e1 y adecuar\u00e1 la normatividad en materia educativa vigente en la entidad, as\u00ed como las pol\u00edticas, acuerdos y lineamientos cuyo an\u00e1lisis deban someterse a las facultades de la Comisi\u00f3n Estatal para la Planeaci\u00f3n y la Programaci\u00f3n de la Educaci\u00f3n Media Superior (CEPPEMS).<\/p><p>El titular de la SEPH invit\u00f3 a seguir trabajando conjuntamente, las instituciones p\u00fablicas, privadas, aut\u00f3nomas, estatales y federales que imparten Educaci\u00f3n Media Superior en Hidalgo, ya que, en unidad, se lograr\u00e1 crear condiciones en beneficio de las y los j\u00f3venes estudiantes.<\/p><p>Dicha reuni\u00f3n de trabajo tuvo como finalidad establecer un espacio de comunicaci\u00f3n entre la autoridad educativa estatal y los representantes de instituciones particulares incorporadas a la SEPH, en el que puedan darse a conocer los principios rectores del proyecto que encabeza el gobernador del estado Julio Menchaca Salazar.<\/p><p>En el evento estuvo presente el subsecretario de Educaci\u00f3n Media Superior y Superior, Daniel Fragoso Torres; el presidente del Consejo Coordinador Empresarial de Hidalgo, Gerardo Alejandro S\u00e1nchez Ram\u00edrez; el representante de la Federaci\u00f3n de Escuelas Particulares de Ense\u00f1anza Media Superior en el Estado, Juan Carlos Mu\u00f1oz Vizzuett; el director General de Educaci\u00f3n Media Superior, Ram\u00f3n Castillo Gonz\u00e1lez; la directora General de Vinculaci\u00f3n y Fortalecimiento Institucional, Patricia Plasencia Soto, entre otras personas.<\/p>\t\t\t\t\t\t<\/div>\n\t\t\t\t<\/div>\n\t\t\t\t\t<\/div>\n\t\t<\/div>\n\t\t\t\t\t\t\t<\/div>\n\t\t<\/section>\n\t\t\t\t\t\t\t<\/div>\n\t\t","protected":false},"excerpt":{"rendered":"<p>*Secretario de Educaci\u00f3n P\u00fablica de Hidalgo se reuni\u00f3 con Escuelas Particulares Incorporadas en EMS Pachuca, Hgo., viernes 3 de febrero de 2023.-\u201cEs responsabilidad de quienes dedicamos nuestra vida a la educaci\u00f3n, comprender el momento de profunda transformaci\u00f3n que vive nuestro pa\u00eds, para encausar asertivamente nuestro quehacer diario hacia el cumplimiento del mandato del pueblo, poniendo [&hellip;]<\/p>\n","protected":false},"author":1,"featured_media":2137,"comment_status":"closed","ping_status":"closed","sticky":false,"template":"","format":"standard","meta":[],"categories":[4],"tags":[],"_links":{"self":[{"href":"https:\/\/www.septinoticias.com.mx\/index.php?rest_route=\/wp\/v2\/posts\/2135"}],"collection":[{"href":"https:\/\/www.septinoticias.com.mx\/index.php?rest_route=\/wp\/v2\/posts"}],"about":[{"href":"https:\/\/www.septinoticias.com.mx\/index.php?rest_route=\/wp\/v2\/types\/post"}],"author":[{"embeddable":true,"href":"https:\/\/www.septinoticias.com.mx\/index.php?rest_route=\/wp\/v2\/users\/1"}],"replies":[{"embeddable":true,"href":"https:\/\/www.septinoticias.com.mx\/index.php?rest_route=%2Fwp%2Fv2%2Fcomments&post=2135"}],"version-history":[{"count":4,"href":"https:\/\/www.septinoticias.com.mx\/index.php?rest_route=\/wp\/v2\/posts\/2135\/revisions"}],"predecessor-version":[{"id":2140,"href":"https:\/\/www.septinoticias.com.mx\/index.php?rest_route=\/wp\/v2\/posts\/2135\/revisions\/2140"}],"wp:featuredmedia":[{"embeddable":true,"href":"https:\/\/www.septinoticias.com.mx\/index.php?rest_route=\/wp\/v2\/media\/2137"}],"wp:attachment":[{"href":"https:\/\/www.septinoticias.com.mx\/index.php?rest_route=%2Fwp%2Fv2%2Fmedia&parent=2135"}],"wp:term":[{"taxonomy":"category","embeddable":true,"href":"https:\/\/www.septinoticias.com.mx\/index.php?rest_route=%2Fwp%2Fv2%2Fcategories&post=2135"},{"taxonomy":"post_tag","embeddable":true,"href":"https:\/\/www.septinoticias.com.mx\/index.php?rest_route=%2Fwp%2Fv2%2Ftags&post=2135"}],"curies":[{"name":"wp","href":"https:\/\/api.w.org\/{rel}","templated":true}]}}