{"id":2129,"date":"2023-02-03T18:12:11","date_gmt":"2023-02-03T18:12:11","guid":{"rendered":"https:\/\/www.septinoticias.com.mx\/?p=2129"},"modified":"2023-02-04T18:14:20","modified_gmt":"2023-02-04T18:14:20","slug":"colaboracion-academica-cientifica-de-vinculacion-y-cultural-entre-colegio-del-estado-de-hidalgo-y-la-asociacion-de-abogados-de-latinoamerica","status":"publish","type":"post","link":"https:\/\/www.septinoticias.com.mx\/?p=2129","title":{"rendered":"Colaboraci\u00f3n Acad\u00e9mica, Cient\u00edfica, de Vinculaci\u00f3n y Cultural Entre Colegio del Estado de Hidalgo y la Asociaci\u00f3n de Abogados de Latinoam\u00e9rica"},"content":{"rendered":"\t\t<div data-elementor-type=\"wp-post\" data-elementor-id=\"2129\" class=\"elementor elementor-2129\">\n\t\t\t\t\t\t\t\t\t<section class=\"elementor-section elementor-top-section elementor-element elementor-element-20bbcd3b elementor-section-boxed elementor-section-height-default elementor-section-height-default\" data-id=\"20bbcd3b\" data-element_type=\"section\">\n\t\t\t\t\t\t<div class=\"elementor-container elementor-column-gap-default\">\n\t\t\t\t\t<div class=\"elementor-column elementor-col-100 elementor-top-column elementor-element elementor-element-33be02ef\" data-id=\"33be02ef\" data-element_type=\"column\">\n\t\t\t<div class=\"elementor-widget-wrap elementor-element-populated\">\n\t\t\t\t\t\t\t\t<div class=\"elementor-element elementor-element-6c4a91f9 elementor-widget elementor-widget-text-editor\" data-id=\"6c4a91f9\" data-element_type=\"widget\" data-widget_type=\"text-editor.default\">\n\t\t\t\t<div class=\"elementor-widget-container\">\n\t\t\t<style>\/*! elementor - v3.10.1 - 17-01-2023 *\/\n.elementor-widget-text-editor.elementor-drop-cap-view-stacked .elementor-drop-cap{background-color:#818a91;color:#fff}.elementor-widget-text-editor.elementor-drop-cap-view-framed .elementor-drop-cap{color:#818a91;border:3px solid;background-color:transparent}.elementor-widget-text-editor:not(.elementor-drop-cap-view-default) .elementor-drop-cap{margin-top:8px}.elementor-widget-text-editor:not(.elementor-drop-cap-view-default) .elementor-drop-cap-letter{width:1em;height:1em}.elementor-widget-text-editor .elementor-drop-cap{float:left;text-align:center;line-height:1;font-size:50px}.elementor-widget-text-editor .elementor-drop-cap-letter{display:inline-block}<\/style>\t\t\t\t<p><strong>San Agust\u00edn Tlaxiaca, Hgo. 3 de febrero de 2023.-<\/strong>El Colegio del Estado de Hidalgo (CEH) firm\u00f3 un convenio de colaboraci\u00f3n con la Asociaci\u00f3n de Abogados de Latinoam\u00e9rica, con el objetivo realizar acciones conjuntas para el enriquecimiento de las funciones que desempe\u00f1an.<\/p><p>A partir de la firma de este convenio se implementar\u00e1n diversas acciones entre ambas organizaciones, entre las que destacan: 1) fomentar el intercambio de personal acad\u00e9mico con fines de investigaci\u00f3n docencia, asesor\u00eda y apoyo, a trav\u00e9s de estancias, seminarios, cursos, talleres, entre otros. 2) Desarrollo de programas y proyectos de investigaci\u00f3n y vinculaci\u00f3n con impacto social a nivel local, regional y\/o estatal.<\/p><p>Pablo Vargas, director general del Colegio del Estado de Hidalgo, expres\u00f3 que a trav\u00e9s de la firma de este convenio se beneficiar\u00e1 a los integrantes de la Asociaci\u00f3n Latinoamericana de Abogados en v\u00ednculo acad\u00e9mico, al establecer lazos de formaci\u00f3n y capacitaci\u00f3n constante.\u00a0<\/p><p>Con la firma de este nuevo convenio el CEH reafirma sus lazos de cooperaci\u00f3n acad\u00e9mica.<\/p>\t\t\t\t\t\t<\/div>\n\t\t\t\t<\/div>\n\t\t\t\t\t<\/div>\n\t\t<\/div>\n\t\t\t\t\t\t\t<\/div>\n\t\t<\/section>\n\t\t\t\t\t\t\t<\/div>\n\t\t","protected":false},"excerpt":{"rendered":"<p>San Agust\u00edn Tlaxiaca, Hgo. 3 de febrero de 2023.-El Colegio del Estado de Hidalgo (CEH) firm\u00f3 un convenio de colaboraci\u00f3n con la Asociaci\u00f3n de Abogados de Latinoam\u00e9rica, con el objetivo realizar acciones conjuntas para el enriquecimiento de las funciones que desempe\u00f1an. A partir de la firma de este convenio se implementar\u00e1n diversas acciones entre ambas [&hellip;]<\/p>\n","protected":false},"author":1,"featured_media":2131,"comment_status":"closed","ping_status":"closed","sticky":false,"template":"","format":"standard","meta":[],"categories":[4],"tags":[],"_links":{"self":[{"href":"https:\/\/www.septinoticias.com.mx\/index.php?rest_route=\/wp\/v2\/posts\/2129"}],"collection":[{"href":"https:\/\/www.septinoticias.com.mx\/index.php?rest_route=\/wp\/v2\/posts"}],"about":[{"href":"https:\/\/www.septinoticias.com.mx\/index.php?rest_route=\/wp\/v2\/types\/post"}],"author":[{"embeddable":true,"href":"https:\/\/www.septinoticias.com.mx\/index.php?rest_route=\/wp\/v2\/users\/1"}],"replies":[{"embeddable":true,"href":"https:\/\/www.septinoticias.com.mx\/index.php?rest_route=%2Fwp%2Fv2%2Fcomments&post=2129"}],"version-history":[{"count":4,"href":"https:\/\/www.septinoticias.com.mx\/index.php?rest_route=\/wp\/v2\/posts\/2129\/revisions"}],"predecessor-version":[{"id":2134,"href":"https:\/\/www.septinoticias.com.mx\/index.php?rest_route=\/wp\/v2\/posts\/2129\/revisions\/2134"}],"wp:featuredmedia":[{"embeddable":true,"href":"https:\/\/www.septinoticias.com.mx\/index.php?rest_route=\/wp\/v2\/media\/2131"}],"wp:attachment":[{"href":"https:\/\/www.septinoticias.com.mx\/index.php?rest_route=%2Fwp%2Fv2%2Fmedia&parent=2129"}],"wp:term":[{"taxonomy":"category","embeddable":true,"href":"https:\/\/www.septinoticias.com.mx\/index.php?rest_route=%2Fwp%2Fv2%2Fcategories&post=2129"},{"taxonomy":"post_tag","embeddable":true,"href":"https:\/\/www.septinoticias.com.mx\/index.php?rest_route=%2Fwp%2Fv2%2Ftags&post=2129"}],"curies":[{"name":"wp","href":"https:\/\/api.w.org\/{rel}","templated":true}]}}