{"id":2117,"date":"2023-02-03T18:09:49","date_gmt":"2023-02-03T18:09:49","guid":{"rendered":"https:\/\/www.septinoticias.com.mx\/?p=2117"},"modified":"2023-02-04T18:10:42","modified_gmt":"2023-02-04T18:10:42","slug":"exhorta-secretaria-de-salud-a-reforzar-medidas-contra-covid-19","status":"publish","type":"post","link":"https:\/\/www.septinoticias.com.mx\/?p=2117","title":{"rendered":"Exhorta Secretar\u00eda de Salud a Reforzar Medidas Contra Covid-19"},"content":{"rendered":"\t\t<div data-elementor-type=\"wp-post\" data-elementor-id=\"2117\" class=\"elementor elementor-2117\">\n\t\t\t\t\t\t\t\t\t<section class=\"elementor-section elementor-top-section elementor-element elementor-element-20bbcd3b elementor-section-boxed elementor-section-height-default elementor-section-height-default\" data-id=\"20bbcd3b\" data-element_type=\"section\">\n\t\t\t\t\t\t<div class=\"elementor-container elementor-column-gap-default\">\n\t\t\t\t\t<div class=\"elementor-column elementor-col-100 elementor-top-column elementor-element elementor-element-33be02ef\" data-id=\"33be02ef\" data-element_type=\"column\">\n\t\t\t<div class=\"elementor-widget-wrap elementor-element-populated\">\n\t\t\t\t\t\t\t\t<div class=\"elementor-element elementor-element-6c4a91f9 elementor-widget elementor-widget-text-editor\" data-id=\"6c4a91f9\" data-element_type=\"widget\" data-widget_type=\"text-editor.default\">\n\t\t\t\t<div class=\"elementor-widget-container\">\n\t\t\t<style>\/*! elementor - v3.10.1 - 17-01-2023 *\/\n.elementor-widget-text-editor.elementor-drop-cap-view-stacked .elementor-drop-cap{background-color:#818a91;color:#fff}.elementor-widget-text-editor.elementor-drop-cap-view-framed .elementor-drop-cap{color:#818a91;border:3px solid;background-color:transparent}.elementor-widget-text-editor:not(.elementor-drop-cap-view-default) .elementor-drop-cap{margin-top:8px}.elementor-widget-text-editor:not(.elementor-drop-cap-view-default) .elementor-drop-cap-letter{width:1em;height:1em}.elementor-widget-text-editor .elementor-drop-cap{float:left;text-align:center;line-height:1;font-size:50px}.elementor-widget-text-editor .elementor-drop-cap-letter{display:inline-block}<\/style>\t\t\t\t<p><strong>Pachuca, Hgo. 3 febrero del 2023.-<\/strong>Despu\u00e9s de la publicaci\u00f3n en el Peri\u00f3dico Oficial del Estado de Hidalgo sobre medidas sanitarias para la atenci\u00f3n del incremento en el n\u00famero de casos de Covid-19, esto como consecuencia de la temporada invernal que culmina en el mes de marzo, la Secretar\u00eda de Salud Hidalgo (SSH) se\u00f1ala que si bien, la tendencia se mantiene al alza, la circular s\u00f3lo emite algunas recomendaciones a considerar derivado del incremento que no representa motivo de alarma, ya que las cifras se mantienen seg\u00fan lo estimado.<\/p><p>Sin embargo, se reitera que las medidas como uso de cubre bocas y aforos en espacios cerrados son recomendables, pero opcionales.<\/p><p>Actualmente, no existen condiciones que se\u00f1alen un panorama como el vivido al inicio de la pandemia, por lo que no se consideran medidas extremas ni restrictivas.<\/p><p>De acuerdo al acumulado de casos por Covid-19, en Hidalgo suman desde el inicio de la pandemia a la fecha 122 mil 306 contagios y 8 mil 208 defunciones.<\/p><p>Seg\u00fan los datos de la semana epidemiol\u00f3gica n\u00famero 04, se han registrado 642 casos activos en los \u00faltimos 14 d\u00edas.<\/p><p>Es importante que la poblaci\u00f3n recuerde que las medidas preventivas son:<\/p><ul><li>Lavado de manos frecuente<\/li><li>Uso de gel antibacterial<\/li><li>Estornudo de etiqueta<\/li><li>Uso recomendado de cubrebocas<\/li><li>Mantener la sana distancia<\/li><li>Contar con vacuna anticovid<\/li><\/ul>\t\t\t\t\t\t<\/div>\n\t\t\t\t<\/div>\n\t\t\t\t\t<\/div>\n\t\t<\/div>\n\t\t\t\t\t\t\t<\/div>\n\t\t<\/section>\n\t\t\t\t\t\t\t<\/div>\n\t\t","protected":false},"excerpt":{"rendered":"<p>Pachuca, Hgo. 3 febrero del 2023.-Despu\u00e9s de la publicaci\u00f3n en el Peri\u00f3dico Oficial del Estado de Hidalgo sobre medidas sanitarias para la atenci\u00f3n del incremento en el n\u00famero de casos de Covid-19, esto como consecuencia de la temporada invernal que culmina en el mes de marzo, la Secretar\u00eda de Salud Hidalgo (SSH) se\u00f1ala que si [&hellip;]<\/p>\n","protected":false},"author":1,"featured_media":2119,"comment_status":"closed","ping_status":"closed","sticky":false,"template":"","format":"standard","meta":[],"categories":[3],"tags":[],"_links":{"self":[{"href":"https:\/\/www.septinoticias.com.mx\/index.php?rest_route=\/wp\/v2\/posts\/2117"}],"collection":[{"href":"https:\/\/www.septinoticias.com.mx\/index.php?rest_route=\/wp\/v2\/posts"}],"about":[{"href":"https:\/\/www.septinoticias.com.mx\/index.php?rest_route=\/wp\/v2\/types\/post"}],"author":[{"embeddable":true,"href":"https:\/\/www.septinoticias.com.mx\/index.php?rest_route=\/wp\/v2\/users\/1"}],"replies":[{"embeddable":true,"href":"https:\/\/www.septinoticias.com.mx\/index.php?rest_route=%2Fwp%2Fv2%2Fcomments&post=2117"}],"version-history":[{"count":5,"href":"https:\/\/www.septinoticias.com.mx\/index.php?rest_route=\/wp\/v2\/posts\/2117\/revisions"}],"predecessor-version":[{"id":2465,"href":"https:\/\/www.septinoticias.com.mx\/index.php?rest_route=\/wp\/v2\/posts\/2117\/revisions\/2465"}],"wp:featuredmedia":[{"embeddable":true,"href":"https:\/\/www.septinoticias.com.mx\/index.php?rest_route=\/wp\/v2\/media\/2119"}],"wp:attachment":[{"href":"https:\/\/www.septinoticias.com.mx\/index.php?rest_route=%2Fwp%2Fv2%2Fmedia&parent=2117"}],"wp:term":[{"taxonomy":"category","embeddable":true,"href":"https:\/\/www.septinoticias.com.mx\/index.php?rest_route=%2Fwp%2Fv2%2Fcategories&post=2117"},{"taxonomy":"post_tag","embeddable":true,"href":"https:\/\/www.septinoticias.com.mx\/index.php?rest_route=%2Fwp%2Fv2%2Ftags&post=2117"}],"curies":[{"name":"wp","href":"https:\/\/api.w.org\/{rel}","templated":true}]}}