{"id":2050,"date":"2023-02-02T17:37:10","date_gmt":"2023-02-02T17:37:10","guid":{"rendered":"https:\/\/www.septinoticias.com.mx\/?p=2050"},"modified":"2023-02-03T17:38:21","modified_gmt":"2023-02-03T17:38:21","slug":"primera-jornada-medica-por-parte-del-programa-salud-a-tu-alcance-en-tulancingo","status":"publish","type":"post","link":"https:\/\/www.septinoticias.com.mx\/?p=2050","title":{"rendered":"Primera Jornada M\u00e9dica Por Parte del Programa Salud a Tu Alcance, en Tulancingo"},"content":{"rendered":"\t\t<div data-elementor-type=\"wp-post\" data-elementor-id=\"2050\" class=\"elementor elementor-2050\">\n\t\t\t\t\t\t\t\t\t<section class=\"elementor-section elementor-top-section elementor-element elementor-element-20bbcd3b elementor-section-boxed elementor-section-height-default elementor-section-height-default\" data-id=\"20bbcd3b\" data-element_type=\"section\">\n\t\t\t\t\t\t<div class=\"elementor-container elementor-column-gap-default\">\n\t\t\t\t\t<div class=\"elementor-column elementor-col-100 elementor-top-column elementor-element elementor-element-33be02ef\" data-id=\"33be02ef\" data-element_type=\"column\">\n\t\t\t<div class=\"elementor-widget-wrap elementor-element-populated\">\n\t\t\t\t\t\t\t\t<div class=\"elementor-element elementor-element-6c4a91f9 elementor-widget elementor-widget-text-editor\" data-id=\"6c4a91f9\" data-element_type=\"widget\" data-widget_type=\"text-editor.default\">\n\t\t\t\t<div class=\"elementor-widget-container\">\n\t\t\t<style>\/*! elementor - v3.10.1 - 17-01-2023 *\/\n.elementor-widget-text-editor.elementor-drop-cap-view-stacked .elementor-drop-cap{background-color:#818a91;color:#fff}.elementor-widget-text-editor.elementor-drop-cap-view-framed .elementor-drop-cap{color:#818a91;border:3px solid;background-color:transparent}.elementor-widget-text-editor:not(.elementor-drop-cap-view-default) .elementor-drop-cap{margin-top:8px}.elementor-widget-text-editor:not(.elementor-drop-cap-view-default) .elementor-drop-cap-letter{width:1em;height:1em}.elementor-widget-text-editor .elementor-drop-cap{float:left;text-align:center;line-height:1;font-size:50px}.elementor-widget-text-editor .elementor-drop-cap-letter{display:inline-block}<\/style>\t\t\t\t<p><strong>*El 7 de Febrero Se Dar\u00e1 Apertura a La Primera Jornada M\u00e9dica Por Parte del Programa Salud a Tu Alcance<\/strong><\/p><p><strong>*La sede ser\u00e1 la casa de Salud de Viveros de la Loma.<\/strong><\/p><p><strong>Tulancingo, Hgo., 2 de febrero de 2023.-<\/strong>Con la oferta de cuatro servicios (consulta m\u00e9dica, atenci\u00f3n psicol\u00f3gica, valoraci\u00f3n nutricional y salud visual), el pr\u00f3ximo 7 de febrero se llevar\u00e1 a cabo en la casa de salud de Viveros de la Loma, la primera Jornada M\u00e9dica del programa \u201cSalud a Tu Alcance\u201d y la apertura de estos trabajos contar\u00e1 con la presencia de autoridades municipales y del sector salud.<\/p><p>Se eligi\u00f3 a Viveros de la Loma debido a que el programa ya ha tenido cobertura en espacios circundantes, pero se ten\u00eda pendiente esa demarcaci\u00f3n, la cual, por su orograf\u00eda, dificulta el acceso a los servicios de salud.<\/p><p>La jornada comenzar\u00e1 desde las 10:00 horas, pero la distribuci\u00f3n de fichas de turno ser\u00e1 de manera previa. Se han proyectado como metas: realizar 50 consultas oftalmol\u00f3gicas, as\u00ed como 80 valoraciones nutricionales adem\u00e1s de consultas de medicina general y atenci\u00f3n psicol\u00f3gica a quien as\u00ed lo requiera.<\/p><p>Conforme el plan operativo anual del programa Salud a Tu Alcance se proyecta acudir a una buena parte del territorio municipal y habr\u00e1 el seguimiento en cada zona, con un reforzamiento a los 15 d\u00edas posteriores de la jornada.<\/p><p>Pueden acceder a esta jornada, todas las personas que carezcan de seguridad social y pertenezcan al municipio, sin importar la edad.<\/p><p>El programa Salud a Tu Alcance puso a disposici\u00f3n el tel\u00e9fono 7751867269, para llevar estas jornadas m\u00e9dicas hasta las colonias que as\u00ed lo necesiten; Bastar\u00e1 formalizar la petici\u00f3n y contar con un espacio propicio para el desarrollo de la actividad.<\/p><p>Igualmente, para conocer de otras acciones de Salud a Tu Alcance, la atenci\u00f3n presencial a la ciudadan\u00eda, se proporciona en planta baja de presidencia municipal y tambi\u00e9n en la p\u00e1gina de Facebook Salud a Tu Alcance Tulancingo.<\/p><p>Alternamente a estas jornadas, el programa Salud a tu Alcance sigue con la realizaci\u00f3n de consulta m\u00e9dica dentro de domicilios de pacientes postrados o en abandono social, e igualmente b\u00fasqueda intencionada de mujeres embarazadas sin control prenatal.<\/p>\t\t\t\t\t\t<\/div>\n\t\t\t\t<\/div>\n\t\t\t\t\t<\/div>\n\t\t<\/div>\n\t\t\t\t\t\t\t<\/div>\n\t\t<\/section>\n\t\t\t\t\t\t\t<\/div>\n\t\t","protected":false},"excerpt":{"rendered":"<p>*El 7 de Febrero Se Dar\u00e1 Apertura a La Primera Jornada M\u00e9dica Por Parte del Programa Salud a Tu Alcance *La sede ser\u00e1 la casa de Salud de Viveros de la Loma. Tulancingo, Hgo., 2 de febrero de 2023.-Con la oferta de cuatro servicios (consulta m\u00e9dica, atenci\u00f3n psicol\u00f3gica, valoraci\u00f3n nutricional y salud visual), el pr\u00f3ximo [&hellip;]<\/p>\n","protected":false},"author":1,"featured_media":2052,"comment_status":"closed","ping_status":"closed","sticky":false,"template":"","format":"standard","meta":[],"categories":[7],"tags":[],"_links":{"self":[{"href":"https:\/\/www.septinoticias.com.mx\/index.php?rest_route=\/wp\/v2\/posts\/2050"}],"collection":[{"href":"https:\/\/www.septinoticias.com.mx\/index.php?rest_route=\/wp\/v2\/posts"}],"about":[{"href":"https:\/\/www.septinoticias.com.mx\/index.php?rest_route=\/wp\/v2\/types\/post"}],"author":[{"embeddable":true,"href":"https:\/\/www.septinoticias.com.mx\/index.php?rest_route=\/wp\/v2\/users\/1"}],"replies":[{"embeddable":true,"href":"https:\/\/www.septinoticias.com.mx\/index.php?rest_route=%2Fwp%2Fv2%2Fcomments&post=2050"}],"version-history":[{"count":4,"href":"https:\/\/www.septinoticias.com.mx\/index.php?rest_route=\/wp\/v2\/posts\/2050\/revisions"}],"predecessor-version":[{"id":2055,"href":"https:\/\/www.septinoticias.com.mx\/index.php?rest_route=\/wp\/v2\/posts\/2050\/revisions\/2055"}],"wp:featuredmedia":[{"embeddable":true,"href":"https:\/\/www.septinoticias.com.mx\/index.php?rest_route=\/wp\/v2\/media\/2052"}],"wp:attachment":[{"href":"https:\/\/www.septinoticias.com.mx\/index.php?rest_route=%2Fwp%2Fv2%2Fmedia&parent=2050"}],"wp:term":[{"taxonomy":"category","embeddable":true,"href":"https:\/\/www.septinoticias.com.mx\/index.php?rest_route=%2Fwp%2Fv2%2Fcategories&post=2050"},{"taxonomy":"post_tag","embeddable":true,"href":"https:\/\/www.septinoticias.com.mx\/index.php?rest_route=%2Fwp%2Fv2%2Ftags&post=2050"}],"curies":[{"name":"wp","href":"https:\/\/api.w.org\/{rel}","templated":true}]}}